
{"id":1064,"date":"2022-10-18T18:47:25","date_gmt":"2022-10-18T18:47:25","guid":{"rendered":"https:\/\/pjcanindeyu.gov.py\/?p=1064"},"modified":"2023-05-23T13:49:31","modified_gmt":"2023-05-23T13:49:31","slug":"jornadas-de-implementacion-del-plan-piloto-sipoi-en-canindeyu","status":"publish","type":"post","link":"https:\/\/pjcanindeyu.gov.py\/?p=1064","title":{"rendered":"Jornadas de implementaci\u00f3n del plan piloto SIPOI en Canindey\u00fa"},"content":{"rendered":"\n<p>En el marco de la ejecuci\u00f3n del Plan Estrat\u00e9gico Institucional con palabras de apertura de la Ministra Superintendente de la Circunscripci\u00f3n Judicial de Canindey\u00fa, Dra. Mar\u00eda Carolina Llanes, se di\u00f3 inicio a las jornadas de implementaci\u00f3n del plan piloto del Sistema de Informaci\u00f3n de la Planificaci\u00f3n Operativa Institucional (SIPOI).<\/p>\n\n\n\n<div class=\"wp-block-columns is-layout-flex wp-container-core-columns-is-layout-9d6595d7 wp-block-columns-is-layout-flex\">\n<div class=\"wp-block-column galeria is-layout-flow wp-block-column-is-layout-flow\">\n<figure class=\"wp-block-image size-large rounded\"><a href=\"https:\/\/pjcanindeyu.gov.py\/wp-content\/uploads\/2023\/03\/0-1.jpg\"><img loading=\"lazy\" decoding=\"async\" width=\"1024\" height=\"709\" src=\"https:\/\/pjcanindeyu.gov.py\/wp-content\/uploads\/2023\/03\/0-1-1024x709.jpg\" alt=\"\" class=\"wp-image-1800\" srcset=\"https:\/\/pjcanindeyu.gov.py\/wp-content\/uploads\/2023\/03\/0-1-1024x709.jpg 1024w, https:\/\/pjcanindeyu.gov.py\/wp-content\/uploads\/2023\/03\/0-1-300x208.jpg 300w, https:\/\/pjcanindeyu.gov.py\/wp-content\/uploads\/2023\/03\/0-1-768x532.jpg 768w, https:\/\/pjcanindeyu.gov.py\/wp-content\/uploads\/2023\/03\/0-1-1536x1064.jpg 1536w, https:\/\/pjcanindeyu.gov.py\/wp-content\/uploads\/2023\/03\/0-1.jpg 1600w\" sizes=\"auto, (max-width: 1024px) 100vw, 1024px\" \/><\/a><\/figure>\n<\/div>\n<\/div>\n\n\n\n<div class=\"wp-block-columns galeria is-layout-flex wp-container-core-columns-is-layout-9d6595d7 wp-block-columns-is-layout-flex\">\n<div class=\"wp-block-column is-layout-flow wp-block-column-is-layout-flow\">\n<figure class=\"wp-block-image size-large rounded\"><a href=\"https:\/\/live.staticflickr.com\/65535\/52438002440_51b2d7a16b_o.jpg\"><img decoding=\"async\" src=\"https:\/\/live.staticflickr.com\/65535\/52438002440_51b2d7a16b_o.jpg\" alt=\"\"\/><\/a><\/figure>\n<\/div>\n\n\n\n<div class=\"wp-block-column is-layout-flow wp-block-column-is-layout-flow\">\n<figure class=\"wp-block-image size-large rounded\"><a href=\"https:\/\/live.staticflickr.com\/65535\/52438002395_9628257c87_o.jpg\"><img decoding=\"async\" src=\"https:\/\/live.staticflickr.com\/65535\/52438002395_9628257c87_o.jpg\" alt=\"\"\/><\/a><\/figure>\n<\/div>\n\n\n\n<div class=\"wp-block-column is-layout-flow wp-block-column-is-layout-flow\">\n<figure class=\"wp-block-image size-large rounded\"><a href=\"https:\/\/live.staticflickr.com\/65535\/52437822119_6dc1c17e3b_o.jpg\"><img decoding=\"async\" src=\"https:\/\/live.staticflickr.com\/65535\/52437822119_6dc1c17e3b_o.jpg\" alt=\"\"\/><\/a><\/figure>\n<\/div>\n\n\n\n<div class=\"wp-block-column is-layout-flow wp-block-column-is-layout-flow\">\n<figure class=\"wp-block-image size-large rounded\"><a href=\"https:\/\/live.staticflickr.com\/65535\/52437546086_1ce79a2c7a_o.jpg\"><img decoding=\"async\" src=\"https:\/\/live.staticflickr.com\/65535\/52437546086_1ce79a2c7a_o.jpg\" alt=\"\"\/><\/a><\/figure>\n<\/div>\n<\/div>\n\n\n\n<div class=\"wp-block-columns galeria is-layout-flex wp-container-core-columns-is-layout-9d6595d7 wp-block-columns-is-layout-flex\">\n<div class=\"wp-block-column galeria is-layout-flow wp-block-column-is-layout-flow\">\n<figure class=\"wp-block-image size-large rounded\"><a href=\"https:\/\/live.staticflickr.com\/65535\/52438002325_c75cdd1ee2_o.jpg\"><img decoding=\"async\" src=\"https:\/\/live.staticflickr.com\/65535\/52438002325_c75cdd1ee2_o.jpg\" alt=\"\"\/><\/a><\/figure>\n<\/div>\n\n\n\n<div class=\"wp-block-column is-layout-flow wp-block-column-is-layout-flow\">\n<figure class=\"wp-block-image size-large rounded\"><a href=\"https:\/\/live.staticflickr.com\/65535\/52438002310_2d2e24bab4_o.jpg\"><img decoding=\"async\" src=\"https:\/\/live.staticflickr.com\/65535\/52438002310_2d2e24bab4_o.jpg\" alt=\"\"\/><\/a><\/figure>\n<\/div>\n\n\n\n<div class=\"wp-block-column is-layout-flow wp-block-column-is-layout-flow\">\n<figure class=\"wp-block-image size-large rounded\"><a href=\"https:\/\/live.staticflickr.com\/65535\/52438002295_56d76aa42c_o.jpg\"><img decoding=\"async\" src=\"https:\/\/live.staticflickr.com\/65535\/52438002295_56d76aa42c_o.jpg\" alt=\"\"\/><\/a><\/figure>\n<\/div>\n\n\n\n<div class=\"wp-block-column galeria is-layout-flow wp-block-column-is-layout-flow\">\n<figure class=\"wp-block-image size-large\"><a href=\"https:\/\/live.staticflickr.com\/65535\/52437545986_ba98944da8_o.jpg\"><img decoding=\"async\" src=\"https:\/\/live.staticflickr.com\/65535\/52437545986_ba98944da8_o.jpg\" alt=\"\" title=\"rounded\"\/><\/a><\/figure>\n<\/div>\n<\/div>\n\n\n\n<p><br>La presentaci\u00f3n estuvo a cargo del Abg. Oscar Martinez, a cargo de la Direcci\u00f3n General de Planificaci\u00f3n y Desarrollo de la Corte Suprema de Justicia. El acto cont\u00f3 con la participaci\u00f3n del Presidente del Consejo de Administraci\u00f3n, Abg. Gustavo Br\u00edtez, el Vicepresidente Primero, Abg. Carlos Dominguez, Magistrados y funcionarios de la XV Circunscripci\u00f3n Judicial.<br>El objetivo del sistema es facilitar el seguimiento de la producci\u00f3n de los juzgados mediante tableros de control as\u00ed como la justificaci\u00f3n por desv\u00edos de metas, con la finalidad de mejorar el servicio de Justicia y optimizar los recursos administrativos del Poder Judicial.<br>La Jornada de implementaci\u00f3n se extender\u00e1 hasta el d\u00eda viernes 21 de octubre y esta a cargo de los t\u00e9cnicos de la Direcci\u00f3n de Planificaci\u00f3n quienes realizar\u00e1n la presentaci\u00f3n de las funcionalidades en cada unidad de responsabilidad de las Sedes Judiciales de Salto del Guair\u00e1, Katuete y Curuguaty.<\/p>\n\n\n\n<p><\/p>\n","protected":false},"excerpt":{"rendered":"<p>En el marco de la ejecuci\u00f3n del Plan Estrat\u00e9gico Institucional con palabras de apertura de la Ministra Superintendente de la Circunscripci\u00f3n Judicial de Canindey\u00fa, Dra. Mar\u00eda Carolina Llanes, se di\u00f3 inicio a las jornadas de implementaci\u00f3n del plan piloto del Sistema de Informaci\u00f3n de la Planificaci\u00f3n Operativa Institucional (SIPOI). La [&hellip;]<\/p>\n","protected":false},"author":1,"featured_media":1800,"comment_status":"open","ping_status":"closed","sticky":false,"template":"","format":"standard","meta":{"footnotes":""},"categories":[2],"tags":[],"class_list":["post-1064","post","type-post","status-publish","format-standard","has-post-thumbnail","hentry","category-notas"],"_links":{"self":[{"href":"https:\/\/pjcanindeyu.gov.py\/index.php?rest_route=\/wp\/v2\/posts\/1064","targetHints":{"allow":["GET"]}}],"collection":[{"href":"https:\/\/pjcanindeyu.gov.py\/index.php?rest_route=\/wp\/v2\/posts"}],"about":[{"href":"https:\/\/pjcanindeyu.gov.py\/index.php?rest_route=\/wp\/v2\/types\/post"}],"author":[{"embeddable":true,"href":"https:\/\/pjcanindeyu.gov.py\/index.php?rest_route=\/wp\/v2\/users\/1"}],"replies":[{"embeddable":true,"href":"https:\/\/pjcanindeyu.gov.py\/index.php?rest_route=%2Fwp%2Fv2%2Fcomments&post=1064"}],"version-history":[{"count":1,"href":"https:\/\/pjcanindeyu.gov.py\/index.php?rest_route=\/wp\/v2\/posts\/1064\/revisions"}],"predecessor-version":[{"id":2229,"href":"https:\/\/pjcanindeyu.gov.py\/index.php?rest_route=\/wp\/v2\/posts\/1064\/revisions\/2229"}],"wp:featuredmedia":[{"embeddable":true,"href":"https:\/\/pjcanindeyu.gov.py\/index.php?rest_route=\/wp\/v2\/media\/1800"}],"wp:attachment":[{"href":"https:\/\/pjcanindeyu.gov.py\/index.php?rest_route=%2Fwp%2Fv2%2Fmedia&parent=1064"}],"wp:term":[{"taxonomy":"category","embeddable":true,"href":"https:\/\/pjcanindeyu.gov.py\/index.php?rest_route=%2Fwp%2Fv2%2Fcategories&post=1064"},{"taxonomy":"post_tag","embeddable":true,"href":"https:\/\/pjcanindeyu.gov.py\/index.php?rest_route=%2Fwp%2Fv2%2Ftags&post=1064"}],"curies":[{"name":"wp","href":"https:\/\/api.w.org\/{rel}","templated":true}]}}