
{"id":111,"date":"2022-03-04T16:10:00","date_gmt":"2022-03-04T16:10:00","guid":{"rendered":"https:\/\/pjcanindeyu.gov.py\/?p=111"},"modified":"2023-05-22T16:23:38","modified_gmt":"2023-05-22T16:23:38","slug":"ministra-carolina-llanes-visito-futura-sede-judicial-de-canindeyu","status":"publish","type":"post","link":"https:\/\/pjcanindeyu.gov.py\/?p=111","title":{"rendered":"Ministra Carolina Llanes visit\u00f3 futura sede judicial de Canindey\u00fa"},"content":{"rendered":"\n<p>La ministra de la Corte Suprema de Justicia, doctora Carolina Llanes, en su car\u00e1cter de superintendente de la Circunscripci\u00f3n Judicial de Canindey\u00fa, realiz\u00f3 este viernes el d\u00eda de gobierno en la ciudad de Salto del Guair\u00e1. Durante su intervenci\u00f3n se inspeccionaron los avances en la construcci\u00f3n del futuro Palacio de Justicia de la mencionada localidad, adem\u00e1s de reuniones con autoridades y juramento de nuevos actuarios judiciales.&nbsp; <\/p>\n\n\n\n<div class=\"wp-block-columns is-layout-flex wp-container-core-columns-is-layout-9d6595d7 wp-block-columns-is-layout-flex\">\n<div class=\"wp-block-column galeria is-layout-flow wp-block-column-is-layout-flow\" style=\"flex-basis:100%\">\n<figure class=\"wp-block-gallery has-nested-images columns-default is-cropped galeria wp-block-gallery-1 is-layout-flex wp-block-gallery-is-layout-flex\">\n<figure class=\"wp-block-image size-full rounded\"><a href=\"https:\/\/pjcanindeyu.gov.py\/wp-content\/uploads\/2023\/05\/reunion.jpg\"><img loading=\"lazy\" decoding=\"async\" width=\"960\" height=\"671\" data-id=\"2208\" src=\"https:\/\/pjcanindeyu.gov.py\/wp-content\/uploads\/2023\/05\/reunion.jpg\" alt=\"\" class=\"wp-image-2208\" srcset=\"https:\/\/pjcanindeyu.gov.py\/wp-content\/uploads\/2023\/05\/reunion.jpg 960w, https:\/\/pjcanindeyu.gov.py\/wp-content\/uploads\/2023\/05\/reunion-300x210.jpg 300w, https:\/\/pjcanindeyu.gov.py\/wp-content\/uploads\/2023\/05\/reunion-768x537.jpg 768w\" sizes=\"auto, (max-width: 960px) 100vw, 960px\" \/><\/a><\/figure>\n<\/figure>\n<\/div>\n<\/div>\n\n\n\n<div class=\"wp-block-columns galeria is-layout-flex wp-container-core-columns-is-layout-9d6595d7 wp-block-columns-is-layout-flex\">\n<div class=\"wp-block-column galeria is-layout-flow wp-block-column-is-layout-flow\">\n<figure class=\"wp-block-image size-large rounded\"><a href=\"https:\/\/live.staticflickr.com\/65535\/52388694463_fa7615108c_o.jpg\"><img decoding=\"async\" src=\"https:\/\/live.staticflickr.com\/65535\/52388694463_fa7615108c_o.jpg\" alt=\"\"\/><\/a><\/figure>\n<\/div>\n\n\n\n<div class=\"wp-block-column galeria is-layout-flow wp-block-column-is-layout-flow\">\n<figure class=\"wp-block-image size-large rounded\"><a href=\"https:\/\/live.staticflickr.com\/65535\/52388444336_af79d50a71_b.jpg\"><img decoding=\"async\" src=\"https:\/\/live.staticflickr.com\/65535\/52388444336_af79d50a71_b.jpg\" alt=\"\"\/><\/a><\/figure>\n<\/div>\n\n\n\n<div class=\"wp-block-column galeria is-layout-flow wp-block-column-is-layout-flow\">\n<figure class=\"wp-block-image size-large rounded\"><a href=\"https:\/\/live.staticflickr.com\/65535\/52388875710_2c111fd19d_o.jpg\"><img decoding=\"async\" src=\"https:\/\/live.staticflickr.com\/65535\/52388875710_2c111fd19d_o.jpg\" alt=\"\"\/><\/a><\/figure>\n<\/div>\n\n\n\n<div class=\"wp-block-column galeria is-layout-flow wp-block-column-is-layout-flow\">\n<figure class=\"wp-block-image size-large rounded\"><a href=\"https:\/\/live.staticflickr.com\/65535\/52388444311_f46ac57dca_o.jpg\"><img decoding=\"async\" src=\"https:\/\/live.staticflickr.com\/65535\/52388444311_f46ac57dca_o.jpg\" alt=\"\"\/><\/a><\/figure>\n<\/div>\n<\/div>\n\n\n\n<p>El d\u00eda de gobierno se inici\u00f3 con la inspecci\u00f3n de los trabajos realizados en la construcci\u00f3n de la futura sede judicial ubicada en la ciudad de Salto del Guair\u00e1. En su visita se verificaron los avances de infraestructura y log\u00edstica a fin de corroborar los avances de la edificaci\u00f3n del nuevo Palacio de Justicia que significar\u00e1 un acceso de justicia importante para la ciudadan\u00eda.&nbsp;<\/p>\n\n\n\n<p>Tambi\u00e9n realiz\u00f3 la inspecci\u00f3n a la futura oficina de la Direcci\u00f3n de los Registros P\u00fablicos en el Palacio de Justicia de la capital del departamento de Canindey\u00fa. En este sentido, la ministra Llanes afirm\u00f3 que los servicios que se habilitar\u00e1n permitir\u00e1n brindar un mejor servicio de justicia para profesionales que operan en esa zona del pa\u00eds.&nbsp;<\/p>\n\n\n\n<p>Por otra parte, tom\u00f3 juramento de rigor a nuevos actuarios judiciales de la Circunscripci\u00f3n Judicial de Canindey\u00fa y encabez\u00f3 reuniones con el Consejo de Administraci\u00f3n, magistrados y gremios de abogados de Salto del Guair\u00e1, tanto en la modalidad presencial como en la telem\u00e1tica.<\/p>\n\n\n\n<p>Solo durante el mes de junio del corriente se dictaron un total de 73.373 resoluciones, 32.136 corresponden a las conclusivas, 40.223 a las no conclusivas y 1.014 a las administrativas. As\u00ed el porcentaje de producci\u00f3n es del 109% superando el objetivo trazado.&nbsp;<\/p>\n\n\n\n<p>El aumento de la producci\u00f3n en las gestiones de los magistrados guarda directa relaci\u00f3n con la implementaci\u00f3n en despachos y secretar\u00edas a nivel pa\u00eds del Expediente Judicial Electr\u00f3nico que facilita la tramitaci\u00f3n de las causas.<\/p>\n\n\n\n<p>Es importante resaltar que los n\u00fameros reflejan la labor realizada por todos los magistrados y funcionarios del Poder Judicial en el prop\u00f3sito de brindar respuesta a los justiciables en las causas judiciales.<\/p>\n","protected":false},"excerpt":{"rendered":"<p>La ministra de la Corte Suprema de Justicia, doctora Carolina Llanes, en su car\u00e1cter de superintendente de la Circunscripci\u00f3n Judicial de Canindey\u00fa, realiz\u00f3 este viernes el d\u00eda de gobierno en la ciudad de Salto del Guair\u00e1. Durante su intervenci\u00f3n se inspeccionaron los avances en la construcci\u00f3n del futuro Palacio de [&hellip;]<\/p>\n","protected":false},"author":1,"featured_media":2208,"comment_status":"open","ping_status":"closed","sticky":false,"template":"","format":"standard","meta":{"footnotes":""},"categories":[2],"tags":[],"class_list":["post-111","post","type-post","status-publish","format-standard","has-post-thumbnail","hentry","category-notas"],"_links":{"self":[{"href":"https:\/\/pjcanindeyu.gov.py\/index.php?rest_route=\/wp\/v2\/posts\/111","targetHints":{"allow":["GET"]}}],"collection":[{"href":"https:\/\/pjcanindeyu.gov.py\/index.php?rest_route=\/wp\/v2\/posts"}],"about":[{"href":"https:\/\/pjcanindeyu.gov.py\/index.php?rest_route=\/wp\/v2\/types\/post"}],"author":[{"embeddable":true,"href":"https:\/\/pjcanindeyu.gov.py\/index.php?rest_route=\/wp\/v2\/users\/1"}],"replies":[{"embeddable":true,"href":"https:\/\/pjcanindeyu.gov.py\/index.php?rest_route=%2Fwp%2Fv2%2Fcomments&post=111"}],"version-history":[{"count":1,"href":"https:\/\/pjcanindeyu.gov.py\/index.php?rest_route=\/wp\/v2\/posts\/111\/revisions"}],"predecessor-version":[{"id":2209,"href":"https:\/\/pjcanindeyu.gov.py\/index.php?rest_route=\/wp\/v2\/posts\/111\/revisions\/2209"}],"wp:featuredmedia":[{"embeddable":true,"href":"https:\/\/pjcanindeyu.gov.py\/index.php?rest_route=\/wp\/v2\/media\/2208"}],"wp:attachment":[{"href":"https:\/\/pjcanindeyu.gov.py\/index.php?rest_route=%2Fwp%2Fv2%2Fmedia&parent=111"}],"wp:term":[{"taxonomy":"category","embeddable":true,"href":"https:\/\/pjcanindeyu.gov.py\/index.php?rest_route=%2Fwp%2Fv2%2Fcategories&post=111"},{"taxonomy":"post_tag","embeddable":true,"href":"https:\/\/pjcanindeyu.gov.py\/index.php?rest_route=%2Fwp%2Fv2%2Ftags&post=111"}],"curies":[{"name":"wp","href":"https:\/\/api.w.org\/{rel}","templated":true}]}}