
{"id":1253,"date":"2022-10-28T11:38:00","date_gmt":"2022-10-28T11:38:00","guid":{"rendered":"https:\/\/pjcanindeyu.gov.py\/?p=1253"},"modified":"2023-05-23T14:00:39","modified_gmt":"2023-05-23T14:00:39","slug":"se-realizo-taller-conversatorios-sobre-taller-conversatorio-y-de-capacitacion-sobre-competencia-de-los-jueces-de-paz","status":"publish","type":"post","link":"https:\/\/pjcanindeyu.gov.py\/?p=1253","title":{"rendered":"Se realiz\u00f3 taller conversatorio y de capacitaci\u00f3n sobre competencia de los Jueces de Paz."},"content":{"rendered":"\n<p>En la fecha se llev\u00f3 a cabo un \u00abTaller conversatorio y de capacitaci\u00f3n sobre competencias de los Juzgados de Paz con \u00e9nfasis en la prevenci\u00f3n del trabajo forzoso y la trata de personas con fines de explotaci\u00f3n laboral\u00bb, en la sede del Palacio de Justicia de Salto del Guair\u00e1, organizado por el Consejo de Administraci\u00f3n de Canindey\u00fa.<\/p>\n\n\n\n<div class=\"wp-block-columns is-layout-flex wp-container-core-columns-is-layout-9d6595d7 wp-block-columns-is-layout-flex\">\n<div class=\"wp-block-column galeria is-layout-flow wp-block-column-is-layout-flow\">\n<figure class=\"wp-block-image size-large rounded\"><a href=\"https:\/\/pjcanindeyu.gov.py\/wp-content\/uploads\/2023\/03\/0-4.jpg\"><img loading=\"lazy\" decoding=\"async\" width=\"1024\" height=\"709\" src=\"https:\/\/pjcanindeyu.gov.py\/wp-content\/uploads\/2023\/03\/0-4-1024x709.jpg\" alt=\"\" class=\"wp-image-1804\" srcset=\"https:\/\/pjcanindeyu.gov.py\/wp-content\/uploads\/2023\/03\/0-4-1024x709.jpg 1024w, https:\/\/pjcanindeyu.gov.py\/wp-content\/uploads\/2023\/03\/0-4-300x208.jpg 300w, https:\/\/pjcanindeyu.gov.py\/wp-content\/uploads\/2023\/03\/0-4-768x532.jpg 768w, https:\/\/pjcanindeyu.gov.py\/wp-content\/uploads\/2023\/03\/0-4-1536x1064.jpg 1536w, https:\/\/pjcanindeyu.gov.py\/wp-content\/uploads\/2023\/03\/0-4.jpg 1600w\" sizes=\"auto, (max-width: 1024px) 100vw, 1024px\" \/><\/a><\/figure>\n<\/div>\n<\/div>\n\n\n\n<div class=\"wp-block-columns galeria is-layout-flex wp-container-core-columns-is-layout-9d6595d7 wp-block-columns-is-layout-flex\">\n<div class=\"wp-block-column is-layout-flow wp-block-column-is-layout-flow\">\n<figure class=\"wp-block-image size-large rounded\"><a href=\"https:\/\/pjcanindeyu.gov.py\/wp-content\/uploads\/2023\/03\/5-3.jpg\"><img loading=\"lazy\" decoding=\"async\" width=\"1024\" height=\"709\" src=\"https:\/\/pjcanindeyu.gov.py\/wp-content\/uploads\/2023\/03\/5-3-1024x709.jpg\" alt=\"\" class=\"wp-image-1860\" srcset=\"https:\/\/pjcanindeyu.gov.py\/wp-content\/uploads\/2023\/03\/5-3-1024x709.jpg 1024w, https:\/\/pjcanindeyu.gov.py\/wp-content\/uploads\/2023\/03\/5-3-300x208.jpg 300w, https:\/\/pjcanindeyu.gov.py\/wp-content\/uploads\/2023\/03\/5-3-768x532.jpg 768w, https:\/\/pjcanindeyu.gov.py\/wp-content\/uploads\/2023\/03\/5-3-1536x1064.jpg 1536w, https:\/\/pjcanindeyu.gov.py\/wp-content\/uploads\/2023\/03\/5-3.jpg 1600w\" sizes=\"auto, (max-width: 1024px) 100vw, 1024px\" \/><\/a><\/figure>\n<\/div>\n\n\n\n<div class=\"wp-block-column is-layout-flow wp-block-column-is-layout-flow\">\n<figure class=\"wp-block-image size-large rounded\"><a href=\"https:\/\/pjcanindeyu.gov.py\/wp-content\/uploads\/2023\/03\/2-5.jpg\"><img loading=\"lazy\" decoding=\"async\" width=\"1024\" height=\"709\" src=\"https:\/\/pjcanindeyu.gov.py\/wp-content\/uploads\/2023\/03\/2-5-1024x709.jpg\" alt=\"\" class=\"wp-image-1829\" srcset=\"https:\/\/pjcanindeyu.gov.py\/wp-content\/uploads\/2023\/03\/2-5-1024x709.jpg 1024w, https:\/\/pjcanindeyu.gov.py\/wp-content\/uploads\/2023\/03\/2-5-300x208.jpg 300w, https:\/\/pjcanindeyu.gov.py\/wp-content\/uploads\/2023\/03\/2-5-768x532.jpg 768w, https:\/\/pjcanindeyu.gov.py\/wp-content\/uploads\/2023\/03\/2-5-1536x1064.jpg 1536w, https:\/\/pjcanindeyu.gov.py\/wp-content\/uploads\/2023\/03\/2-5.jpg 1600w\" sizes=\"auto, (max-width: 1024px) 100vw, 1024px\" \/><\/a><\/figure>\n<\/div>\n\n\n\n<div class=\"wp-block-column is-layout-flow wp-block-column-is-layout-flow\">\n<figure class=\"wp-block-image size-large rounded\"><a href=\"https:\/\/pjcanindeyu.gov.py\/wp-content\/uploads\/2023\/03\/3-3.jpg\"><img loading=\"lazy\" decoding=\"async\" width=\"1024\" height=\"709\" src=\"https:\/\/pjcanindeyu.gov.py\/wp-content\/uploads\/2023\/03\/3-3-1024x709.jpg\" alt=\"\" class=\"wp-image-1837\" srcset=\"https:\/\/pjcanindeyu.gov.py\/wp-content\/uploads\/2023\/03\/3-3-1024x709.jpg 1024w, https:\/\/pjcanindeyu.gov.py\/wp-content\/uploads\/2023\/03\/3-3-300x208.jpg 300w, https:\/\/pjcanindeyu.gov.py\/wp-content\/uploads\/2023\/03\/3-3-768x532.jpg 768w, https:\/\/pjcanindeyu.gov.py\/wp-content\/uploads\/2023\/03\/3-3-1536x1064.jpg 1536w, https:\/\/pjcanindeyu.gov.py\/wp-content\/uploads\/2023\/03\/3-3.jpg 1600w\" sizes=\"auto, (max-width: 1024px) 100vw, 1024px\" \/><\/a><\/figure>\n<\/div>\n\n\n\n<div class=\"wp-block-column is-layout-flow wp-block-column-is-layout-flow\">\n<figure class=\"wp-block-image size-large rounded\"><a href=\"https:\/\/pjcanindeyu.gov.py\/wp-content\/uploads\/2023\/03\/4-3.jpg\"><img loading=\"lazy\" decoding=\"async\" width=\"1024\" height=\"709\" src=\"https:\/\/pjcanindeyu.gov.py\/wp-content\/uploads\/2023\/03\/4-3-1024x709.jpg\" alt=\"\" class=\"wp-image-1849\" srcset=\"https:\/\/pjcanindeyu.gov.py\/wp-content\/uploads\/2023\/03\/4-3-1024x709.jpg 1024w, https:\/\/pjcanindeyu.gov.py\/wp-content\/uploads\/2023\/03\/4-3-300x208.jpg 300w, https:\/\/pjcanindeyu.gov.py\/wp-content\/uploads\/2023\/03\/4-3-768x532.jpg 768w, https:\/\/pjcanindeyu.gov.py\/wp-content\/uploads\/2023\/03\/4-3-1536x1064.jpg 1536w, https:\/\/pjcanindeyu.gov.py\/wp-content\/uploads\/2023\/03\/4-3.jpg 1600w\" sizes=\"auto, (max-width: 1024px) 100vw, 1024px\" \/><\/a><\/figure>\n<\/div>\n<\/div>\n\n\n\n<p>Las palabras de apertura estuvieron a cargo del Presidente del Consejo de Administraci\u00f3n de la Circunscripci\u00f3n Judicial de Canindey\u00fa, Abg. Gustavo H. Br\u00edtez, quien agradeci\u00f3 a los jueces de paz de las distintas localidades del departamento y de otras regiones por la participaci\u00f3n y cooperaci\u00f3n, destacando la importancia de la capacitaci\u00f3n constante de los operadores de justicia, a modo de fortalecer la prestaci\u00f3n del servicio a la comunidad.<\/p>\n\n\n\n<p>La presentaci\u00f3n del taller estuvo a cargo de la Abg. Ver\u00f3nica L\u00f3pez, representante del Ministerio de Trabajo, con la cooperaci\u00f3n de la juezas de Paz, Liliana de Bristot, del Distrito de San Roque, Capital, Sally Carbajal de Villa Oliva, \u00d1eembuc\u00fa, Eva Arteta de Lima, San Pedro, y Soraida Olguin de Villa Hayes, Presidente Hayes.<\/p>\n\n\n\n<p>En la jornada participaron los Jueces de Paz de la Circunscripci\u00f3n, Actuarios y dem\u00e1s funcionarios de la Circunscripci\u00f3n Judicial de de Canindey\u00fa.<\/p>\n","protected":false},"excerpt":{"rendered":"<p>En la fecha se llev\u00f3 a cabo un \u00abTaller conversatorio y de capacitaci\u00f3n sobre competencias de los Juzgados de Paz con \u00e9nfasis en la prevenci\u00f3n del trabajo forzoso y la trata de personas con fines de explotaci\u00f3n laboral\u00bb, en la sede del Palacio de Justicia de Salto del Guair\u00e1, organizado [&hellip;]<\/p>\n","protected":false},"author":1,"featured_media":1804,"comment_status":"open","ping_status":"closed","sticky":false,"template":"","format":"standard","meta":{"footnotes":""},"categories":[2],"tags":[],"class_list":["post-1253","post","type-post","status-publish","format-standard","has-post-thumbnail","hentry","category-notas"],"_links":{"self":[{"href":"https:\/\/pjcanindeyu.gov.py\/index.php?rest_route=\/wp\/v2\/posts\/1253","targetHints":{"allow":["GET"]}}],"collection":[{"href":"https:\/\/pjcanindeyu.gov.py\/index.php?rest_route=\/wp\/v2\/posts"}],"about":[{"href":"https:\/\/pjcanindeyu.gov.py\/index.php?rest_route=\/wp\/v2\/types\/post"}],"author":[{"embeddable":true,"href":"https:\/\/pjcanindeyu.gov.py\/index.php?rest_route=\/wp\/v2\/users\/1"}],"replies":[{"embeddable":true,"href":"https:\/\/pjcanindeyu.gov.py\/index.php?rest_route=%2Fwp%2Fv2%2Fcomments&post=1253"}],"version-history":[{"count":2,"href":"https:\/\/pjcanindeyu.gov.py\/index.php?rest_route=\/wp\/v2\/posts\/1253\/revisions"}],"predecessor-version":[{"id":2235,"href":"https:\/\/pjcanindeyu.gov.py\/index.php?rest_route=\/wp\/v2\/posts\/1253\/revisions\/2235"}],"wp:featuredmedia":[{"embeddable":true,"href":"https:\/\/pjcanindeyu.gov.py\/index.php?rest_route=\/wp\/v2\/media\/1804"}],"wp:attachment":[{"href":"https:\/\/pjcanindeyu.gov.py\/index.php?rest_route=%2Fwp%2Fv2%2Fmedia&parent=1253"}],"wp:term":[{"taxonomy":"category","embeddable":true,"href":"https:\/\/pjcanindeyu.gov.py\/index.php?rest_route=%2Fwp%2Fv2%2Fcategories&post=1253"},{"taxonomy":"post_tag","embeddable":true,"href":"https:\/\/pjcanindeyu.gov.py\/index.php?rest_route=%2Fwp%2Fv2%2Ftags&post=1253"}],"curies":[{"name":"wp","href":"https:\/\/api.w.org\/{rel}","templated":true}]}}