
{"id":1321,"date":"2022-11-01T16:34:13","date_gmt":"2022-11-01T16:34:13","guid":{"rendered":"https:\/\/pjcanindeyu.gov.py\/?p=1321"},"modified":"2023-05-23T14:36:11","modified_gmt":"2023-05-23T14:36:11","slug":"jornada-inaugural-del-programa-educando-en-justicia-en-canindeyu","status":"publish","type":"post","link":"https:\/\/pjcanindeyu.gov.py\/?p=1321","title":{"rendered":"Jornada inaugural del programa \u201cEducando en Justicia\u201d en Canindey\u00fa."},"content":{"rendered":"\n<p>En el marco del Programa \u201cEducando en Justicia\u201d impulsado por la Corte Suprema de Justicia, Curuguaty, XV Circunscripci\u00f3n Judicial de Canindey\u00fa fue sede de la apertura del ciclo de charlas educativas, \u00abEl Juez que yo quiero\u00bb que se desarrollar\u00e1 durante la semana en el departamento de Canindey\u00fa, con los objetivos de promover el conocimiento sobre el sistema judicial de nuestra rep\u00fablica y que ni\u00f1os, ni\u00f1as y adolescentes conozcan sobre sus derechos y obligaciones de una manera pedag\u00f3gica y amena.<\/p>\n\n\n\n<p>La actividad inicial se desarroll\u00f3 en la Escuela B\u00e1sica N\u00ba 3017 \u201c34 Curuguate\u00f1os\u201d, en la que el director de la instituci\u00f3n educativa, Prof. Marcos Pereira dio las palabras de bienvenida. La disertaci\u00f3n estuvo a cargo del Mag. Aldo \u00c1valos de la Secretar\u00eda de Educaci\u00f3n en Justicia de la Corte Suprema de Justicia y la participaci\u00f3n de Juez de Paz de la Ciudad de Curuguaty, Abg. Jos\u00e9 L\u00f3pez.<\/p>\n\n\n\n<div class=\"wp-block-columns is-layout-flex wp-container-core-columns-is-layout-9d6595d7 wp-block-columns-is-layout-flex\">\n<div class=\"wp-block-column galeria is-layout-flow wp-block-column-is-layout-flow\">\n<figure class=\"wp-block-image size-large rounded\"><a href=\"https:\/\/pjcanindeyu.gov.py\/wp-content\/uploads\/2023\/03\/1-2.jpg\"><img loading=\"lazy\" decoding=\"async\" width=\"1024\" height=\"709\" src=\"https:\/\/pjcanindeyu.gov.py\/wp-content\/uploads\/2023\/03\/1-2-1024x709.jpg\" alt=\"\" class=\"wp-image-1808\" title=\"\" srcset=\"https:\/\/pjcanindeyu.gov.py\/wp-content\/uploads\/2023\/03\/1-2-1024x709.jpg 1024w, https:\/\/pjcanindeyu.gov.py\/wp-content\/uploads\/2023\/03\/1-2-300x208.jpg 300w, https:\/\/pjcanindeyu.gov.py\/wp-content\/uploads\/2023\/03\/1-2-768x532.jpg 768w, https:\/\/pjcanindeyu.gov.py\/wp-content\/uploads\/2023\/03\/1-2-1536x1064.jpg 1536w, https:\/\/pjcanindeyu.gov.py\/wp-content\/uploads\/2023\/03\/1-2.jpg 1600w\" sizes=\"auto, (max-width: 1024px) 100vw, 1024px\" \/><\/a><\/figure>\n<\/div>\n<\/div>\n\n\n\n<div class=\"wp-block-columns galeria is-layout-flex wp-container-core-columns-is-layout-9d6595d7 wp-block-columns-is-layout-flex\">\n<div class=\"wp-block-column is-layout-flow wp-block-column-is-layout-flow\">\n<figure class=\"wp-block-image size-large rounded\"><a href=\"https:\/\/pjcanindeyu.gov.py\/wp-content\/uploads\/2023\/05\/educando-en-justicia-3.jpg\"><img loading=\"lazy\" decoding=\"async\" width=\"1024\" height=\"709\" src=\"https:\/\/pjcanindeyu.gov.py\/wp-content\/uploads\/2023\/05\/educando-en-justicia-3-1024x709.jpg\" alt=\"\" class=\"wp-image-2238\" srcset=\"https:\/\/pjcanindeyu.gov.py\/wp-content\/uploads\/2023\/05\/educando-en-justicia-3-1024x709.jpg 1024w, https:\/\/pjcanindeyu.gov.py\/wp-content\/uploads\/2023\/05\/educando-en-justicia-3-300x208.jpg 300w, https:\/\/pjcanindeyu.gov.py\/wp-content\/uploads\/2023\/05\/educando-en-justicia-3-768x532.jpg 768w, https:\/\/pjcanindeyu.gov.py\/wp-content\/uploads\/2023\/05\/educando-en-justicia-3-1536x1064.jpg 1536w, https:\/\/pjcanindeyu.gov.py\/wp-content\/uploads\/2023\/05\/educando-en-justicia-3.jpg 1600w\" sizes=\"auto, (max-width: 1024px) 100vw, 1024px\" \/><\/a><\/figure>\n<\/div>\n\n\n\n<div class=\"wp-block-column is-layout-flow wp-block-column-is-layout-flow\">\n<figure class=\"wp-block-image size-large rounded\"><a href=\"https:\/\/pjcanindeyu.gov.py\/wp-content\/uploads\/2023\/05\/educando-en-justicia-2.jpg\"><img loading=\"lazy\" decoding=\"async\" width=\"1024\" height=\"709\" src=\"https:\/\/pjcanindeyu.gov.py\/wp-content\/uploads\/2023\/05\/educando-en-justicia-2-1024x709.jpg\" alt=\"\" class=\"wp-image-2237\" srcset=\"https:\/\/pjcanindeyu.gov.py\/wp-content\/uploads\/2023\/05\/educando-en-justicia-2-1024x709.jpg 1024w, https:\/\/pjcanindeyu.gov.py\/wp-content\/uploads\/2023\/05\/educando-en-justicia-2-300x208.jpg 300w, https:\/\/pjcanindeyu.gov.py\/wp-content\/uploads\/2023\/05\/educando-en-justicia-2-768x532.jpg 768w, https:\/\/pjcanindeyu.gov.py\/wp-content\/uploads\/2023\/05\/educando-en-justicia-2-1536x1064.jpg 1536w, https:\/\/pjcanindeyu.gov.py\/wp-content\/uploads\/2023\/05\/educando-en-justicia-2.jpg 1600w\" sizes=\"auto, (max-width: 1024px) 100vw, 1024px\" \/><\/a><\/figure>\n<\/div>\n\n\n\n<div class=\"wp-block-column is-layout-flow wp-block-column-is-layout-flow\">\n<figure class=\"wp-block-image size-large rounded\"><a href=\"https:\/\/pjcanindeyu.gov.py\/wp-content\/uploads\/2023\/03\/2-1.jpg\"><img loading=\"lazy\" decoding=\"async\" width=\"1024\" height=\"709\" src=\"https:\/\/pjcanindeyu.gov.py\/wp-content\/uploads\/2023\/03\/2-1-1024x709.jpg\" alt=\"\" class=\"wp-image-1822\" srcset=\"https:\/\/pjcanindeyu.gov.py\/wp-content\/uploads\/2023\/03\/2-1-1024x709.jpg 1024w, https:\/\/pjcanindeyu.gov.py\/wp-content\/uploads\/2023\/03\/2-1-300x208.jpg 300w, https:\/\/pjcanindeyu.gov.py\/wp-content\/uploads\/2023\/03\/2-1-768x532.jpg 768w, https:\/\/pjcanindeyu.gov.py\/wp-content\/uploads\/2023\/03\/2-1-1536x1064.jpg 1536w, https:\/\/pjcanindeyu.gov.py\/wp-content\/uploads\/2023\/03\/2-1.jpg 1600w\" sizes=\"auto, (max-width: 1024px) 100vw, 1024px\" \/><\/a><\/figure>\n<\/div>\n\n\n\n<div class=\"wp-block-column is-layout-flow wp-block-column-is-layout-flow\">\n<figure class=\"wp-block-image size-large rounded\"><a href=\"https:\/\/pjcanindeyu.gov.py\/wp-content\/uploads\/2023\/03\/4-1.jpg\"><img loading=\"lazy\" decoding=\"async\" width=\"1024\" height=\"709\" src=\"https:\/\/pjcanindeyu.gov.py\/wp-content\/uploads\/2023\/03\/4-1-1024x709.jpg\" alt=\"\" class=\"wp-image-1839\" srcset=\"https:\/\/pjcanindeyu.gov.py\/wp-content\/uploads\/2023\/03\/4-1-1024x709.jpg 1024w, https:\/\/pjcanindeyu.gov.py\/wp-content\/uploads\/2023\/03\/4-1-300x208.jpg 300w, https:\/\/pjcanindeyu.gov.py\/wp-content\/uploads\/2023\/03\/4-1-768x532.jpg 768w, https:\/\/pjcanindeyu.gov.py\/wp-content\/uploads\/2023\/03\/4-1-1536x1064.jpg 1536w, https:\/\/pjcanindeyu.gov.py\/wp-content\/uploads\/2023\/03\/4-1.jpg 1600w\" sizes=\"auto, (max-width: 1024px) 100vw, 1024px\" \/><\/a><\/figure>\n<\/div>\n<\/div>\n\n\n\n<p>El ciclo de charlas previsto se realizar\u00e1 en otras instituciones educativas de la regi\u00f3n, hasta el viernes 04 de noviembre del corriente.<\/p>\n","protected":false},"excerpt":{"rendered":"<p>En el marco del Programa \u201cEducando en Justicia\u201d impulsado por la Corte Suprema de Justicia, Curuguaty, XV Circunscripci\u00f3n Judicial de Canindey\u00fa fue sede de la apertura del ciclo de charlas educativas, \u00abEl Juez que yo quiero\u00bb que se desarrollar\u00e1 durante la semana en el departamento de Canindey\u00fa, con los objetivos [&hellip;]<\/p>\n","protected":false},"author":1,"featured_media":1808,"comment_status":"open","ping_status":"closed","sticky":false,"template":"","format":"standard","meta":{"footnotes":""},"categories":[2],"tags":[],"class_list":["post-1321","post","type-post","status-publish","format-standard","has-post-thumbnail","hentry","category-notas"],"_links":{"self":[{"href":"https:\/\/pjcanindeyu.gov.py\/index.php?rest_route=\/wp\/v2\/posts\/1321","targetHints":{"allow":["GET"]}}],"collection":[{"href":"https:\/\/pjcanindeyu.gov.py\/index.php?rest_route=\/wp\/v2\/posts"}],"about":[{"href":"https:\/\/pjcanindeyu.gov.py\/index.php?rest_route=\/wp\/v2\/types\/post"}],"author":[{"embeddable":true,"href":"https:\/\/pjcanindeyu.gov.py\/index.php?rest_route=\/wp\/v2\/users\/1"}],"replies":[{"embeddable":true,"href":"https:\/\/pjcanindeyu.gov.py\/index.php?rest_route=%2Fwp%2Fv2%2Fcomments&post=1321"}],"version-history":[{"count":2,"href":"https:\/\/pjcanindeyu.gov.py\/index.php?rest_route=\/wp\/v2\/posts\/1321\/revisions"}],"predecessor-version":[{"id":2239,"href":"https:\/\/pjcanindeyu.gov.py\/index.php?rest_route=\/wp\/v2\/posts\/1321\/revisions\/2239"}],"wp:featuredmedia":[{"embeddable":true,"href":"https:\/\/pjcanindeyu.gov.py\/index.php?rest_route=\/wp\/v2\/media\/1808"}],"wp:attachment":[{"href":"https:\/\/pjcanindeyu.gov.py\/index.php?rest_route=%2Fwp%2Fv2%2Fmedia&parent=1321"}],"wp:term":[{"taxonomy":"category","embeddable":true,"href":"https:\/\/pjcanindeyu.gov.py\/index.php?rest_route=%2Fwp%2Fv2%2Fcategories&post=1321"},{"taxonomy":"post_tag","embeddable":true,"href":"https:\/\/pjcanindeyu.gov.py\/index.php?rest_route=%2Fwp%2Fv2%2Ftags&post=1321"}],"curies":[{"name":"wp","href":"https:\/\/api.w.org\/{rel}","templated":true}]}}