
{"id":1362,"date":"2022-11-04T17:44:58","date_gmt":"2022-11-04T17:44:58","guid":{"rendered":"https:\/\/pjcanindeyu.gov.py\/?p=1362"},"modified":"2023-05-23T15:40:33","modified_gmt":"2023-05-23T15:40:33","slug":"culmina-desarrollo-del-programa-educando-en-justicia-en-curuguaty","status":"publish","type":"post","link":"https:\/\/pjcanindeyu.gov.py\/?p=1362","title":{"rendered":"Culmina desarrollo del programa Educando en Justicia en Curuguaty"},"content":{"rendered":"\n<p>En la fecha ha culminano la semana de capacitaciones a los alumnos de instituciones educativas del distrito de Curuguaty en el marco del programa Educando en Justicia, impulsada por la Corte Suprema de Justicia. En las jornadas los estudiantes se interiorizaron acerca de sus derechos y otros temas de inter\u00e9s.<\/p>\n\n\n\n<div class=\"wp-block-columns is-layout-flex wp-container-core-columns-is-layout-9d6595d7 wp-block-columns-is-layout-flex\">\n<div class=\"wp-block-column galeria is-layout-flow wp-block-column-is-layout-flow\">\n<figure class=\"wp-block-image size-large rounded\"><a href=\"https:\/\/pjcanindeyu.gov.py\/wp-content\/uploads\/2023\/03\/8.jpg\"><img loading=\"lazy\" decoding=\"async\" width=\"1024\" height=\"682\" src=\"https:\/\/pjcanindeyu.gov.py\/wp-content\/uploads\/2023\/03\/8-1024x682.jpg\" alt=\"\" class=\"wp-image-1877\" srcset=\"https:\/\/pjcanindeyu.gov.py\/wp-content\/uploads\/2023\/03\/8-1024x682.jpg 1024w, https:\/\/pjcanindeyu.gov.py\/wp-content\/uploads\/2023\/03\/8-300x200.jpg 300w, https:\/\/pjcanindeyu.gov.py\/wp-content\/uploads\/2023\/03\/8-768x512.jpg 768w, https:\/\/pjcanindeyu.gov.py\/wp-content\/uploads\/2023\/03\/8.jpg 1280w\" sizes=\"auto, (max-width: 1024px) 100vw, 1024px\" \/><\/a><\/figure>\n<\/div>\n<\/div>\n\n\n\n<div class=\"wp-block-columns galeria is-layout-flex wp-container-core-columns-is-layout-9d6595d7 wp-block-columns-is-layout-flex\">\n<div class=\"wp-block-column is-layout-flow wp-block-column-is-layout-flow\">\n<figure class=\"wp-block-image size-large rounded\"><a href=\"https:\/\/pjcanindeyu.gov.py\/wp-content\/uploads\/2023\/03\/6-3-1.jpg\"><img loading=\"lazy\" decoding=\"async\" width=\"1024\" height=\"682\" src=\"https:\/\/pjcanindeyu.gov.py\/wp-content\/uploads\/2023\/03\/6-3-1-1024x682.jpg\" alt=\"\" class=\"wp-image-1870\" srcset=\"https:\/\/pjcanindeyu.gov.py\/wp-content\/uploads\/2023\/03\/6-3-1-1024x682.jpg 1024w, https:\/\/pjcanindeyu.gov.py\/wp-content\/uploads\/2023\/03\/6-3-1-300x200.jpg 300w, https:\/\/pjcanindeyu.gov.py\/wp-content\/uploads\/2023\/03\/6-3-1-768x512.jpg 768w, https:\/\/pjcanindeyu.gov.py\/wp-content\/uploads\/2023\/03\/6-3-1.jpg 1280w\" sizes=\"auto, (max-width: 1024px) 100vw, 1024px\" \/><\/a><\/figure>\n<\/div>\n\n\n\n<div class=\"wp-block-column is-layout-flow wp-block-column-is-layout-flow\">\n<figure class=\"wp-block-image size-large rounded\"><a href=\"https:\/\/pjcanindeyu.gov.py\/wp-content\/uploads\/2023\/03\/5-3-1.jpg\"><img loading=\"lazy\" decoding=\"async\" width=\"1024\" height=\"682\" src=\"https:\/\/pjcanindeyu.gov.py\/wp-content\/uploads\/2023\/03\/5-3-1-1024x682.jpg\" alt=\"\" class=\"wp-image-1859\" srcset=\"https:\/\/pjcanindeyu.gov.py\/wp-content\/uploads\/2023\/03\/5-3-1-1024x682.jpg 1024w, https:\/\/pjcanindeyu.gov.py\/wp-content\/uploads\/2023\/03\/5-3-1-300x200.jpg 300w, https:\/\/pjcanindeyu.gov.py\/wp-content\/uploads\/2023\/03\/5-3-1-768x512.jpg 768w, https:\/\/pjcanindeyu.gov.py\/wp-content\/uploads\/2023\/03\/5-3-1.jpg 1280w\" sizes=\"auto, (max-width: 1024px) 100vw, 1024px\" \/><\/a><\/figure>\n<\/div>\n\n\n\n<div class=\"wp-block-column is-layout-flow wp-block-column-is-layout-flow\">\n<figure class=\"wp-block-image size-large rounded\"><a href=\"https:\/\/pjcanindeyu.gov.py\/wp-content\/uploads\/2023\/03\/4-3-1.jpg\"><img loading=\"lazy\" decoding=\"async\" width=\"1024\" height=\"458\" src=\"https:\/\/pjcanindeyu.gov.py\/wp-content\/uploads\/2023\/03\/4-3-1-1024x458.jpg\" alt=\"\" class=\"wp-image-1848\" srcset=\"https:\/\/pjcanindeyu.gov.py\/wp-content\/uploads\/2023\/03\/4-3-1-1024x458.jpg 1024w, https:\/\/pjcanindeyu.gov.py\/wp-content\/uploads\/2023\/03\/4-3-1-300x134.jpg 300w, https:\/\/pjcanindeyu.gov.py\/wp-content\/uploads\/2023\/03\/4-3-1-768x344.jpg 768w, https:\/\/pjcanindeyu.gov.py\/wp-content\/uploads\/2023\/03\/4-3-1-1536x687.jpg 1536w, https:\/\/pjcanindeyu.gov.py\/wp-content\/uploads\/2023\/03\/4-3-1.jpg 1600w\" sizes=\"auto, (max-width: 1024px) 100vw, 1024px\" \/><\/a><\/figure>\n<\/div>\n\n\n\n<div class=\"wp-block-column is-layout-flow wp-block-column-is-layout-flow\">\n<figure class=\"wp-block-image size-large rounded\"><a href=\"https:\/\/pjcanindeyu.gov.py\/wp-content\/uploads\/2023\/03\/7-1.jpg\"><img loading=\"lazy\" decoding=\"async\" width=\"1024\" height=\"458\" src=\"https:\/\/pjcanindeyu.gov.py\/wp-content\/uploads\/2023\/03\/7-1-1024x458.jpg\" alt=\"\" class=\"wp-image-1873\" srcset=\"https:\/\/pjcanindeyu.gov.py\/wp-content\/uploads\/2023\/03\/7-1-1024x458.jpg 1024w, https:\/\/pjcanindeyu.gov.py\/wp-content\/uploads\/2023\/03\/7-1-300x134.jpg 300w, https:\/\/pjcanindeyu.gov.py\/wp-content\/uploads\/2023\/03\/7-1-768x343.jpg 768w, https:\/\/pjcanindeyu.gov.py\/wp-content\/uploads\/2023\/03\/7-1.jpg 1280w\" sizes=\"auto, (max-width: 1024px) 100vw, 1024px\" \/><\/a><\/figure>\n<\/div>\n<\/div>\n\n\n\n<p>El juez de Paz de la ciudad de Curuguaty, Abg. <a><\/a>Jos\u00e9 L\u00f3pez, fue el encargado de impartir la charla esta ma\u00f1ana en el Colegio Nacional Ind\u00edgena, Fortuna. En tanto, en la jornada de ayer alumnos del Colegio Nacional Mcal. Francisco Solano L\u00f3pez, de la localidad de Araujo Cue, participaron de la capacitaci\u00f3n a cargo del Juez de la Ni\u00f1ez y Adolescencia de Curuguaty, Abg. V\u00edctor Godoy. Por su parte, los alumnos de Colegio General Jos\u00e9 Gervasio Artigas participarron de la charla a cargo de la Jueza Penal de la Adolescencia de Curuguaty, Abg. Janine R\u00edos.<\/p>\n\n\n\n<p>Los temas desarrollados en las jornadas educativas fueron: Derechos, deberes y obligaciones de los ni\u00f1os, ni\u00f1as y adolescentes de acuerdo a lo estipulado en el C\u00f3digo de la Ni\u00f1ez y la Adolescencia; la responsabilidad penal y diversas maneras de violencia existentes como el bullying. Las charlas se iniciaron el lunes 31 de octubre y culminaron en la ma\u00f1ana de hoy viernes 4 de noviembre.<\/p>\n","protected":false},"excerpt":{"rendered":"<p>En la fecha ha culminano la semana de capacitaciones a los alumnos de instituciones educativas del distrito de Curuguaty en el marco del programa Educando en Justicia, impulsada por la Corte Suprema de Justicia. En las jornadas los estudiantes se interiorizaron acerca de sus derechos y otros temas de inter\u00e9s. [&hellip;]<\/p>\n","protected":false},"author":1,"featured_media":1877,"comment_status":"open","ping_status":"closed","sticky":false,"template":"","format":"standard","meta":{"footnotes":""},"categories":[2],"tags":[],"class_list":["post-1362","post","type-post","status-publish","format-standard","has-post-thumbnail","hentry","category-notas"],"_links":{"self":[{"href":"https:\/\/pjcanindeyu.gov.py\/index.php?rest_route=\/wp\/v2\/posts\/1362","targetHints":{"allow":["GET"]}}],"collection":[{"href":"https:\/\/pjcanindeyu.gov.py\/index.php?rest_route=\/wp\/v2\/posts"}],"about":[{"href":"https:\/\/pjcanindeyu.gov.py\/index.php?rest_route=\/wp\/v2\/types\/post"}],"author":[{"embeddable":true,"href":"https:\/\/pjcanindeyu.gov.py\/index.php?rest_route=\/wp\/v2\/users\/1"}],"replies":[{"embeddable":true,"href":"https:\/\/pjcanindeyu.gov.py\/index.php?rest_route=%2Fwp%2Fv2%2Fcomments&post=1362"}],"version-history":[{"count":2,"href":"https:\/\/pjcanindeyu.gov.py\/index.php?rest_route=\/wp\/v2\/posts\/1362\/revisions"}],"predecessor-version":[{"id":2269,"href":"https:\/\/pjcanindeyu.gov.py\/index.php?rest_route=\/wp\/v2\/posts\/1362\/revisions\/2269"}],"wp:featuredmedia":[{"embeddable":true,"href":"https:\/\/pjcanindeyu.gov.py\/index.php?rest_route=\/wp\/v2\/media\/1877"}],"wp:attachment":[{"href":"https:\/\/pjcanindeyu.gov.py\/index.php?rest_route=%2Fwp%2Fv2%2Fmedia&parent=1362"}],"wp:term":[{"taxonomy":"category","embeddable":true,"href":"https:\/\/pjcanindeyu.gov.py\/index.php?rest_route=%2Fwp%2Fv2%2Fcategories&post=1362"},{"taxonomy":"post_tag","embeddable":true,"href":"https:\/\/pjcanindeyu.gov.py\/index.php?rest_route=%2Fwp%2Fv2%2Ftags&post=1362"}],"curies":[{"name":"wp","href":"https:\/\/api.w.org\/{rel}","templated":true}]}}