
{"id":1558,"date":"2022-12-23T11:20:43","date_gmt":"2022-12-23T11:20:43","guid":{"rendered":"https:\/\/pjcanindeyu.gov.py\/?p=1558"},"modified":"2023-03-30T12:53:48","modified_gmt":"2023-03-30T12:53:48","slug":"informe-de-gestion-circunscripcion-judicial-de-canindeyu-periodo-2022","status":"publish","type":"post","link":"https:\/\/pjcanindeyu.gov.py\/?p=1558","title":{"rendered":"Informe de Gesti\u00f3n \u2013 Circunscripci\u00f3n Judicial de Canindey\u00fa \u2013 Periodo 2022"},"content":{"rendered":"\n<p><strong>Rendici\u00f3n P\u00fablica de Gesti\u00f3n de Gobierno Institucional:<\/strong><\/p>\n\n\n\n<p>Por el presente medio, la Circunscripci\u00f3n Judicial de Canindey\u00fa, la Superintendencia, a cargo de la Ministra, Dra. Prof. Carolina Llanes y los miembros del Consejo de Administraci\u00f3n, Abg. Gustavo Br\u00edtez, Presidente, Abg. Carlos Dom\u00ednguez, Abg. Edith Mart\u00ednez, Vicepresidentes, ponen a conocimiento y consideraci\u00f3n de la ciudadan\u00eda en general, un informe que contiene en resumen, las principales actividades y metas logradas por la Instituci\u00f3n en el ejercicio, 2022, y la proyecci\u00f3n institucional para el periodo, 2023.<\/p>\n\n\n\n<p>En el informe se destaca, la continuaci\u00f3n de la obra de la futura sede del Palacio de Justicia de Salto de Guair\u00e1, cuya inauguraci\u00f3n est\u00e1 prevista para el primer semestre de 2023. Igualmente, se resalta entre otros logros, la habilitaci\u00f3n de la Oficina Regional de los Registros P\u00fablicos, el fortalecimiento de los tramites electr\u00f3nicos, y los indicadores de producci\u00f3n de resoluciones judiciales conclusivas y no conclusivas, en toda la Circunscripci\u00f3n Judicial, que al cierre del mes de octubre ascendi\u00f3 a 9.411 resoluciones, super\u00e1ndose en un 12% la meta proyectada.<\/p>\n\n\n\n<div class=\"wp-block-columns is-layout-flex wp-container-core-columns-is-layout-9d6595d7 wp-block-columns-is-layout-flex\">\n<div class=\"wp-block-column galeria is-layout-flow wp-block-column-is-layout-flow\">\n<figure class=\"wp-block-image size-full rounded\"><img loading=\"lazy\" decoding=\"async\" width=\"1023\" height=\"575\" src=\"https:\/\/pjcanindeyu.gov.py\/wp-content\/uploads\/2023\/03\/Informe-2022.jpg\" alt=\"\" class=\"wp-image-1935\" srcset=\"https:\/\/pjcanindeyu.gov.py\/wp-content\/uploads\/2023\/03\/Informe-2022.jpg 1023w, https:\/\/pjcanindeyu.gov.py\/wp-content\/uploads\/2023\/03\/Informe-2022-300x169.jpg 300w, https:\/\/pjcanindeyu.gov.py\/wp-content\/uploads\/2023\/03\/Informe-2022-768x432.jpg 768w\" sizes=\"auto, (max-width: 1023px) 100vw, 1023px\" \/><\/figure>\n<\/div>\n<\/div>\n\n\n\n<p>Acceda al documento completo aqu\u00ed.<\/p>\n\n\n\n<p>Informe de Gesti\u00f3n 2022<\/p>\n\n\n<div class=\"wp-block-image\">\n<figure class=\"aligncenter is-resized\"><a href=\"https:\/\/drive.google.com\/file\/d\/12ni-BWiV19OzpezYkFiVgVUSOmdVLJV6\/view\" target=\"_blank\" rel=\"noreferrer noopener\"><img loading=\"lazy\" decoding=\"async\" src=\"https:\/\/www.pj.gov.py\/images\/web\/pdf.jpg\" alt=\"Dra-maria-carolina-llanes-ocampos\" width=\"96\" height=\"94\" title=\"Dra-maria-carolina-llanes-ocampos\"\/><\/a><figcaption class=\"wp-element-caption\">Informe de Gesti\u00f3n 2022<\/figcaption><\/figure>\n<\/div>","protected":false},"excerpt":{"rendered":"<p>Rendici\u00f3n P\u00fablica de Gesti\u00f3n de Gobierno Institucional: Por el presente medio, la Circunscripci\u00f3n Judicial de Canindey\u00fa, la Superintendencia, a cargo de la Ministra, Dra. Prof. Carolina Llanes y los miembros del Consejo de Administraci\u00f3n, Abg. Gustavo Br\u00edtez, Presidente, Abg. Carlos Dom\u00ednguez, Abg. Edith Mart\u00ednez, Vicepresidentes, ponen a conocimiento y consideraci\u00f3n [&hellip;]<\/p>\n","protected":false},"author":1,"featured_media":1935,"comment_status":"open","ping_status":"closed","sticky":false,"template":"","format":"standard","meta":{"footnotes":""},"categories":[2],"tags":[],"class_list":["post-1558","post","type-post","status-publish","format-standard","has-post-thumbnail","hentry","category-notas"],"_links":{"self":[{"href":"https:\/\/pjcanindeyu.gov.py\/index.php?rest_route=\/wp\/v2\/posts\/1558","targetHints":{"allow":["GET"]}}],"collection":[{"href":"https:\/\/pjcanindeyu.gov.py\/index.php?rest_route=\/wp\/v2\/posts"}],"about":[{"href":"https:\/\/pjcanindeyu.gov.py\/index.php?rest_route=\/wp\/v2\/types\/post"}],"author":[{"embeddable":true,"href":"https:\/\/pjcanindeyu.gov.py\/index.php?rest_route=\/wp\/v2\/users\/1"}],"replies":[{"embeddable":true,"href":"https:\/\/pjcanindeyu.gov.py\/index.php?rest_route=%2Fwp%2Fv2%2Fcomments&post=1558"}],"version-history":[{"count":1,"href":"https:\/\/pjcanindeyu.gov.py\/index.php?rest_route=\/wp\/v2\/posts\/1558\/revisions"}],"predecessor-version":[{"id":2015,"href":"https:\/\/pjcanindeyu.gov.py\/index.php?rest_route=\/wp\/v2\/posts\/1558\/revisions\/2015"}],"wp:featuredmedia":[{"embeddable":true,"href":"https:\/\/pjcanindeyu.gov.py\/index.php?rest_route=\/wp\/v2\/media\/1935"}],"wp:attachment":[{"href":"https:\/\/pjcanindeyu.gov.py\/index.php?rest_route=%2Fwp%2Fv2%2Fmedia&parent=1558"}],"wp:term":[{"taxonomy":"category","embeddable":true,"href":"https:\/\/pjcanindeyu.gov.py\/index.php?rest_route=%2Fwp%2Fv2%2Fcategories&post=1558"},{"taxonomy":"post_tag","embeddable":true,"href":"https:\/\/pjcanindeyu.gov.py\/index.php?rest_route=%2Fwp%2Fv2%2Ftags&post=1558"}],"curies":[{"name":"wp","href":"https:\/\/api.w.org\/{rel}","templated":true}]}}