
{"id":1569,"date":"2022-12-07T12:25:35","date_gmt":"2022-12-07T12:25:35","guid":{"rendered":"https:\/\/pjcanindeyu.gov.py\/?p=1569"},"modified":"2023-05-23T15:05:44","modified_gmt":"2023-05-23T15:05:44","slug":"representantes-de-la-circunscripcion-judicial-de-canindeyu-participan-en-el-segundo-encuentro-interamericano-de-servicio-de-facilitadores-judiciales-y-centros-de-conciliacion-en-equidad","status":"publish","type":"post","link":"https:\/\/pjcanindeyu.gov.py\/?p=1569","title":{"rendered":"Representantes de la Circunscripci\u00f3n Judicial de Canindey\u00fa participan en el Segundo Encuentro Interamericano de Servicio de Facilitadores Judiciales y Centros de Conciliaci\u00f3n en Equidad."},"content":{"rendered":"\n<p>En la jornada de ayer se llev\u00f3 a cabo el segundo encuentro Interamericano de Servicios de Facilitadores Judiciales y Centros de Conciliaci\u00f3n en Equidad, en el Palacio de Justicia de Asunci\u00f3n.<\/p>\n\n\n\n<p>La Circunscripci\u00f3n Judicial de Canindey\u00fa estuvo representada por la vicepresidenta del Consejo de la Administraci\u00f3n, Abg. Edith Mart\u00ednez, el Juez de Paz de Yasy Ka\u00f1y, Abg. V\u00edctor Hugo Mart\u00ednez Bello y la Jueza de Paz de Puerto Adela, la Abg. B\u00e1rbara Anal\u00eda Peralta Jubert.<\/p>\n\n\n\n<div class=\"wp-block-columns is-layout-flex wp-container-core-columns-is-layout-9d6595d7 wp-block-columns-is-layout-flex\">\n<div class=\"wp-block-column galeria is-layout-flow wp-block-column-is-layout-flow\">\n<figure class=\"wp-block-image size-large rounded\"><a href=\"https:\/\/pjcanindeyu.gov.py\/wp-content\/uploads\/2023\/05\/jornada-1.jpg\"><img loading=\"lazy\" decoding=\"async\" width=\"1024\" height=\"606\" src=\"https:\/\/pjcanindeyu.gov.py\/wp-content\/uploads\/2023\/05\/jornada-1-1024x606.jpg\" alt=\"\" class=\"wp-image-2252\" srcset=\"https:\/\/pjcanindeyu.gov.py\/wp-content\/uploads\/2023\/05\/jornada-1-1024x606.jpg 1024w, https:\/\/pjcanindeyu.gov.py\/wp-content\/uploads\/2023\/05\/jornada-1-300x177.jpg 300w, https:\/\/pjcanindeyu.gov.py\/wp-content\/uploads\/2023\/05\/jornada-1-768x454.jpg 768w, https:\/\/pjcanindeyu.gov.py\/wp-content\/uploads\/2023\/05\/jornada-1.jpg 1280w\" sizes=\"auto, (max-width: 1024px) 100vw, 1024px\" \/><\/a><\/figure>\n<\/div>\n<\/div>\n\n\n\n<div class=\"wp-block-columns galeria is-layout-flex wp-container-core-columns-is-layout-9d6595d7 wp-block-columns-is-layout-flex\">\n<div class=\"wp-block-column galeria is-layout-flow wp-block-column-is-layout-flow\">\n<figure class=\"wp-block-image size-large rounded\"><a href=\"https:\/\/pjcanindeyu.gov.py\/wp-content\/uploads\/2022\/12\/jornada-2.jpg\"><img loading=\"lazy\" decoding=\"async\" width=\"1024\" height=\"768\" src=\"https:\/\/pjcanindeyu.gov.py\/wp-content\/uploads\/2022\/12\/jornada-2-1024x768.jpg\" alt=\"\" class=\"wp-image-2254\" srcset=\"https:\/\/pjcanindeyu.gov.py\/wp-content\/uploads\/2022\/12\/jornada-2-1024x768.jpg 1024w, https:\/\/pjcanindeyu.gov.py\/wp-content\/uploads\/2022\/12\/jornada-2-300x225.jpg 300w, https:\/\/pjcanindeyu.gov.py\/wp-content\/uploads\/2022\/12\/jornada-2-768x576.jpg 768w, https:\/\/pjcanindeyu.gov.py\/wp-content\/uploads\/2022\/12\/jornada-2.jpg 1152w\" sizes=\"auto, (max-width: 1024px) 100vw, 1024px\" \/><\/a><\/figure>\n<\/div>\n\n\n\n<div class=\"wp-block-column is-layout-flow wp-block-column-is-layout-flow\">\n<figure class=\"wp-block-image size-large rounded\"><a href=\"https:\/\/pjcanindeyu.gov.py\/wp-content\/uploads\/2023\/05\/jornada-3.jpg\"><img loading=\"lazy\" decoding=\"async\" width=\"1024\" height=\"768\" src=\"https:\/\/pjcanindeyu.gov.py\/wp-content\/uploads\/2023\/05\/jornada-3-1024x768.jpg\" alt=\"\" class=\"wp-image-2255\" srcset=\"https:\/\/pjcanindeyu.gov.py\/wp-content\/uploads\/2023\/05\/jornada-3-1024x768.jpg 1024w, https:\/\/pjcanindeyu.gov.py\/wp-content\/uploads\/2023\/05\/jornada-3-300x225.jpg 300w, https:\/\/pjcanindeyu.gov.py\/wp-content\/uploads\/2023\/05\/jornada-3-768x576.jpg 768w, https:\/\/pjcanindeyu.gov.py\/wp-content\/uploads\/2023\/05\/jornada-3.jpg 1152w\" sizes=\"auto, (max-width: 1024px) 100vw, 1024px\" \/><\/a><\/figure>\n<\/div>\n\n\n\n<div class=\"wp-block-column is-layout-flow wp-block-column-is-layout-flow\">\n<figure class=\"wp-block-image size-large rounded\"><a href=\"https:\/\/pjcanindeyu.gov.py\/wp-content\/uploads\/2023\/05\/jornada-4-1.jpg\"><img loading=\"lazy\" decoding=\"async\" width=\"1024\" height=\"709\" src=\"https:\/\/pjcanindeyu.gov.py\/wp-content\/uploads\/2023\/05\/jornada-4-1-1024x709.jpg\" alt=\"\" class=\"wp-image-2257\" srcset=\"https:\/\/pjcanindeyu.gov.py\/wp-content\/uploads\/2023\/05\/jornada-4-1-1024x709.jpg 1024w, https:\/\/pjcanindeyu.gov.py\/wp-content\/uploads\/2023\/05\/jornada-4-1-300x208.jpg 300w, https:\/\/pjcanindeyu.gov.py\/wp-content\/uploads\/2023\/05\/jornada-4-1-768x532.jpg 768w, https:\/\/pjcanindeyu.gov.py\/wp-content\/uploads\/2023\/05\/jornada-4-1-1536x1064.jpg 1536w, https:\/\/pjcanindeyu.gov.py\/wp-content\/uploads\/2023\/05\/jornada-4-1.jpg 1600w\" sizes=\"auto, (max-width: 1024px) 100vw, 1024px\" \/><\/a><\/figure>\n<\/div>\n<\/div>\n","protected":false},"excerpt":{"rendered":"<p>En la jornada de ayer se llev\u00f3 a cabo el segundo encuentro Interamericano de Servicios de Facilitadores Judiciales y Centros de Conciliaci\u00f3n en Equidad, en el Palacio de Justicia de Asunci\u00f3n. La Circunscripci\u00f3n Judicial de Canindey\u00fa estuvo representada por la vicepresidenta del Consejo de la Administraci\u00f3n, Abg. Edith Mart\u00ednez, el [&hellip;]<\/p>\n","protected":false},"author":1,"featured_media":2257,"comment_status":"open","ping_status":"closed","sticky":false,"template":"","format":"standard","meta":{"footnotes":""},"categories":[2],"tags":[],"class_list":["post-1569","post","type-post","status-publish","format-standard","has-post-thumbnail","hentry","category-notas"],"_links":{"self":[{"href":"https:\/\/pjcanindeyu.gov.py\/index.php?rest_route=\/wp\/v2\/posts\/1569","targetHints":{"allow":["GET"]}}],"collection":[{"href":"https:\/\/pjcanindeyu.gov.py\/index.php?rest_route=\/wp\/v2\/posts"}],"about":[{"href":"https:\/\/pjcanindeyu.gov.py\/index.php?rest_route=\/wp\/v2\/types\/post"}],"author":[{"embeddable":true,"href":"https:\/\/pjcanindeyu.gov.py\/index.php?rest_route=\/wp\/v2\/users\/1"}],"replies":[{"embeddable":true,"href":"https:\/\/pjcanindeyu.gov.py\/index.php?rest_route=%2Fwp%2Fv2%2Fcomments&post=1569"}],"version-history":[{"count":3,"href":"https:\/\/pjcanindeyu.gov.py\/index.php?rest_route=\/wp\/v2\/posts\/1569\/revisions"}],"predecessor-version":[{"id":2260,"href":"https:\/\/pjcanindeyu.gov.py\/index.php?rest_route=\/wp\/v2\/posts\/1569\/revisions\/2260"}],"wp:featuredmedia":[{"embeddable":true,"href":"https:\/\/pjcanindeyu.gov.py\/index.php?rest_route=\/wp\/v2\/media\/2257"}],"wp:attachment":[{"href":"https:\/\/pjcanindeyu.gov.py\/index.php?rest_route=%2Fwp%2Fv2%2Fmedia&parent=1569"}],"wp:term":[{"taxonomy":"category","embeddable":true,"href":"https:\/\/pjcanindeyu.gov.py\/index.php?rest_route=%2Fwp%2Fv2%2Fcategories&post=1569"},{"taxonomy":"post_tag","embeddable":true,"href":"https:\/\/pjcanindeyu.gov.py\/index.php?rest_route=%2Fwp%2Fv2%2Ftags&post=1569"}],"curies":[{"name":"wp","href":"https:\/\/api.w.org\/{rel}","templated":true}]}}