
{"id":1575,"date":"2023-02-01T18:11:58","date_gmt":"2023-02-01T18:11:58","guid":{"rendered":"https:\/\/pjcanindeyu.gov.py\/?p=1575"},"modified":"2023-03-30T12:49:13","modified_gmt":"2023-03-30T12:49:13","slug":"reestructuracion-funcional-parcial","status":"publish","type":"post","link":"https:\/\/pjcanindeyu.gov.py\/?p=1575","title":{"rendered":"Reestructuraci\u00f3n funcional parcial de La Circunscripci\u00f3n Judicial de Canindey\u00fa aprobada por Acordada N\u00ba 1681\/2023"},"content":{"rendered":"\n<p>El Consejo de Administraci\u00f3n de la Circunscripci\u00f3n Judicial de Canindey\u00fa informa a los usuarios en general, sobre la vigencia de la Acordada N\u00b0 1.681\/ 2023, por la cual la CSJ, aprob\u00f3 determinados traslados y ampliaciones de competencias de algunos Juzgados de Primera Instancia y Juzgados de Paz en esta Circunscripci\u00f3n Judicial<\/p>\n\n\n\n<p>La reestructuraci\u00f3n funcional parcial dispuesta, tiene como finalidad satisfacer la creciente demanda de los usuarios por el servicio de justicia en determinadas regiones del Departamento, mejorar el acceso al servicio de justicia, mitigar la mora judicial y optimizar la utilizaci\u00f3n de los recursos p\u00fablicos, presupuestarios y humanos de la instituci\u00f3n.<\/p>\n\n\n\n<p>Las medidas comprenden:<\/p>\n\n\n\n<p><strong>JUZGADOS DE PRIMERA INSTANCIA<\/strong><\/p>\n\n\n\n<p>a) El traslado del Juzgado Penal de Garant\u00edas N\u00ba 6 de Salto del Guaira, que pasa a constituirse en el Juzgado Penal de Garant\u00edas N 2, de la ciudad de Katuet\u00e9, a cargo de la Magistrada, Ilda Acosta.<\/p>\n\n\n\n<p>b) La ampliaci\u00f3n de la competencia jurisdiccional del Juzgado Penal Adolescente de Curuguaty, que pasa a constituirse en el Juzgado Penal Adolescente y de Garant\u00eda Penal N 3 de Curuguaty.<\/p>\n\n\n\n<p><strong>JUZGADOS DE PAZ<\/strong><\/p>\n\n\n\n<p>a) El traslado del Juzgado de Paz de Segundo Turno de Ypejhu, que pasa a constituirse en el Juzgado de Paz de segundo turno de Curuguaty, a cargo del Magistrado, Miguel Riveros Storm.<\/p>\n\n\n\n<p>b) El traslado del Juzgado de Paz de Pindoty Pora, al Distrito de Yby Pyta, a cargo del Magistrado, Blas Torrez.<\/p>\n\n\n\n<p>c) La ampliaci\u00f3n de la competencia territorial del Juzgado de Paz de Corpus Cristhi, que pasa a abarcar la localidad de Pindoty Por\u00e1.<\/p>\n\n\n\n<div class=\"wp-block-columns is-layout-flex wp-container-core-columns-is-layout-9d6595d7 wp-block-columns-is-layout-flex\">\n<div class=\"wp-block-column galeria is-layout-flow wp-block-column-is-layout-flow\"><div class=\"wp-block-image rounded\">\n<figure class=\"aligncenter size-large is-resized\"><a href=\"https:\/\/pjcanindeyu.gov.py\/wp-content\/uploads\/2023\/03\/Jueces-trasladados.jpg\"><img loading=\"lazy\" decoding=\"async\" src=\"https:\/\/pjcanindeyu.gov.py\/wp-content\/uploads\/2023\/03\/Jueces-trasladados-1024x736.jpg\" alt=\"\" class=\"wp-image-2012\" width=\"669\" height=\"480\" srcset=\"https:\/\/pjcanindeyu.gov.py\/wp-content\/uploads\/2023\/03\/Jueces-trasladados-1024x736.jpg 1024w, https:\/\/pjcanindeyu.gov.py\/wp-content\/uploads\/2023\/03\/Jueces-trasladados-300x216.jpg 300w, https:\/\/pjcanindeyu.gov.py\/wp-content\/uploads\/2023\/03\/Jueces-trasladados-768x552.jpg 768w, https:\/\/pjcanindeyu.gov.py\/wp-content\/uploads\/2023\/03\/Jueces-trasladados-1536x1103.jpg 1536w, https:\/\/pjcanindeyu.gov.py\/wp-content\/uploads\/2023\/03\/Jueces-trasladados.jpg 1992w\" sizes=\"auto, (max-width: 669px) 100vw, 669px\" \/><\/a><\/figure>\n<\/div><\/div>\n<\/div>\n\n\n\n<div class=\"wp-block-columns galeria is-layout-flex wp-container-core-columns-is-layout-9d6595d7 wp-block-columns-is-layout-flex\">\n<div class=\"wp-block-column is-layout-flow wp-block-column-is-layout-flow\">\n<figure class=\"wp-block-image size-large rounded\"><a href=\"https:\/\/pjcanindeyu.gov.py\/wp-content\/uploads\/2023\/03\/Ilda-Acosta-2023.jpg\"><img loading=\"lazy\" decoding=\"async\" width=\"756\" height=\"1024\" src=\"https:\/\/pjcanindeyu.gov.py\/wp-content\/uploads\/2023\/03\/Ilda-Acosta-2023-756x1024.jpg\" alt=\"\" class=\"wp-image-2006\" srcset=\"https:\/\/pjcanindeyu.gov.py\/wp-content\/uploads\/2023\/03\/Ilda-Acosta-2023-756x1024.jpg 756w, https:\/\/pjcanindeyu.gov.py\/wp-content\/uploads\/2023\/03\/Ilda-Acosta-2023-221x300.jpg 221w, https:\/\/pjcanindeyu.gov.py\/wp-content\/uploads\/2023\/03\/Ilda-Acosta-2023-768x1041.jpg 768w, https:\/\/pjcanindeyu.gov.py\/wp-content\/uploads\/2023\/03\/Ilda-Acosta-2023-1134x1536.jpg 1134w, https:\/\/pjcanindeyu.gov.py\/wp-content\/uploads\/2023\/03\/Ilda-Acosta-2023-1511x2048.jpg 1511w, https:\/\/pjcanindeyu.gov.py\/wp-content\/uploads\/2023\/03\/Ilda-Acosta-2023.jpg 1780w\" sizes=\"auto, (max-width: 756px) 100vw, 756px\" \/><\/a><\/figure>\n<\/div>\n\n\n\n<div class=\"wp-block-column is-layout-flow wp-block-column-is-layout-flow\">\n<figure class=\"wp-block-image size-large rounded\"><a href=\"https:\/\/pjcanindeyu.gov.py\/wp-content\/uploads\/2023\/03\/Miguel-Riveros-2023.jpg\"><img loading=\"lazy\" decoding=\"async\" width=\"756\" height=\"1024\" src=\"https:\/\/pjcanindeyu.gov.py\/wp-content\/uploads\/2023\/03\/Miguel-Riveros-2023-756x1024.jpg\" alt=\"\" class=\"wp-image-2008\" title=\"\" srcset=\"https:\/\/pjcanindeyu.gov.py\/wp-content\/uploads\/2023\/03\/Miguel-Riveros-2023-756x1024.jpg 756w, https:\/\/pjcanindeyu.gov.py\/wp-content\/uploads\/2023\/03\/Miguel-Riveros-2023-221x300.jpg 221w, https:\/\/pjcanindeyu.gov.py\/wp-content\/uploads\/2023\/03\/Miguel-Riveros-2023-768x1041.jpg 768w, https:\/\/pjcanindeyu.gov.py\/wp-content\/uploads\/2023\/03\/Miguel-Riveros-2023-1134x1536.jpg 1134w, https:\/\/pjcanindeyu.gov.py\/wp-content\/uploads\/2023\/03\/Miguel-Riveros-2023-1511x2048.jpg 1511w, https:\/\/pjcanindeyu.gov.py\/wp-content\/uploads\/2023\/03\/Miguel-Riveros-2023.jpg 1780w\" sizes=\"auto, (max-width: 756px) 100vw, 756px\" \/><\/a><\/figure>\n<\/div>\n\n\n\n<div class=\"wp-block-column galeria is-layout-flow wp-block-column-is-layout-flow\">\n<figure class=\"wp-block-image size-large rounded\"><a href=\"https:\/\/pjcanindeyu.gov.py\/wp-content\/uploads\/2023\/03\/Blas-Torres-2023.jpg\"><img loading=\"lazy\" decoding=\"async\" width=\"804\" height=\"1024\" src=\"https:\/\/pjcanindeyu.gov.py\/wp-content\/uploads\/2023\/03\/Blas-Torres-2023-804x1024.jpg\" alt=\"\" class=\"wp-image-2009\" srcset=\"https:\/\/pjcanindeyu.gov.py\/wp-content\/uploads\/2023\/03\/Blas-Torres-2023-804x1024.jpg 804w, https:\/\/pjcanindeyu.gov.py\/wp-content\/uploads\/2023\/03\/Blas-Torres-2023-235x300.jpg 235w, https:\/\/pjcanindeyu.gov.py\/wp-content\/uploads\/2023\/03\/Blas-Torres-2023-768x979.jpg 768w, https:\/\/pjcanindeyu.gov.py\/wp-content\/uploads\/2023\/03\/Blas-Torres-2023-1206x1536.jpg 1206w, https:\/\/pjcanindeyu.gov.py\/wp-content\/uploads\/2023\/03\/Blas-Torres-2023-1607x2048.jpg 1607w, https:\/\/pjcanindeyu.gov.py\/wp-content\/uploads\/2023\/03\/Blas-Torres-2023.jpg 1780w\" sizes=\"auto, (max-width: 804px) 100vw, 804px\" \/><\/a><\/figure>\n<\/div>\n\n\n\n<div class=\"wp-block-column is-layout-flow wp-block-column-is-layout-flow\">\n<figure class=\"wp-block-image size-large rounded\"><a href=\"https:\/\/pjcanindeyu.gov.py\/wp-content\/uploads\/2023\/03\/Gladys-Colman.jpg\"><img loading=\"lazy\" decoding=\"async\" width=\"756\" height=\"1024\" src=\"https:\/\/pjcanindeyu.gov.py\/wp-content\/uploads\/2023\/03\/Gladys-Colman-756x1024.jpg\" alt=\"\" class=\"wp-image-2010\" srcset=\"https:\/\/pjcanindeyu.gov.py\/wp-content\/uploads\/2023\/03\/Gladys-Colman-756x1024.jpg 756w, https:\/\/pjcanindeyu.gov.py\/wp-content\/uploads\/2023\/03\/Gladys-Colman-221x300.jpg 221w, https:\/\/pjcanindeyu.gov.py\/wp-content\/uploads\/2023\/03\/Gladys-Colman-768x1041.jpg 768w, https:\/\/pjcanindeyu.gov.py\/wp-content\/uploads\/2023\/03\/Gladys-Colman-1134x1536.jpg 1134w, https:\/\/pjcanindeyu.gov.py\/wp-content\/uploads\/2023\/03\/Gladys-Colman-1511x2048.jpg 1511w, https:\/\/pjcanindeyu.gov.py\/wp-content\/uploads\/2023\/03\/Gladys-Colman.jpg 1780w\" sizes=\"auto, (max-width: 756px) 100vw, 756px\" \/><\/a><\/figure>\n<\/div>\n\n\n\n<div class=\"wp-block-column is-layout-flow wp-block-column-is-layout-flow\">\n<figure class=\"wp-block-image size-large\"><a href=\"https:\/\/pjcanindeyu.gov.py\/wp-content\/uploads\/2023\/03\/Jannine-Rios-2023.jpg\"><img loading=\"lazy\" decoding=\"async\" width=\"756\" height=\"1024\" src=\"https:\/\/pjcanindeyu.gov.py\/wp-content\/uploads\/2023\/03\/Jannine-Rios-2023-756x1024.jpg\" alt=\"\" class=\"wp-image-2011\" title=\"rounded\" srcset=\"https:\/\/pjcanindeyu.gov.py\/wp-content\/uploads\/2023\/03\/Jannine-Rios-2023-756x1024.jpg 756w, https:\/\/pjcanindeyu.gov.py\/wp-content\/uploads\/2023\/03\/Jannine-Rios-2023-221x300.jpg 221w, https:\/\/pjcanindeyu.gov.py\/wp-content\/uploads\/2023\/03\/Jannine-Rios-2023-768x1041.jpg 768w, https:\/\/pjcanindeyu.gov.py\/wp-content\/uploads\/2023\/03\/Jannine-Rios-2023-1134x1536.jpg 1134w, https:\/\/pjcanindeyu.gov.py\/wp-content\/uploads\/2023\/03\/Jannine-Rios-2023-1511x2048.jpg 1511w, https:\/\/pjcanindeyu.gov.py\/wp-content\/uploads\/2023\/03\/Jannine-Rios-2023.jpg 1780w\" sizes=\"auto, (max-width: 756px) 100vw, 756px\" \/><\/a><\/figure>\n<\/div>\n<\/div>\n","protected":false},"excerpt":{"rendered":"<p>El Consejo de Administraci\u00f3n de la Circunscripci\u00f3n Judicial de Canindey\u00fa informa a los usuarios en general, sobre la vigencia de la Acordada N\u00b0 1.681\/ 2023, por la cual la CSJ, aprob\u00f3 determinados traslados y ampliaciones de competencias de algunos Juzgados de Primera Instancia y Juzgados de Paz en esta Circunscripci\u00f3n [&hellip;]<\/p>\n","protected":false},"author":1,"featured_media":2012,"comment_status":"open","ping_status":"closed","sticky":false,"template":"","format":"standard","meta":{"footnotes":""},"categories":[2],"tags":[],"class_list":["post-1575","post","type-post","status-publish","format-standard","has-post-thumbnail","hentry","category-notas"],"_links":{"self":[{"href":"https:\/\/pjcanindeyu.gov.py\/index.php?rest_route=\/wp\/v2\/posts\/1575","targetHints":{"allow":["GET"]}}],"collection":[{"href":"https:\/\/pjcanindeyu.gov.py\/index.php?rest_route=\/wp\/v2\/posts"}],"about":[{"href":"https:\/\/pjcanindeyu.gov.py\/index.php?rest_route=\/wp\/v2\/types\/post"}],"author":[{"embeddable":true,"href":"https:\/\/pjcanindeyu.gov.py\/index.php?rest_route=\/wp\/v2\/users\/1"}],"replies":[{"embeddable":true,"href":"https:\/\/pjcanindeyu.gov.py\/index.php?rest_route=%2Fwp%2Fv2%2Fcomments&post=1575"}],"version-history":[{"count":2,"href":"https:\/\/pjcanindeyu.gov.py\/index.php?rest_route=\/wp\/v2\/posts\/1575\/revisions"}],"predecessor-version":[{"id":2013,"href":"https:\/\/pjcanindeyu.gov.py\/index.php?rest_route=\/wp\/v2\/posts\/1575\/revisions\/2013"}],"wp:featuredmedia":[{"embeddable":true,"href":"https:\/\/pjcanindeyu.gov.py\/index.php?rest_route=\/wp\/v2\/media\/2012"}],"wp:attachment":[{"href":"https:\/\/pjcanindeyu.gov.py\/index.php?rest_route=%2Fwp%2Fv2%2Fmedia&parent=1575"}],"wp:term":[{"taxonomy":"category","embeddable":true,"href":"https:\/\/pjcanindeyu.gov.py\/index.php?rest_route=%2Fwp%2Fv2%2Fcategories&post=1575"},{"taxonomy":"post_tag","embeddable":true,"href":"https:\/\/pjcanindeyu.gov.py\/index.php?rest_route=%2Fwp%2Fv2%2Ftags&post=1575"}],"curies":[{"name":"wp","href":"https:\/\/api.w.org\/{rel}","templated":true}]}}