
{"id":1723,"date":"2022-09-30T12:59:50","date_gmt":"2022-09-30T12:59:50","guid":{"rendered":"https:\/\/pjcanindeyu.gov.py\/?p=1723"},"modified":"2026-02-19T11:53:35","modified_gmt":"2026-02-19T15:53:35","slug":"dra-maria-carolina-llanes-ocampos","status":"publish","type":"post","link":"https:\/\/pjcanindeyu.gov.py\/?p=1723","title":{"rendered":"Superintendencia de la Circunscripci\u00f3n Judicial de Canindey\u00fa"},"content":{"rendered":"\n<h2 class=\"wp-block-heading\">Dra. Mar\u00eda Carolina LLanes Ocampos<\/h2>\n\n\n\n<p class=\"has-text-align-center\"><img loading=\"lazy\" decoding=\"async\" width=\"150\" height=\"214\" class=\"wp-image-1811\" style=\"width: 150px;\" src=\"https:\/\/pjcanindeyu.gov.py\/wp-content\/uploads\/2023\/03\/1.jpeg\" alt=\"\" srcset=\"https:\/\/pjcanindeyu.gov.py\/wp-content\/uploads\/2023\/03\/1.jpeg 896w, https:\/\/pjcanindeyu.gov.py\/wp-content\/uploads\/2023\/03\/1-210x300.jpeg 210w, https:\/\/pjcanindeyu.gov.py\/wp-content\/uploads\/2023\/03\/1-717x1024.jpeg 717w, https:\/\/pjcanindeyu.gov.py\/wp-content\/uploads\/2023\/03\/1-768x1097.jpeg 768w\" sizes=\"auto, (max-width: 150px) 100vw, 150px\" \/> <\/p>\n\n\n\n<p class=\"has-text-align-center\">Dra. Mar\u00eda Carolina LLanes Ocampos<\/p>\n\n\n\n<p>Vicepresidente Primera de la Corte Suprema de Justicia<\/p>\n\n\n\n<p>Presidente de la Sala Penal.<\/p>\n\n\n\n<p>Responsable de la Circunscripci\u00f3n Judicial de Canindey\u00fa e Itap\u00faa.<\/p>\n\n\n\n<h5 class=\"wp-block-heading\">Datos Personales:<\/h5>\n\n\n\n<p>Paraguaya, 55 a\u00f1os,<\/p>\n\n\n\n<h5 class=\"wp-block-heading\">Formaci\u00f3n Acad\u00e9mica:<\/h5>\n\n\n\n<ul class=\"wp-block-list\">\n<li>Abogada (1988)<\/li>\n\n\n\n<li>Doctora en Ciencias Jur\u00eddicas ante la UNA (2005), con calificaci\u00f3n \u00abCum Laude\u00bb<\/li>\n\n\n\n<li>Funcionaria judicial y fiscal desde 1984 hasta 1992.<\/li>\n<\/ul>\n\n\n\n<h5 class=\"wp-block-heading\">Experiencia Profesional:<\/h5>\n\n\n\n<p>Procuradora Fiscal, Fiscala Penal y Jueza de Garant\u00edas por concurso entre 1996 al 2005.<\/p>\n\n\n\n<p>Integrante de equipo de redacci\u00f3n del Anteproyecto del C\u00f3digo Procesal Penal y equipo de revisi\u00f3n de la Ley Org\u00e1nica del Ministerio P\u00fablico, aprobados por el Poder Legislativo y actualmente en vigencia.<\/p>\n\n\n\n<p>Integrante de la Oficina T\u00e9cnica del Poder Judicial para la Implementaci\u00f3n del nuevo Sistema Penal, en su m\u00f3dulo de \u00abTribunal Modelo\u00bb.<\/p>\n\n\n\n<p>Fundadora e integrante del Consejo Institucional del Inecip-Py (Instituto de Estudios Comparados en Ciencias Penales y Sociales del Paraguay) desde 1994 hasta la fecha (ONG dedicada a la consolidaci\u00f3n del Estado de derecho y el fortalecimiento de la Justicia Penal).<\/p>\n\n\n\n<p>Autora de varias obras jur\u00eddicas. Docente universitaria de grado y de postgrado en la UAA, UCA y UNA, Docente de la Escuela Judicial y de la \u00abMaestr\u00eda de Garantismo Penal\u00bb desarrollada en Inecip y Universidad Nacional del Pilar.<\/p>\n\n\n\n<p>Ha colaborado en el Ministerio de Hacienda y el Jurado de Enjuiciamiento de Magistrados como asesora externa. Ha realizado consultor\u00edas diversas con GTZ, Usaid, BID, Transparencia Py.<\/p>\n\n\n\n<p>Se ha dedicado a la litigaci\u00f3n penal 1988\/ 1992 y desde 2005\/2013 (11 a\u00f1os).<\/p>\n\n\n\n<p>Directora Jur\u00eddica de IPS 2013\/15.<\/p>\n\n\n\n<p>Realiz\u00f3 diversos cursos de capacitaci\u00f3n, actualizaciones y diplomados nacionales e internacionales en car\u00e1cter de asistente y expositora.<\/p>\n\n\n\n<p>Fue interventora de la Municipalidad de Ciudad del Este desde diciembre 2018 a febrero 2019.<\/p>\n\n\n\n<p>Se desempe\u00f1\u00f3 como Secretaria Ejecutiva de Senabico.<\/p>\n\n\n\n<p>Jur\u00f3 como ministra de la Corte Suprema de Justicia en julio del a\u00f1o 2019.<\/p>\n\n\n\n<h5 class=\"wp-block-heading\">Descarga<\/h5>\n\n\n<div class=\"wp-block-image\">\n<figure class=\"aligncenter\"><img decoding=\"async\" src=\"https:\/\/www.pj.gov.py\/images\/web\/pdf.jpg\" alt=\"Dra-maria-carolina-llanes-ocampos\" title=\"Dra-maria-carolina-llanes-ocampos\"\/><\/figure>\n<\/div>\n\n\n<p class=\"has-text-align-center\">CV &#8211; Dra. Mar\u00eda Carolina Llanes Ocampos 176 Kb<\/p>\n\n\n\n<p class=\"has-text-align-center\"><strong><a rel=\"noreferrer noopener\" href=\"https:\/\/www.pj.gov.py\/descargas\/CV_dra-maria-carolina-llanes-ocampos.pdf\" target=\"_blank\">[Abrir]&nbsp; &nbsp;<\/a><a href=\"https:\/\/www.pj.gov.py\/descargar\/CV_dra-maria-carolina-llanes-ocampos.pdf\">[Descargar]<\/a><\/strong><\/p>\n","protected":false},"excerpt":{"rendered":"<p>Dra. Mar\u00eda Carolina LLanes Ocampos Dra. Mar\u00eda Carolina LLanes Ocampos Vicepresidente Primera de la Corte Suprema de Justicia Presidente de la Sala Penal. Responsable de la Circunscripci\u00f3n Judicial de Canindey\u00fa e Itap\u00faa. Datos Personales: Paraguaya, 55 a\u00f1os, Formaci\u00f3n Acad\u00e9mica: Experiencia Profesional: Procuradora Fiscal, Fiscala Penal y Jueza de Garant\u00edas por [&hellip;]<\/p>\n","protected":false},"author":1,"featured_media":5318,"comment_status":"open","ping_status":"closed","sticky":false,"template":"page-templates\/banners_post.php","format":"standard","meta":{"footnotes":""},"categories":[4],"tags":[],"class_list":["post-1723","post","type-post","status-publish","format-standard","has-post-thumbnail","hentry","category-sliders"],"_links":{"self":[{"href":"https:\/\/pjcanindeyu.gov.py\/index.php?rest_route=\/wp\/v2\/posts\/1723","targetHints":{"allow":["GET"]}}],"collection":[{"href":"https:\/\/pjcanindeyu.gov.py\/index.php?rest_route=\/wp\/v2\/posts"}],"about":[{"href":"https:\/\/pjcanindeyu.gov.py\/index.php?rest_route=\/wp\/v2\/types\/post"}],"author":[{"embeddable":true,"href":"https:\/\/pjcanindeyu.gov.py\/index.php?rest_route=\/wp\/v2\/users\/1"}],"replies":[{"embeddable":true,"href":"https:\/\/pjcanindeyu.gov.py\/index.php?rest_route=%2Fwp%2Fv2%2Fcomments&post=1723"}],"version-history":[{"count":3,"href":"https:\/\/pjcanindeyu.gov.py\/index.php?rest_route=\/wp\/v2\/posts\/1723\/revisions"}],"predecessor-version":[{"id":5319,"href":"https:\/\/pjcanindeyu.gov.py\/index.php?rest_route=\/wp\/v2\/posts\/1723\/revisions\/5319"}],"wp:featuredmedia":[{"embeddable":true,"href":"https:\/\/pjcanindeyu.gov.py\/index.php?rest_route=\/wp\/v2\/media\/5318"}],"wp:attachment":[{"href":"https:\/\/pjcanindeyu.gov.py\/index.php?rest_route=%2Fwp%2Fv2%2Fmedia&parent=1723"}],"wp:term":[{"taxonomy":"category","embeddable":true,"href":"https:\/\/pjcanindeyu.gov.py\/index.php?rest_route=%2Fwp%2Fv2%2Fcategories&post=1723"},{"taxonomy":"post_tag","embeddable":true,"href":"https:\/\/pjcanindeyu.gov.py\/index.php?rest_route=%2Fwp%2Fv2%2Ftags&post=1723"}],"curies":[{"name":"wp","href":"https:\/\/api.w.org\/{rel}","templated":true}]}}