
{"id":1774,"date":"2023-02-24T11:25:46","date_gmt":"2023-02-24T11:25:46","guid":{"rendered":"https:\/\/pjcanindeyu.gov.py\/?p=1774"},"modified":"2023-03-30T11:49:33","modified_gmt":"2023-03-30T11:49:33","slug":"mensaje-de-la-dra-carolina-llanes-por-el-dia-de-la-mujer-paraguaya","status":"publish","type":"post","link":"https:\/\/pjcanindeyu.gov.py\/?p=1774","title":{"rendered":"Mensaje de la Dra. Carolina LLanes por el d\u00eda de la Mujer Paraguaya"},"content":{"rendered":"\r\n<p>Mensaje de la Dra. Carolina Llanes Ocampos, Vicepresidenta Primera, Ministra de la Corte Suprema de Justicia y Superintendente de la Circunscripci\u00f3n Judicial de Canindey\u00fa, en homenaje a la Mujer Paraguaya en su d\u00eda. El mensaje fue difundido por el Consejo de Administraci\u00f3n de la Circunscripci\u00f3n Judicial de Alto Paran\u00e1 y a su vez replicado en todas las plataformas oficiales de la Corte Suprema de Justicia.<\/p>\r\n\r\n\r\n\r\n<figure class=\"wp-block-video rounded\">\r\n<div style=\"width: 1920px;\" class=\"wp-video\"><video class=\"wp-video-shortcode\" id=\"video-1774-1\" width=\"1920\" height=\"1080\" autoplay preload=\"metadata\" controls=\"controls\"><source type=\"video\/mp4\" src=\"https:\/\/pjcanindeyu.gov.py\/wp-content\/uploads\/2023\/02\/Mensaje-de-la-Dra-Carolina-LLanes.mp4?_=1\" \/><a href=\"https:\/\/pjcanindeyu.gov.py\/wp-content\/uploads\/2023\/02\/Mensaje-de-la-Dra-Carolina-LLanes.mp4\">https:\/\/pjcanindeyu.gov.py\/wp-content\/uploads\/2023\/02\/Mensaje-de-la-Dra-Carolina-LLanes.mp4<\/a><\/video><\/div>\r\n<\/figure>\r\n\r\n\r\n\r\n<p>Destac\u00f3 el rol fundamental de las mujeres que en 1867 se reunieron en busca de una alternativa para sufragar, de alg\u00fan modo, recaudos para hacer frente a los m\u00faltiples requerimientos de la Guerra contra la Triple Alianza. Como fue, la donaci\u00f3n de sus joyas y objetos de valor que ten\u00edan, con la convicci\u00f3n puesta en un pa\u00eds con mujeres y hombres de bien.<\/p>\r\n\r\n\r\n\r\n<p>Se las conoci\u00f3 como \u201cLas Residentas\u201d, congregadas en la Plaza de Mayo de Asunci\u00f3n, donde nace la \u201cPrimera Asamblea de Mujeres Americanas\u201d.<\/p>\r\n\r\n\r\n\r\n<p>Asimismo, reflexion\u00f3 sobre los avances de los objetivos y estrategias trazados en torno a la evoluci\u00f3n de los derechos de las mujeres en Paraguay. Inst\u00f3 a una mejor definici\u00f3n de las estrategias en materia de protecci\u00f3n de las mujeres para evitar el retroceso hacia la barbarie.<\/p>\r\n","protected":false},"excerpt":{"rendered":"<p>Mensaje de la Dra. Carolina Llanes Ocampos, Vicepresidenta Primera, Ministra de la Corte Suprema de Justicia y Superintendente de la Circunscripci\u00f3n Judicial de Canindey\u00fa, en homenaje a la Mujer Paraguaya en su d\u00eda. El mensaje fue difundido por el Consejo de Administraci\u00f3n de la Circunscripci\u00f3n Judicial de Alto Paran\u00e1 y [&hellip;]<\/p>\n","protected":false},"author":1,"featured_media":1781,"comment_status":"open","ping_status":"closed","sticky":false,"template":"","format":"standard","meta":{"footnotes":""},"categories":[2],"tags":[],"class_list":["post-1774","post","type-post","status-publish","format-standard","has-post-thumbnail","hentry","category-notas"],"_links":{"self":[{"href":"https:\/\/pjcanindeyu.gov.py\/index.php?rest_route=\/wp\/v2\/posts\/1774","targetHints":{"allow":["GET"]}}],"collection":[{"href":"https:\/\/pjcanindeyu.gov.py\/index.php?rest_route=\/wp\/v2\/posts"}],"about":[{"href":"https:\/\/pjcanindeyu.gov.py\/index.php?rest_route=\/wp\/v2\/types\/post"}],"author":[{"embeddable":true,"href":"https:\/\/pjcanindeyu.gov.py\/index.php?rest_route=\/wp\/v2\/users\/1"}],"replies":[{"embeddable":true,"href":"https:\/\/pjcanindeyu.gov.py\/index.php?rest_route=%2Fwp%2Fv2%2Fcomments&post=1774"}],"version-history":[{"count":4,"href":"https:\/\/pjcanindeyu.gov.py\/index.php?rest_route=\/wp\/v2\/posts\/1774\/revisions"}],"predecessor-version":[{"id":1983,"href":"https:\/\/pjcanindeyu.gov.py\/index.php?rest_route=\/wp\/v2\/posts\/1774\/revisions\/1983"}],"wp:featuredmedia":[{"embeddable":true,"href":"https:\/\/pjcanindeyu.gov.py\/index.php?rest_route=\/wp\/v2\/media\/1781"}],"wp:attachment":[{"href":"https:\/\/pjcanindeyu.gov.py\/index.php?rest_route=%2Fwp%2Fv2%2Fmedia&parent=1774"}],"wp:term":[{"taxonomy":"category","embeddable":true,"href":"https:\/\/pjcanindeyu.gov.py\/index.php?rest_route=%2Fwp%2Fv2%2Fcategories&post=1774"},{"taxonomy":"post_tag","embeddable":true,"href":"https:\/\/pjcanindeyu.gov.py\/index.php?rest_route=%2Fwp%2Fv2%2Ftags&post=1774"}],"curies":[{"name":"wp","href":"https:\/\/api.w.org\/{rel}","templated":true}]}}