
{"id":2483,"date":"2023-06-21T15:27:17","date_gmt":"2023-06-21T15:27:17","guid":{"rendered":"https:\/\/pjcanindeyu.gov.py\/?p=2483"},"modified":"2023-06-21T16:05:28","modified_gmt":"2023-06-21T16:05:28","slug":"magistrado-judicial-se-jubila-tras-destacada-carrera-en-el-sistema-de-justicia","status":"publish","type":"post","link":"https:\/\/pjcanindeyu.gov.py\/?p=2483","title":{"rendered":"Magistrado judicial de la Circunscripci\u00f3n se acoge a los beneficios de la jubilaci\u00f3n"},"content":{"rendered":"\n<p>En la sesi\u00f3n plenaria de la Corte Suprema de Justicia de la fecha, se acept\u00f3 la renuncia presentada por el Abg. Juan Andr\u00e9s Acosta, quien se desempe\u00f1a como Juez Penal de Garant\u00edas N\u00ba 4 e Interino del Juzgado Penal Adolescente de Saltos del Guair\u00e1. Despu\u00e9s de una prolongada carrera en el sistema de justicia, el Magistrado ha decidido acogerse a los beneficios de la jubilaci\u00f3n.<\/p>\n\n\n\n<p><br>La XV Circunscripci\u00f3n Judicial de Canindey\u00fa, bajo la supervisi\u00f3n de la Ministra Dra. Prof. Carolina Llanes, los miembros del Consejo de Administraci\u00f3n y la comunidad jur\u00eddica institucional, desean expresar un merecido reconocimiento al magistrado por sus 24 a\u00f1os de servicio en el sistema de justicia.<\/p>\n\n\n\n<div class=\"wp-block-columns galeria is-layout-flex wp-container-core-columns-is-layout-9d6595d7 wp-block-columns-is-layout-flex\">\n<div class=\"wp-block-column is-layout-flow wp-block-column-is-layout-flow\" style=\"flex-basis:100%\"><div class=\"wp-block-image\">\n<figure class=\"aligncenter size-large is-resized\"><a href=\"https:\/\/pjcanindeyu.gov.py\/wp-content\/uploads\/2023\/06\/Juan-Andres.jpg\"><img loading=\"lazy\" decoding=\"async\" src=\"https:\/\/pjcanindeyu.gov.py\/wp-content\/uploads\/2023\/06\/Juan-Andres-756x1024.jpg\" alt=\"\" class=\"wp-image-2484\" width=\"461\" height=\"624\" srcset=\"https:\/\/pjcanindeyu.gov.py\/wp-content\/uploads\/2023\/06\/Juan-Andres-756x1024.jpg 756w, https:\/\/pjcanindeyu.gov.py\/wp-content\/uploads\/2023\/06\/Juan-Andres-221x300.jpg 221w, https:\/\/pjcanindeyu.gov.py\/wp-content\/uploads\/2023\/06\/Juan-Andres-768x1041.jpg 768w, https:\/\/pjcanindeyu.gov.py\/wp-content\/uploads\/2023\/06\/Juan-Andres-1134x1536.jpg 1134w, https:\/\/pjcanindeyu.gov.py\/wp-content\/uploads\/2023\/06\/Juan-Andres-1511x2048.jpg 1511w, https:\/\/pjcanindeyu.gov.py\/wp-content\/uploads\/2023\/06\/Juan-Andres.jpg 1780w\" sizes=\"auto, (max-width: 461px) 100vw, 461px\" \/><\/a><\/figure>\n<\/div><\/div>\n<\/div>\n\n\n\n<p><br>El Magistrado continuar\u00e1 en funciones hasta el lunes, 3 de julio del presente a\u00f1o. Posteriormente, el Juzgado de Penal de Garant\u00edas N\u00ba 4 ser\u00e1 interinado por la Magistrada, Guillermina Gonz\u00e1lez, Juez de Penal de Garant\u00edas N\u00ba 1, sin perjuicio de sus funciones originarias. Por otro lado, el Juzgado Penal de Adolescente ser\u00e1 interinado por la Magistrada, Marta Elodia Romero, Juez Penal de Garant\u00edas N\u00ba 3, sin perjuicio de sus funciones originarias, hasta nuevas disposiciones de la m\u00e1xima autoridad judicial del pa\u00eds.<\/p>\n","protected":false},"excerpt":{"rendered":"<p>En la sesi\u00f3n plenaria de la Corte Suprema de Justicia de la fecha, se acept\u00f3 la renuncia presentada por el Abg. Juan Andr\u00e9s Acosta, quien se desempe\u00f1a como Juez Penal de Garant\u00edas N\u00ba 4 e Interino del Juzgado Penal Adolescente de Saltos del Guair\u00e1. Despu\u00e9s de una prolongada carrera en [&hellip;]<\/p>\n","protected":false},"author":1,"featured_media":2485,"comment_status":"open","ping_status":"closed","sticky":false,"template":"","format":"standard","meta":{"footnotes":""},"categories":[2],"tags":[],"class_list":["post-2483","post","type-post","status-publish","format-standard","has-post-thumbnail","hentry","category-notas"],"_links":{"self":[{"href":"https:\/\/pjcanindeyu.gov.py\/index.php?rest_route=\/wp\/v2\/posts\/2483","targetHints":{"allow":["GET"]}}],"collection":[{"href":"https:\/\/pjcanindeyu.gov.py\/index.php?rest_route=\/wp\/v2\/posts"}],"about":[{"href":"https:\/\/pjcanindeyu.gov.py\/index.php?rest_route=\/wp\/v2\/types\/post"}],"author":[{"embeddable":true,"href":"https:\/\/pjcanindeyu.gov.py\/index.php?rest_route=\/wp\/v2\/users\/1"}],"replies":[{"embeddable":true,"href":"https:\/\/pjcanindeyu.gov.py\/index.php?rest_route=%2Fwp%2Fv2%2Fcomments&post=2483"}],"version-history":[{"count":3,"href":"https:\/\/pjcanindeyu.gov.py\/index.php?rest_route=\/wp\/v2\/posts\/2483\/revisions"}],"predecessor-version":[{"id":2488,"href":"https:\/\/pjcanindeyu.gov.py\/index.php?rest_route=\/wp\/v2\/posts\/2483\/revisions\/2488"}],"wp:featuredmedia":[{"embeddable":true,"href":"https:\/\/pjcanindeyu.gov.py\/index.php?rest_route=\/wp\/v2\/media\/2485"}],"wp:attachment":[{"href":"https:\/\/pjcanindeyu.gov.py\/index.php?rest_route=%2Fwp%2Fv2%2Fmedia&parent=2483"}],"wp:term":[{"taxonomy":"category","embeddable":true,"href":"https:\/\/pjcanindeyu.gov.py\/index.php?rest_route=%2Fwp%2Fv2%2Fcategories&post=2483"},{"taxonomy":"post_tag","embeddable":true,"href":"https:\/\/pjcanindeyu.gov.py\/index.php?rest_route=%2Fwp%2Fv2%2Ftags&post=2483"}],"curies":[{"name":"wp","href":"https:\/\/api.w.org\/{rel}","templated":true}]}}