
{"id":2489,"date":"2023-06-23T14:34:37","date_gmt":"2023-06-23T14:34:37","guid":{"rendered":"https:\/\/pjcanindeyu.gov.py\/?p=2489"},"modified":"2023-06-23T15:02:48","modified_gmt":"2023-06-23T15:02:48","slug":"reunion-interinstitucional-de-abordaje-sobre-la-problematica-social-relacionada-a-ninos-y-adolescentes-en-situacion-de-calle-en-saltos-del-guaira","status":"publish","type":"post","link":"https:\/\/pjcanindeyu.gov.py\/?p=2489","title":{"rendered":"Reuni\u00f3n interinstitucional de abordaje sobre la problem\u00e1tica social relacionada a ni\u00f1os y adolescentes en situaci\u00f3n de calle en Saltos del Guair\u00e1"},"content":{"rendered":"\n<p>En la reuni\u00f3n interinstitucional llevada adelante en sede del Ministerio P\u00fablico, el Poder Judicial estuvo representado por la Jueza de la Ni\u00f1ez y Adolescencia de Saltos del Guaira, Abg. Rut Contrera.<br>Participaron adem\u00e1s, el Fiscal Adjunto, Agentes Fiscales, el Intendente Municipal, Asesor Jur\u00eddico y el Secretario General, representantes de la Polic\u00eda Nacional, Defensoras P\u00fablicas de la Ni\u00f1ez y Adolescencia, representantes de la Universidad Nacional de Canindey\u00fa y de la Asociaci\u00f3n de Comerciantes de Saltos del Guair\u00e1.<br>La reuni\u00f3n tuvo como objetivo el an\u00e1lisis de la delicada situaci\u00f3n social que representan en la actualidad, los ni\u00f1os y adolescentes en situaci\u00f3n de calle. Se pretende aunar esfuerzos con la finalidad de implementar acciones concretas para mitigar la problem\u00e1tica. Se discutieron las causas y se analiz\u00f3 posibles soluciones e intervenciones institucionales.<br>Se acord\u00f3 adem\u00e1s, proseguir con los trabajos, sumando a otras instituciones, como la Gobernaci\u00f3n de Canindey\u00fa.<br>Finalmente, los intervinientes se comprometieron a continuar con el trabajo coordinado interinstitucional, a modo de encontrar soluciones efectivas, garantizar la protecci\u00f3n y el bienestar de los ni\u00f1os y adolescentes en posible estado de vulnerabilidad, y coadyuvar con el fortalecimiento de la actividad comercial y tur\u00edstica de la ciudad, que constituye su principal fuente de desarrollo social y econ\u00f3mico.<\/p>\n\n\n\n<div class=\"wp-block-columns is-layout-flex wp-container-core-columns-is-layout-9d6595d7 wp-block-columns-is-layout-flex\">\n<div class=\"wp-block-column galeria is-layout-flow wp-block-column-is-layout-flow\">\n<figure class=\"wp-block-image size-large rounded\"><a href=\"https:\/\/pjcanindeyu.gov.py\/wp-content\/uploads\/2023\/06\/Reunion-interinstitucional.jpeg\"><img loading=\"lazy\" decoding=\"async\" width=\"1024\" height=\"768\" src=\"https:\/\/pjcanindeyu.gov.py\/wp-content\/uploads\/2023\/06\/Reunion-interinstitucional-1024x768.jpeg\" alt=\"\" class=\"wp-image-2490\" srcset=\"https:\/\/pjcanindeyu.gov.py\/wp-content\/uploads\/2023\/06\/Reunion-interinstitucional-1024x768.jpeg 1024w, https:\/\/pjcanindeyu.gov.py\/wp-content\/uploads\/2023\/06\/Reunion-interinstitucional-300x225.jpeg 300w, https:\/\/pjcanindeyu.gov.py\/wp-content\/uploads\/2023\/06\/Reunion-interinstitucional-768x576.jpeg 768w, https:\/\/pjcanindeyu.gov.py\/wp-content\/uploads\/2023\/06\/Reunion-interinstitucional-1536x1152.jpeg 1536w, https:\/\/pjcanindeyu.gov.py\/wp-content\/uploads\/2023\/06\/Reunion-interinstitucional.jpeg 1600w\" sizes=\"auto, (max-width: 1024px) 100vw, 1024px\" \/><\/a><\/figure>\n<\/div>\n<\/div>\n\n\n\n<div class=\"wp-block-columns is-layout-flex wp-container-core-columns-is-layout-9d6595d7 wp-block-columns-is-layout-flex\">\n<div class=\"wp-block-column galeria is-layout-flow wp-block-column-is-layout-flow\">\n<figure class=\"wp-block-image size-full rounded\"><a href=\"https:\/\/pjcanindeyu.gov.py\/wp-content\/uploads\/2023\/06\/Rut-Contrera.jpg\"><img loading=\"lazy\" decoding=\"async\" width=\"768\" height=\"1024\" src=\"https:\/\/pjcanindeyu.gov.py\/wp-content\/uploads\/2023\/06\/Rut-Contrera.jpg\" alt=\"\" class=\"wp-image-2491\" srcset=\"https:\/\/pjcanindeyu.gov.py\/wp-content\/uploads\/2023\/06\/Rut-Contrera.jpg 768w, https:\/\/pjcanindeyu.gov.py\/wp-content\/uploads\/2023\/06\/Rut-Contrera-225x300.jpg 225w\" sizes=\"auto, (max-width: 768px) 100vw, 768px\" \/><\/a><\/figure>\n<\/div>\n\n\n\n<div class=\"wp-block-column is-layout-flow wp-block-column-is-layout-flow\"><\/div>\n\n\n\n<div class=\"wp-block-column is-layout-flow wp-block-column-is-layout-flow\"><\/div>\n\n\n\n<div class=\"wp-block-column is-layout-flow wp-block-column-is-layout-flow\"><\/div>\n<\/div>\n","protected":false},"excerpt":{"rendered":"<p>En la reuni\u00f3n interinstitucional llevada adelante en sede del Ministerio P\u00fablico, el Poder Judicial estuvo representado por la Jueza de la Ni\u00f1ez y Adolescencia de Saltos del Guaira, Abg. Rut Contrera.Participaron adem\u00e1s, el Fiscal Adjunto, Agentes Fiscales, el Intendente Municipal, Asesor Jur\u00eddico y el Secretario General, representantes de la Polic\u00eda [&hellip;]<\/p>\n","protected":false},"author":1,"featured_media":2490,"comment_status":"open","ping_status":"closed","sticky":false,"template":"","format":"standard","meta":{"footnotes":""},"categories":[2],"tags":[],"class_list":["post-2489","post","type-post","status-publish","format-standard","has-post-thumbnail","hentry","category-notas"],"_links":{"self":[{"href":"https:\/\/pjcanindeyu.gov.py\/index.php?rest_route=\/wp\/v2\/posts\/2489","targetHints":{"allow":["GET"]}}],"collection":[{"href":"https:\/\/pjcanindeyu.gov.py\/index.php?rest_route=\/wp\/v2\/posts"}],"about":[{"href":"https:\/\/pjcanindeyu.gov.py\/index.php?rest_route=\/wp\/v2\/types\/post"}],"author":[{"embeddable":true,"href":"https:\/\/pjcanindeyu.gov.py\/index.php?rest_route=\/wp\/v2\/users\/1"}],"replies":[{"embeddable":true,"href":"https:\/\/pjcanindeyu.gov.py\/index.php?rest_route=%2Fwp%2Fv2%2Fcomments&post=2489"}],"version-history":[{"count":2,"href":"https:\/\/pjcanindeyu.gov.py\/index.php?rest_route=\/wp\/v2\/posts\/2489\/revisions"}],"predecessor-version":[{"id":2494,"href":"https:\/\/pjcanindeyu.gov.py\/index.php?rest_route=\/wp\/v2\/posts\/2489\/revisions\/2494"}],"wp:featuredmedia":[{"embeddable":true,"href":"https:\/\/pjcanindeyu.gov.py\/index.php?rest_route=\/wp\/v2\/media\/2490"}],"wp:attachment":[{"href":"https:\/\/pjcanindeyu.gov.py\/index.php?rest_route=%2Fwp%2Fv2%2Fmedia&parent=2489"}],"wp:term":[{"taxonomy":"category","embeddable":true,"href":"https:\/\/pjcanindeyu.gov.py\/index.php?rest_route=%2Fwp%2Fv2%2Fcategories&post=2489"},{"taxonomy":"post_tag","embeddable":true,"href":"https:\/\/pjcanindeyu.gov.py\/index.php?rest_route=%2Fwp%2Fv2%2Ftags&post=2489"}],"curies":[{"name":"wp","href":"https:\/\/api.w.org\/{rel}","templated":true}]}}