
{"id":2496,"date":"2023-06-28T16:08:50","date_gmt":"2023-06-28T16:08:50","guid":{"rendered":"https:\/\/pjcanindeyu.gov.py\/?p=2496"},"modified":"2023-06-30T16:15:51","modified_gmt":"2023-06-30T16:15:51","slug":"jornada-de-socializacion-de-las-funciones-del-poder-judicial-en-el-colegio-adventista-de-curuguaty","status":"publish","type":"post","link":"https:\/\/pjcanindeyu.gov.py\/?p=2496","title":{"rendered":"Jornada de socializaci\u00f3n de las funciones del Poder Judicial en el Colegio Adventista de Curuguaty"},"content":{"rendered":"\n<p>En el Colegio Adventista de la ciudad de Curuguaty, se llev\u00f3 a cabo una charla dirigida a los alumnos del tercer ciclo y nivel medio. En esta ocasi\u00f3n, el encargado de brindar la charla fue el Juez de Paz del primer turno de la ciudad de Curuguaty, Abg. Jos\u00e9 L\u00f3pez, quien comparti\u00f3 informaci\u00f3n relevante sobre la funci\u00f3n del poder judicial y, en particular, del juzgado de paz a servicio de la comunidad.<\/p>\n\n\n\n<p>La charla cont\u00f3 tambi\u00e9n con la participaci\u00f3n de la mediadora, la Escribana Lourdes Silveira, quien enriqueci\u00f3 el encuentro con su experiencia y conocimiento en el \u00e1mbito de la mediaci\u00f3n, como mecanismo alternativo para la soluci\u00f3n de los conflictos sociales.<\/p>\n\n\n\n<figure class=\"wp-block-gallery has-nested-images columns-default is-cropped galeria wp-block-gallery-1 is-layout-flex wp-block-gallery-is-layout-flex\">\n<figure class=\"wp-block-image size-large rounded\"><a href=\"https:\/\/pjcanindeyu.gov.py\/wp-content\/uploads\/2023\/06\/Colegio_Adventista1.jpg\"><img loading=\"lazy\" decoding=\"async\" width=\"799\" height=\"600\" data-id=\"2497\" src=\"https:\/\/pjcanindeyu.gov.py\/wp-content\/uploads\/2023\/06\/Colegio_Adventista1.jpg\" alt=\"\" class=\"wp-image-2497\" srcset=\"https:\/\/pjcanindeyu.gov.py\/wp-content\/uploads\/2023\/06\/Colegio_Adventista1.jpg 799w, https:\/\/pjcanindeyu.gov.py\/wp-content\/uploads\/2023\/06\/Colegio_Adventista1-300x225.jpg 300w, https:\/\/pjcanindeyu.gov.py\/wp-content\/uploads\/2023\/06\/Colegio_Adventista1-768x577.jpg 768w\" sizes=\"auto, (max-width: 799px) 100vw, 799px\" \/><\/a><\/figure>\n<\/figure>\n\n\n\n<figure class=\"wp-block-gallery has-nested-images columns-4 is-cropped galeria wp-block-gallery-2 is-layout-flex wp-block-gallery-is-layout-flex\">\n<figure class=\"wp-block-image size-large\"><a href=\"https:\/\/pjcanindeyu.gov.py\/wp-content\/uploads\/2023\/06\/Colegio_Adventista2.jpg\"><img loading=\"lazy\" decoding=\"async\" width=\"801\" height=\"600\" data-id=\"2498\" src=\"https:\/\/pjcanindeyu.gov.py\/wp-content\/uploads\/2023\/06\/Colegio_Adventista2.jpg\" alt=\"\" class=\"wp-image-2498\" srcset=\"https:\/\/pjcanindeyu.gov.py\/wp-content\/uploads\/2023\/06\/Colegio_Adventista2.jpg 801w, https:\/\/pjcanindeyu.gov.py\/wp-content\/uploads\/2023\/06\/Colegio_Adventista2-300x225.jpg 300w, https:\/\/pjcanindeyu.gov.py\/wp-content\/uploads\/2023\/06\/Colegio_Adventista2-768x575.jpg 768w\" sizes=\"auto, (max-width: 801px) 100vw, 801px\" \/><\/a><\/figure>\n\n\n\n<figure class=\"wp-block-image size-large\"><a href=\"https:\/\/pjcanindeyu.gov.py\/wp-content\/uploads\/2023\/06\/Colegio_Adventista3.jpg\"><img loading=\"lazy\" decoding=\"async\" width=\"720\" height=\"539\" data-id=\"2499\" src=\"https:\/\/pjcanindeyu.gov.py\/wp-content\/uploads\/2023\/06\/Colegio_Adventista3.jpg\" alt=\"\" class=\"wp-image-2499\" srcset=\"https:\/\/pjcanindeyu.gov.py\/wp-content\/uploads\/2023\/06\/Colegio_Adventista3.jpg 720w, https:\/\/pjcanindeyu.gov.py\/wp-content\/uploads\/2023\/06\/Colegio_Adventista3-300x225.jpg 300w\" sizes=\"auto, (max-width: 720px) 100vw, 720px\" \/><\/a><\/figure>\n\n\n\n<figure class=\"wp-block-image size-large\"><a href=\"https:\/\/pjcanindeyu.gov.py\/wp-content\/uploads\/2023\/06\/Colegio_Adventista4.jpg\"><img loading=\"lazy\" decoding=\"async\" width=\"720\" height=\"960\" data-id=\"2500\" src=\"https:\/\/pjcanindeyu.gov.py\/wp-content\/uploads\/2023\/06\/Colegio_Adventista4.jpg\" alt=\"\" class=\"wp-image-2500\" srcset=\"https:\/\/pjcanindeyu.gov.py\/wp-content\/uploads\/2023\/06\/Colegio_Adventista4.jpg 720w, https:\/\/pjcanindeyu.gov.py\/wp-content\/uploads\/2023\/06\/Colegio_Adventista4-225x300.jpg 225w\" sizes=\"auto, (max-width: 720px) 100vw, 720px\" \/><\/a><\/figure>\n<\/figure>\n\n\n\n<p><\/p>\n","protected":false},"excerpt":{"rendered":"<p>En el Colegio Adventista de la ciudad de Curuguaty, se llev\u00f3 a cabo una charla dirigida a los alumnos del tercer ciclo y nivel medio. En esta ocasi\u00f3n, el encargado de brindar la charla fue el Juez de Paz del primer turno de la ciudad de Curuguaty, Abg. Jos\u00e9 L\u00f3pez, [&hellip;]<\/p>\n","protected":false},"author":1,"featured_media":2497,"comment_status":"open","ping_status":"closed","sticky":false,"template":"","format":"standard","meta":{"footnotes":""},"categories":[2],"tags":[],"class_list":["post-2496","post","type-post","status-publish","format-standard","has-post-thumbnail","hentry","category-notas"],"_links":{"self":[{"href":"https:\/\/pjcanindeyu.gov.py\/index.php?rest_route=\/wp\/v2\/posts\/2496","targetHints":{"allow":["GET"]}}],"collection":[{"href":"https:\/\/pjcanindeyu.gov.py\/index.php?rest_route=\/wp\/v2\/posts"}],"about":[{"href":"https:\/\/pjcanindeyu.gov.py\/index.php?rest_route=\/wp\/v2\/types\/post"}],"author":[{"embeddable":true,"href":"https:\/\/pjcanindeyu.gov.py\/index.php?rest_route=\/wp\/v2\/users\/1"}],"replies":[{"embeddable":true,"href":"https:\/\/pjcanindeyu.gov.py\/index.php?rest_route=%2Fwp%2Fv2%2Fcomments&post=2496"}],"version-history":[{"count":1,"href":"https:\/\/pjcanindeyu.gov.py\/index.php?rest_route=\/wp\/v2\/posts\/2496\/revisions"}],"predecessor-version":[{"id":2501,"href":"https:\/\/pjcanindeyu.gov.py\/index.php?rest_route=\/wp\/v2\/posts\/2496\/revisions\/2501"}],"wp:featuredmedia":[{"embeddable":true,"href":"https:\/\/pjcanindeyu.gov.py\/index.php?rest_route=\/wp\/v2\/media\/2497"}],"wp:attachment":[{"href":"https:\/\/pjcanindeyu.gov.py\/index.php?rest_route=%2Fwp%2Fv2%2Fmedia&parent=2496"}],"wp:term":[{"taxonomy":"category","embeddable":true,"href":"https:\/\/pjcanindeyu.gov.py\/index.php?rest_route=%2Fwp%2Fv2%2Fcategories&post=2496"},{"taxonomy":"post_tag","embeddable":true,"href":"https:\/\/pjcanindeyu.gov.py\/index.php?rest_route=%2Fwp%2Fv2%2Ftags&post=2496"}],"curies":[{"name":"wp","href":"https:\/\/api.w.org\/{rel}","templated":true}]}}