
{"id":2502,"date":"2023-06-27T16:15:55","date_gmt":"2023-06-27T16:15:55","guid":{"rendered":"https:\/\/pjcanindeyu.gov.py\/?p=2502"},"modified":"2023-06-30T16:29:51","modified_gmt":"2023-06-30T16:29:51","slug":"saludo-de-la-ministra-llanes-por-el-dia-de-la-magistrada-paraguaya","status":"publish","type":"post","link":"https:\/\/pjcanindeyu.gov.py\/?p=2502","title":{"rendered":"Saludo de la ministra Llanes por el D\u00eda de la Magistrada Paraguaya"},"content":{"rendered":"\n<p><\/p>\n\n\n\n<p><\/p>\n\n\n\n<p>La vicepresidenta primera de la Corte Suprema de Justicia, doctora Carolina Llanes, rindi\u00f3 homenaje a sus colegas magistradas por el D\u00eda de la Magistrada Paraguaya, conmemoraci\u00f3n que se realiza de manera anual cada 27 de junio, por el fallecimiento de la ilustre magistrada Diana Eveline Mereles Duarte, asesinada en su juzgado en la ciudad de Hernandarias, Circunscripci\u00f3n Judicial de Alto Paran\u00e1.<\/p>\n\n\n\n<figure class=\"wp-block-video\"><video height=\"720\" style=\"aspect-ratio: 1280 \/ 720;\" width=\"1280\" controls src=\"https:\/\/pjcanindeyu.gov.py\/wp-content\/uploads\/2023\/06\/DiaMagistrada.mp4\"><\/video><\/figure>\n\n\n\n<h6 class=\"wp-block-heading\"><strong>En ese sentido, a continuaci\u00f3n, se adjunta \u00edntegramente su mensaje:<\/strong><\/h6>\n\n\n\n<p>\u201cHoy, 27 de junio, se celebra el D\u00eda de la Magistrada Paraguaya, en conmemoraci\u00f3n del fallecimiento de la jueza Diana Eveline Mereles Duarte, de la ciudad de Hernandarias, Circunscripci\u00f3n Judicial de Alto Paran\u00e1. Se recuerda el d\u00eda por Ley N\u00b0 6698\/2021, que faculta recordar esta fecha de manera anual. Mi reconocimiento a todas las magistradas quienes con probidad, responsabilidad y dedicaci\u00f3n desarrollan esta noble labor en sus respectivos juzgados, tribunales y salas, dignificando la tarea de impartir justicia. Quiero destacar el trabajo que a diario realizan, sus deberes en causas sin importar que estas sean sencillas, controvertidas o pol\u00e9micas a fin de dirimir e impartir justicia. En tal sentido, les insto a continuar por la senda de la honestidad, pues son ustedes el refugio de la ciudadan\u00eda que busca justicia. Les pido que reafirmen su accionar en los valores que deben regir en el mundo del derecho, pues, aun cuando el reconocimiento de la ciudadan\u00eda no llegue, tendr\u00e1n la satisfacci\u00f3n de haber obrado bajo el mandato de la Ley y la Constituci\u00f3n. Por ello, felicitaciones a cada una de las magistradas, gratificando el apoyo en el ejercicio de la labor judicial\u201d.<\/p>\n","protected":false},"excerpt":{"rendered":"<p>La vicepresidenta primera de la Corte Suprema de Justicia, doctora Carolina Llanes, rindi\u00f3 homenaje a sus colegas magistradas por el D\u00eda de la Magistrada Paraguaya, conmemoraci\u00f3n que se realiza de manera anual cada 27 de junio, por el fallecimiento de la ilustre magistrada Diana Eveline Mereles Duarte, asesinada en su [&hellip;]<\/p>\n","protected":false},"author":1,"featured_media":2504,"comment_status":"open","ping_status":"closed","sticky":false,"template":"","format":"standard","meta":{"footnotes":""},"categories":[2],"tags":[],"class_list":["post-2502","post","type-post","status-publish","format-standard","has-post-thumbnail","hentry","category-notas"],"_links":{"self":[{"href":"https:\/\/pjcanindeyu.gov.py\/index.php?rest_route=\/wp\/v2\/posts\/2502","targetHints":{"allow":["GET"]}}],"collection":[{"href":"https:\/\/pjcanindeyu.gov.py\/index.php?rest_route=\/wp\/v2\/posts"}],"about":[{"href":"https:\/\/pjcanindeyu.gov.py\/index.php?rest_route=\/wp\/v2\/types\/post"}],"author":[{"embeddable":true,"href":"https:\/\/pjcanindeyu.gov.py\/index.php?rest_route=\/wp\/v2\/users\/1"}],"replies":[{"embeddable":true,"href":"https:\/\/pjcanindeyu.gov.py\/index.php?rest_route=%2Fwp%2Fv2%2Fcomments&post=2502"}],"version-history":[{"count":1,"href":"https:\/\/pjcanindeyu.gov.py\/index.php?rest_route=\/wp\/v2\/posts\/2502\/revisions"}],"predecessor-version":[{"id":2505,"href":"https:\/\/pjcanindeyu.gov.py\/index.php?rest_route=\/wp\/v2\/posts\/2502\/revisions\/2505"}],"wp:featuredmedia":[{"embeddable":true,"href":"https:\/\/pjcanindeyu.gov.py\/index.php?rest_route=\/wp\/v2\/media\/2504"}],"wp:attachment":[{"href":"https:\/\/pjcanindeyu.gov.py\/index.php?rest_route=%2Fwp%2Fv2%2Fmedia&parent=2502"}],"wp:term":[{"taxonomy":"category","embeddable":true,"href":"https:\/\/pjcanindeyu.gov.py\/index.php?rest_route=%2Fwp%2Fv2%2Fcategories&post=2502"},{"taxonomy":"post_tag","embeddable":true,"href":"https:\/\/pjcanindeyu.gov.py\/index.php?rest_route=%2Fwp%2Fv2%2Ftags&post=2502"}],"curies":[{"name":"wp","href":"https:\/\/api.w.org\/{rel}","templated":true}]}}