
{"id":2512,"date":"2023-07-04T14:11:00","date_gmt":"2023-07-04T18:11:00","guid":{"rendered":"https:\/\/pjcanindeyu.gov.py\/?p=2512"},"modified":"2023-07-05T08:14:40","modified_gmt":"2023-07-05T12:14:40","slug":"coordinacion-de-trabajos-de-mediacion-en-casos-relacionados-con-la-propiedad-intelectual","status":"publish","type":"post","link":"https:\/\/pjcanindeyu.gov.py\/?p=2512","title":{"rendered":"Coordinaci\u00f3n de trabajos de mediaci\u00f3n en casos relacionados con la propiedad intelectual"},"content":{"rendered":"\n<p>Juezas del fuero Civil y Comercial de Saltos del Guair\u00e1 y Katuet\u00e9 participaron de una jornada de coordinaci\u00f3n con miembros de la Oficina Regional de Mediaci\u00f3n y la Direcci\u00f3n de Propiedad Intelectual de la CSJ, con la finalidad de difundir y aplicar eficientemente el servicio de mediaci\u00f3n como m\u00e9todo alternativo de resoluci\u00f3n de disputas en casos de Propiedad Intelectual. Esta iniciativa ha sido aprobada por el Consejo de Superintendencia de la Corte Suprema de Justicia (CSJ).<\/p>\n\n\n\n<figure class=\"wp-block-gallery has-nested-images columns-default is-cropped galeria wp-block-gallery-1 is-layout-flex wp-block-gallery-is-layout-flex\">\n<figure class=\"wp-block-image size-large\"><a href=\"https:\/\/pjcanindeyu.gov.py\/wp-content\/uploads\/2023\/07\/coord-intelectual0.jpg\"><img loading=\"lazy\" decoding=\"async\" width=\"1024\" height=\"707\" data-id=\"2514\" src=\"https:\/\/pjcanindeyu.gov.py\/wp-content\/uploads\/2023\/07\/coord-intelectual0-1024x707.jpg\" alt=\"\" class=\"wp-image-2514\" srcset=\"https:\/\/pjcanindeyu.gov.py\/wp-content\/uploads\/2023\/07\/coord-intelectual0-1024x707.jpg 1024w, https:\/\/pjcanindeyu.gov.py\/wp-content\/uploads\/2023\/07\/coord-intelectual0-300x207.jpg 300w, https:\/\/pjcanindeyu.gov.py\/wp-content\/uploads\/2023\/07\/coord-intelectual0-768x530.jpg 768w, https:\/\/pjcanindeyu.gov.py\/wp-content\/uploads\/2023\/07\/coord-intelectual0.jpg 1280w\" sizes=\"auto, (max-width: 1024px) 100vw, 1024px\" \/><\/a><\/figure>\n<\/figure>\n\n\n\n<figure class=\"wp-block-gallery has-nested-images columns-4 is-cropped galeria wp-block-gallery-2 is-layout-flex wp-block-gallery-is-layout-flex\">\n<figure class=\"wp-block-image size-large rounded\"><a href=\"https:\/\/pjcanindeyu.gov.py\/wp-content\/uploads\/2023\/07\/coord-intelectual13.jpg\"><img loading=\"lazy\" decoding=\"async\" width=\"768\" height=\"1024\" data-id=\"2517\" src=\"https:\/\/pjcanindeyu.gov.py\/wp-content\/uploads\/2023\/07\/coord-intelectual13-768x1024.jpg\" alt=\"\" class=\"wp-image-2517\" srcset=\"https:\/\/pjcanindeyu.gov.py\/wp-content\/uploads\/2023\/07\/coord-intelectual13-768x1024.jpg 768w, https:\/\/pjcanindeyu.gov.py\/wp-content\/uploads\/2023\/07\/coord-intelectual13-225x300.jpg 225w, https:\/\/pjcanindeyu.gov.py\/wp-content\/uploads\/2023\/07\/coord-intelectual13-1152x1536.jpg 1152w, https:\/\/pjcanindeyu.gov.py\/wp-content\/uploads\/2023\/07\/coord-intelectual13.jpg 1200w\" sizes=\"auto, (max-width: 768px) 100vw, 768px\" \/><\/a><\/figure>\n\n\n\n<figure class=\"wp-block-image size-large rounded\"><a href=\"https:\/\/pjcanindeyu.gov.py\/wp-content\/uploads\/2023\/07\/coord-intelectual.jpg\"><img loading=\"lazy\" decoding=\"async\" width=\"768\" height=\"1024\" data-id=\"2513\" src=\"https:\/\/pjcanindeyu.gov.py\/wp-content\/uploads\/2023\/07\/coord-intelectual-768x1024.jpg\" alt=\"\" class=\"wp-image-2513\" srcset=\"https:\/\/pjcanindeyu.gov.py\/wp-content\/uploads\/2023\/07\/coord-intelectual-768x1024.jpg 768w, https:\/\/pjcanindeyu.gov.py\/wp-content\/uploads\/2023\/07\/coord-intelectual-225x300.jpg 225w, https:\/\/pjcanindeyu.gov.py\/wp-content\/uploads\/2023\/07\/coord-intelectual-1152x1536.jpg 1152w, https:\/\/pjcanindeyu.gov.py\/wp-content\/uploads\/2023\/07\/coord-intelectual.jpg 1200w\" sizes=\"auto, (max-width: 768px) 100vw, 768px\" \/><\/a><\/figure>\n\n\n\n<figure class=\"wp-block-image size-large rounded\"><a href=\"https:\/\/pjcanindeyu.gov.py\/wp-content\/uploads\/2023\/07\/coord-intelectual1.jpg\"><img loading=\"lazy\" decoding=\"async\" width=\"1024\" height=\"647\" data-id=\"2515\" src=\"https:\/\/pjcanindeyu.gov.py\/wp-content\/uploads\/2023\/07\/coord-intelectual1-1024x647.jpg\" alt=\"\" class=\"wp-image-2515\" srcset=\"https:\/\/pjcanindeyu.gov.py\/wp-content\/uploads\/2023\/07\/coord-intelectual1-1024x647.jpg 1024w, https:\/\/pjcanindeyu.gov.py\/wp-content\/uploads\/2023\/07\/coord-intelectual1-300x190.jpg 300w, https:\/\/pjcanindeyu.gov.py\/wp-content\/uploads\/2023\/07\/coord-intelectual1-768x485.jpg 768w, https:\/\/pjcanindeyu.gov.py\/wp-content\/uploads\/2023\/07\/coord-intelectual1.jpg 1280w\" sizes=\"auto, (max-width: 1024px) 100vw, 1024px\" \/><\/a><\/figure>\n\n\n\n<figure class=\"wp-block-image size-large rounded\"><a href=\"https:\/\/pjcanindeyu.gov.py\/wp-content\/uploads\/2023\/07\/coord-intelectual2.jpg\"><img loading=\"lazy\" decoding=\"async\" width=\"862\" height=\"1024\" data-id=\"2516\" src=\"https:\/\/pjcanindeyu.gov.py\/wp-content\/uploads\/2023\/07\/coord-intelectual2-862x1024.jpg\" alt=\"\" class=\"wp-image-2516\" srcset=\"https:\/\/pjcanindeyu.gov.py\/wp-content\/uploads\/2023\/07\/coord-intelectual2-862x1024.jpg 862w, https:\/\/pjcanindeyu.gov.py\/wp-content\/uploads\/2023\/07\/coord-intelectual2-253x300.jpg 253w, https:\/\/pjcanindeyu.gov.py\/wp-content\/uploads\/2023\/07\/coord-intelectual2-768x912.jpg 768w, https:\/\/pjcanindeyu.gov.py\/wp-content\/uploads\/2023\/07\/coord-intelectual2.jpg 1078w\" sizes=\"auto, (max-width: 862px) 100vw, 862px\" \/><\/a><\/figure>\n<\/figure>\n\n\n\n<p>La reuni\u00f3n tuvo como objetivo presentar la mediaci\u00f3n como una opci\u00f3n adicional para resolver conflictos, junto con la conciliaci\u00f3n, con el fin de reducir la cantidad de casos y agilizar los procedimientos judiciales, un ideal anhelado por todos los justiciables que recurren a los \u00f3rganos jurisdiccionales.<\/p>\n\n\n\n<p>Participaron del encuentro la Jueza. Abg. Silvia Cuevas, del Fuero Civil y Comercial de Saltos del Guair\u00e1, la Jueza, Abg. Josefina Gunsett, del Fuero Civil, Comercial, Laboral y de la Ni\u00f1ez y la Adolescencia de Katuet\u00e9, la responsable de la Direcci\u00f3n de Propiedad Intelectual de la CSJ, Abg. Gabriela Talavera, y la Abg. Mar\u00eda Isabel Estigarribia Monges de la Oficina Regional de Mediaci\u00f3n.<\/p>\n","protected":false},"excerpt":{"rendered":"<p>Juezas del fuero Civil y Comercial de Saltos del Guair\u00e1 y Katuet\u00e9 participaron de una jornada de coordinaci\u00f3n con miembros de la Oficina Regional de Mediaci\u00f3n y la Direcci\u00f3n de Propiedad Intelectual de la CSJ, con la finalidad de difundir y aplicar eficientemente el servicio de mediaci\u00f3n como m\u00e9todo alternativo [&hellip;]<\/p>\n","protected":false},"author":1,"featured_media":2514,"comment_status":"open","ping_status":"closed","sticky":false,"template":"","format":"standard","meta":{"footnotes":""},"categories":[2],"tags":[],"class_list":["post-2512","post","type-post","status-publish","format-standard","has-post-thumbnail","hentry","category-notas"],"_links":{"self":[{"href":"https:\/\/pjcanindeyu.gov.py\/index.php?rest_route=\/wp\/v2\/posts\/2512","targetHints":{"allow":["GET"]}}],"collection":[{"href":"https:\/\/pjcanindeyu.gov.py\/index.php?rest_route=\/wp\/v2\/posts"}],"about":[{"href":"https:\/\/pjcanindeyu.gov.py\/index.php?rest_route=\/wp\/v2\/types\/post"}],"author":[{"embeddable":true,"href":"https:\/\/pjcanindeyu.gov.py\/index.php?rest_route=\/wp\/v2\/users\/1"}],"replies":[{"embeddable":true,"href":"https:\/\/pjcanindeyu.gov.py\/index.php?rest_route=%2Fwp%2Fv2%2Fcomments&post=2512"}],"version-history":[{"count":1,"href":"https:\/\/pjcanindeyu.gov.py\/index.php?rest_route=\/wp\/v2\/posts\/2512\/revisions"}],"predecessor-version":[{"id":2518,"href":"https:\/\/pjcanindeyu.gov.py\/index.php?rest_route=\/wp\/v2\/posts\/2512\/revisions\/2518"}],"wp:featuredmedia":[{"embeddable":true,"href":"https:\/\/pjcanindeyu.gov.py\/index.php?rest_route=\/wp\/v2\/media\/2514"}],"wp:attachment":[{"href":"https:\/\/pjcanindeyu.gov.py\/index.php?rest_route=%2Fwp%2Fv2%2Fmedia&parent=2512"}],"wp:term":[{"taxonomy":"category","embeddable":true,"href":"https:\/\/pjcanindeyu.gov.py\/index.php?rest_route=%2Fwp%2Fv2%2Fcategories&post=2512"},{"taxonomy":"post_tag","embeddable":true,"href":"https:\/\/pjcanindeyu.gov.py\/index.php?rest_route=%2Fwp%2Fv2%2Ftags&post=2512"}],"curies":[{"name":"wp","href":"https:\/\/api.w.org\/{rel}","templated":true}]}}