
{"id":2556,"date":"2023-07-24T07:46:04","date_gmt":"2023-07-24T11:46:04","guid":{"rendered":"https:\/\/pjcanindeyu.gov.py\/?p=2556"},"modified":"2023-07-24T07:46:05","modified_gmt":"2023-07-24T11:46:05","slug":"corte-suprema-declara-asueto-judicial-y-suspension-de-plazos-procesales-para-salto-del-guaira","status":"publish","type":"post","link":"https:\/\/pjcanindeyu.gov.py\/?p=2556","title":{"rendered":"Corte Suprema declara asueto judicial y suspensi\u00f3n de plazos procesales para Salto del Guair\u00e1"},"content":{"rendered":"\n<p>La Corte Suprema de Justicia, reunida en sesi\u00f3n plenaria, resolvi\u00f3 declarar asueto judicial y suspensi\u00f3n de plazos procesales el pr\u00f3ximo viernes 28 de julio para la ciudad de Salto del Guair\u00e1, Circunscripci\u00f3n Judicial de Canindey\u00fa, con motivo de conmemorarse su fecha fundacional. De esta forma los plazos procesales que deb\u00edan fenecer en la citada fecha pasar\u00e1n a vencer el d\u00eda 31 de julio.<\/p>\n\n\n\n<figure class=\"wp-block-gallery has-nested-images columns-default is-cropped wp-block-gallery-1 is-layout-flex wp-block-gallery-is-layout-flex\">\n<figure class=\"wp-block-image size-large galeria\"><a href=\"https:\/\/pjcanindeyu.gov.py\/wp-content\/uploads\/2023\/03\/30-12-21-61cdc1d93e06c-1.jpg\"><img loading=\"lazy\" decoding=\"async\" width=\"960\" height=\"685\" data-id=\"1902\" src=\"https:\/\/pjcanindeyu.gov.py\/wp-content\/uploads\/2023\/03\/30-12-21-61cdc1d93e06c-1.jpg\" alt=\"\" class=\"wp-image-1902\" srcset=\"https:\/\/pjcanindeyu.gov.py\/wp-content\/uploads\/2023\/03\/30-12-21-61cdc1d93e06c-1.jpg 960w, https:\/\/pjcanindeyu.gov.py\/wp-content\/uploads\/2023\/03\/30-12-21-61cdc1d93e06c-1-300x214.jpg 300w, https:\/\/pjcanindeyu.gov.py\/wp-content\/uploads\/2023\/03\/30-12-21-61cdc1d93e06c-1-768x548.jpg 768w\" sizes=\"auto, (max-width: 960px) 100vw, 960px\" \/><\/a><\/figure>\n<\/figure>\n\n\n\n<p>En el marco de la conmemoraci\u00f3n del aniversario de la ciudad de Salto del Guair\u00e1, Circunscripci\u00f3n Judicial de Canindey\u00fa, la m\u00e1xima instancia judicial declara asueto judicial y la suspensi\u00f3n de los plazos procesales correspondientes al d\u00eda 28 de julio. Los mismos pasar\u00e1n a fenecer el pr\u00f3ximo 31 de julio.&nbsp;<\/p>\n\n\n\n<p>Cabe se\u00f1alar que la Corte Suprema tiene atribuciones para dictar los actos que fueren necesarios para la mejor organizaci\u00f3n y eficiencia de la administraci\u00f3n de justicia.<\/p>\n","protected":false},"excerpt":{"rendered":"<p>La Corte Suprema de Justicia, reunida en sesi\u00f3n plenaria, resolvi\u00f3 declarar asueto judicial y suspensi\u00f3n de plazos procesales el pr\u00f3ximo viernes 28 de julio para la ciudad de Salto del Guair\u00e1, Circunscripci\u00f3n Judicial de Canindey\u00fa, con motivo de conmemorarse su fecha fundacional. De esta forma los plazos procesales que deb\u00edan [&hellip;]<\/p>\n","protected":false},"author":1,"featured_media":1902,"comment_status":"open","ping_status":"closed","sticky":false,"template":"","format":"standard","meta":{"footnotes":""},"categories":[2],"tags":[],"class_list":["post-2556","post","type-post","status-publish","format-standard","has-post-thumbnail","hentry","category-notas"],"_links":{"self":[{"href":"https:\/\/pjcanindeyu.gov.py\/index.php?rest_route=\/wp\/v2\/posts\/2556","targetHints":{"allow":["GET"]}}],"collection":[{"href":"https:\/\/pjcanindeyu.gov.py\/index.php?rest_route=\/wp\/v2\/posts"}],"about":[{"href":"https:\/\/pjcanindeyu.gov.py\/index.php?rest_route=\/wp\/v2\/types\/post"}],"author":[{"embeddable":true,"href":"https:\/\/pjcanindeyu.gov.py\/index.php?rest_route=\/wp\/v2\/users\/1"}],"replies":[{"embeddable":true,"href":"https:\/\/pjcanindeyu.gov.py\/index.php?rest_route=%2Fwp%2Fv2%2Fcomments&post=2556"}],"version-history":[{"count":1,"href":"https:\/\/pjcanindeyu.gov.py\/index.php?rest_route=\/wp\/v2\/posts\/2556\/revisions"}],"predecessor-version":[{"id":2557,"href":"https:\/\/pjcanindeyu.gov.py\/index.php?rest_route=\/wp\/v2\/posts\/2556\/revisions\/2557"}],"wp:featuredmedia":[{"embeddable":true,"href":"https:\/\/pjcanindeyu.gov.py\/index.php?rest_route=\/wp\/v2\/media\/1902"}],"wp:attachment":[{"href":"https:\/\/pjcanindeyu.gov.py\/index.php?rest_route=%2Fwp%2Fv2%2Fmedia&parent=2556"}],"wp:term":[{"taxonomy":"category","embeddable":true,"href":"https:\/\/pjcanindeyu.gov.py\/index.php?rest_route=%2Fwp%2Fv2%2Fcategories&post=2556"},{"taxonomy":"post_tag","embeddable":true,"href":"https:\/\/pjcanindeyu.gov.py\/index.php?rest_route=%2Fwp%2Fv2%2Ftags&post=2556"}],"curies":[{"name":"wp","href":"https:\/\/api.w.org\/{rel}","templated":true}]}}