
{"id":2619,"date":"2023-08-01T00:11:00","date_gmt":"2023-08-01T04:11:00","guid":{"rendered":"https:\/\/pjcanindeyu.gov.py\/?p=2619"},"modified":"2023-08-02T10:13:57","modified_gmt":"2023-08-02T14:13:57","slug":"ministra-llanes-resalto-accesibilidad-a-la-justicia-en-nueva-sede-judicial-de-saltos-del-guaira","status":"publish","type":"post","link":"https:\/\/pjcanindeyu.gov.py\/?p=2619","title":{"rendered":"Ministra Llanes resalt\u00f3 accesibilidad a la justicia en nueva sede judicial de Saltos del Guair\u00e1"},"content":{"rendered":"\n<p>La vicepresidenta primera de la Corte Suprema de Justicia (CSJ) y superintendente de la Circunscripci\u00f3n Judicial de Canindey\u00fa, doctora Carolina Llanes, particip\u00f3 de los actos protocolares de la inauguraci\u00f3n de la nueva sede judicial en Saltos del Guair\u00e1 el pasado viernes. En la oportunidad, al ser consultada sobre el compromiso institucional de ahora en m\u00e1s, se\u00f1al\u00f3 que la idea es acercar la justicia al pueblo y socializar las garant\u00edas para que la ciudadan\u00eda pueda conocer y exigir el cumplimiento de sus derechos.<\/p>\n\n\n\n<figure class=\"wp-block-gallery has-nested-images columns-default is-cropped wp-block-gallery-1 is-layout-flex wp-block-gallery-is-layout-flex\">\n<figure class=\"wp-block-image size-large galeria\"><img loading=\"lazy\" decoding=\"async\" width=\"1024\" height=\"683\" data-id=\"2579\" src=\"https:\/\/pjcanindeyu.gov.py\/wp-content\/uploads\/2023\/08\/000A3301-1024x683.jpg\" alt=\"\" class=\"wp-image-2579\" srcset=\"https:\/\/pjcanindeyu.gov.py\/wp-content\/uploads\/2023\/08\/000A3301-1024x683.jpg 1024w, https:\/\/pjcanindeyu.gov.py\/wp-content\/uploads\/2023\/08\/000A3301-300x200.jpg 300w, https:\/\/pjcanindeyu.gov.py\/wp-content\/uploads\/2023\/08\/000A3301-768x512.jpg 768w, https:\/\/pjcanindeyu.gov.py\/wp-content\/uploads\/2023\/08\/000A3301-1536x1024.jpg 1536w, https:\/\/pjcanindeyu.gov.py\/wp-content\/uploads\/2023\/08\/000A3301-2048x1365.jpg 2048w\" sizes=\"auto, (max-width: 1024px) 100vw, 1024px\" \/><\/figure>\n<\/figure>\n\n\n\n<p>La autoridad judicial expres\u00f3 que \u201cla idea es acercar la justicia a la ciudadan\u00eda\u201d. En ese sentido, dijo que \u00abse aboga por la accesibilidad de manera que las personas puedan llegar hasta los operadores del sistema de justicia y para ello se debe socializar a la ciudadan\u00eda sobre el funcionamiento del sistema, sus derechos y garant\u00edas\u201d.<\/p>\n\n\n\n<p>Asimismo, mencion\u00f3 que paralelamente se est\u00e1 trabajando en la inducci\u00f3n y capacitaci\u00f3n continua de los operadores del sistema, que deben rendir culto a su compromiso brindando un buen servicio de justicia. Remarc\u00f3 el \u00e9nfasis en la actitud del servicio que deben tener los integrantes del sistema de justicia, siendo ejemplos en el mejoramiento integral de la administraci\u00f3n judicial.<\/p>\n\n\n\n<p>Consultada respecto al trabajo coordinado con otros poderes del Estado, manifest\u00f3 que \u201cla obra edilicia es el ejemplo claro de que el trabajo coordinado de los poderes, que as\u00ed lo establece la Constituci\u00f3n Nacional, es la \u00fanica manera de concretar los objetivos\u201d. Subray\u00f3 que \u201cuno asume su compromiso en plazos limitados y lo tiene que cumplir, y el \u00fanico modo de hacerlo es coordinando los esfuerzos de todos los Poderes del Estado\u201d.&nbsp;<\/p>\n\n\n\n<p>La ministra Llanes destac\u00f3 la masiva concurrencia \u2013en la habilitaci\u00f3n de la nueva sede judicial\u2013 de magistrados, acad\u00e9micos, abogados, superintendentes de las otras circunscripciones, jueces, representantes del Ministerio P\u00fablico y de la Defensa P\u00fablica, as\u00ed como autoridades de los Poderes Ejecutivo y Legislativo, adem\u00e1s de las departamentales, municipales y eclesi\u00e1sticas, entre otras.&nbsp;<\/p>\n\n\n\n<p>\u201cDesde que nos encomendaron esta superintendencia de Canindey\u00fa nos abocamos exclusivamente a buscar qu\u00e9 mejoras estructurales podr\u00edamos impulsar y surgi\u00f3 una sinergia muy importante con las autoridades departamentales, los magistrados de la regi\u00f3n, las fuerzas vivas de sociedad, que plantearon un proyecto que avanz\u00f3 y se cristaliz\u00f3 a pesar de la situaci\u00f3n muy dif\u00edcil a nivel econ\u00f3mico para el pa\u00eds\u201d, explic\u00f3.<\/p>\n","protected":false},"excerpt":{"rendered":"<p>La vicepresidenta primera de la Corte Suprema de Justicia (CSJ) y superintendente de la Circunscripci\u00f3n Judicial de Canindey\u00fa, doctora Carolina Llanes, particip\u00f3 de los actos protocolares de la inauguraci\u00f3n de la nueva sede judicial en Saltos del Guair\u00e1 el pasado viernes. En la oportunidad, al ser consultada sobre el compromiso [&hellip;]<\/p>\n","protected":false},"author":1,"featured_media":2579,"comment_status":"open","ping_status":"closed","sticky":false,"template":"","format":"standard","meta":{"footnotes":""},"categories":[2],"tags":[],"class_list":["post-2619","post","type-post","status-publish","format-standard","has-post-thumbnail","hentry","category-notas"],"_links":{"self":[{"href":"https:\/\/pjcanindeyu.gov.py\/index.php?rest_route=\/wp\/v2\/posts\/2619","targetHints":{"allow":["GET"]}}],"collection":[{"href":"https:\/\/pjcanindeyu.gov.py\/index.php?rest_route=\/wp\/v2\/posts"}],"about":[{"href":"https:\/\/pjcanindeyu.gov.py\/index.php?rest_route=\/wp\/v2\/types\/post"}],"author":[{"embeddable":true,"href":"https:\/\/pjcanindeyu.gov.py\/index.php?rest_route=\/wp\/v2\/users\/1"}],"replies":[{"embeddable":true,"href":"https:\/\/pjcanindeyu.gov.py\/index.php?rest_route=%2Fwp%2Fv2%2Fcomments&post=2619"}],"version-history":[{"count":1,"href":"https:\/\/pjcanindeyu.gov.py\/index.php?rest_route=\/wp\/v2\/posts\/2619\/revisions"}],"predecessor-version":[{"id":2620,"href":"https:\/\/pjcanindeyu.gov.py\/index.php?rest_route=\/wp\/v2\/posts\/2619\/revisions\/2620"}],"wp:featuredmedia":[{"embeddable":true,"href":"https:\/\/pjcanindeyu.gov.py\/index.php?rest_route=\/wp\/v2\/media\/2579"}],"wp:attachment":[{"href":"https:\/\/pjcanindeyu.gov.py\/index.php?rest_route=%2Fwp%2Fv2%2Fmedia&parent=2619"}],"wp:term":[{"taxonomy":"category","embeddable":true,"href":"https:\/\/pjcanindeyu.gov.py\/index.php?rest_route=%2Fwp%2Fv2%2Fcategories&post=2619"},{"taxonomy":"post_tag","embeddable":true,"href":"https:\/\/pjcanindeyu.gov.py\/index.php?rest_route=%2Fwp%2Fv2%2Ftags&post=2619"}],"curies":[{"name":"wp","href":"https:\/\/api.w.org\/{rel}","templated":true}]}}