
{"id":2627,"date":"2023-08-03T07:50:42","date_gmt":"2023-08-03T11:50:42","guid":{"rendered":"https:\/\/pjcanindeyu.gov.py\/?p=2627"},"modified":"2023-08-03T07:50:43","modified_gmt":"2023-08-03T11:50:43","slug":"audio-visual-construccion-del-palacio-de-justicia-de-saltos-del-guaira","status":"publish","type":"post","link":"https:\/\/pjcanindeyu.gov.py\/?p=2627","title":{"rendered":"Audio visual &#8211; Construcci\u00f3n del Palacio de Justicia de Saltos del Guair\u00e1"},"content":{"rendered":"\n<p>El material audiovisual fue presentado en el acto de inauguraci\u00f3n del imponente Palacio de Justicia de Saltos de Guair\u00e1 y fue elaborado por la Direcci\u00f3n de Comunicaciones de la CSJ.<\/p>\n\n\n\n<p>La ejecuci\u00f3n del proyecto arquitect\u00f3nico estuvo a cargo de la Unidad de Gerenciamiento del PNUD, PAR\/97\/021, y abarca la construcci\u00f3n de 16.258 m2 de obras civiles e instalaciones. El terreno posee un \u00e1rea de 12.000 m2, la intervenci\u00f3n del edificio incorpora todo el terreno m\u00e1s las calles perimetrales al mismo y el acceso desde la ruta asfaltada.<\/p>\n\n\n\n<p>La nueva sede se divide en 2 sectores principales. El edificio principal proyectado en forma \u00abL\u00bb que alberga las actividades jurisdiccionales y los servicios al p\u00fablico en general, organizado en 9 niveles, del subsuelo 2 a la azotea o 6to piso.<\/p>\n\n\n\n<p>El bloque cultural y de servicios de la comunidad, independiente, que se encuentra vinculado a trav\u00e9s del subsuelo 1 y la plaza o explanada de acceso, distribuido en 3 niveles. Otra actividad de apoyo al edificio es la guarder\u00eda infantil ubicada en la zona posterior, cercana al acceso de los funcionarios, as\u00ed como la infraestructura integra en su dise\u00f1o y ejecuci\u00f3n soluciones basadas en la naturaleza, est\u00e1ndares de inclusi\u00f3n, promoci\u00f3n social e innovaci\u00f3n.<\/p>\n\n\n\n<figure class=\"wp-block-embed is-type-video is-provider-youtube wp-block-embed-youtube wp-embed-aspect-16-9 wp-has-aspect-ratio\"><div class=\"wp-block-embed__wrapper\">\n<iframe loading=\"lazy\" title=\"Audio visual -  Construcci\u00f3n del Palacio de Justicia de Saltos del Guair\u00e1\" width=\"500\" height=\"281\" src=\"https:\/\/www.youtube.com\/embed\/RsYFzTpdi9M?feature=oembed\" frameborder=\"0\" allow=\"accelerometer; autoplay; clipboard-write; encrypted-media; gyroscope; picture-in-picture; web-share\" referrerpolicy=\"strict-origin-when-cross-origin\" allowfullscreen><\/iframe>\n<\/div><\/figure>\n","protected":false},"excerpt":{"rendered":"<p>El material audiovisual fue presentado en el acto de inauguraci\u00f3n del imponente Palacio de Justicia de Saltos de Guair\u00e1 y fue elaborado por la Direcci\u00f3n de Comunicaciones de la CSJ. La ejecuci\u00f3n del proyecto arquitect\u00f3nico estuvo a cargo de la Unidad de Gerenciamiento del PNUD, PAR\/97\/021, y abarca la construcci\u00f3n [&hellip;]<\/p>\n","protected":false},"author":1,"featured_media":2628,"comment_status":"open","ping_status":"closed","sticky":false,"template":"","format":"standard","meta":{"footnotes":""},"categories":[2],"tags":[],"class_list":["post-2627","post","type-post","status-publish","format-standard","has-post-thumbnail","hentry","category-notas"],"_links":{"self":[{"href":"https:\/\/pjcanindeyu.gov.py\/index.php?rest_route=\/wp\/v2\/posts\/2627","targetHints":{"allow":["GET"]}}],"collection":[{"href":"https:\/\/pjcanindeyu.gov.py\/index.php?rest_route=\/wp\/v2\/posts"}],"about":[{"href":"https:\/\/pjcanindeyu.gov.py\/index.php?rest_route=\/wp\/v2\/types\/post"}],"author":[{"embeddable":true,"href":"https:\/\/pjcanindeyu.gov.py\/index.php?rest_route=\/wp\/v2\/users\/1"}],"replies":[{"embeddable":true,"href":"https:\/\/pjcanindeyu.gov.py\/index.php?rest_route=%2Fwp%2Fv2%2Fcomments&post=2627"}],"version-history":[{"count":1,"href":"https:\/\/pjcanindeyu.gov.py\/index.php?rest_route=\/wp\/v2\/posts\/2627\/revisions"}],"predecessor-version":[{"id":2629,"href":"https:\/\/pjcanindeyu.gov.py\/index.php?rest_route=\/wp\/v2\/posts\/2627\/revisions\/2629"}],"wp:featuredmedia":[{"embeddable":true,"href":"https:\/\/pjcanindeyu.gov.py\/index.php?rest_route=\/wp\/v2\/media\/2628"}],"wp:attachment":[{"href":"https:\/\/pjcanindeyu.gov.py\/index.php?rest_route=%2Fwp%2Fv2%2Fmedia&parent=2627"}],"wp:term":[{"taxonomy":"category","embeddable":true,"href":"https:\/\/pjcanindeyu.gov.py\/index.php?rest_route=%2Fwp%2Fv2%2Fcategories&post=2627"},{"taxonomy":"post_tag","embeddable":true,"href":"https:\/\/pjcanindeyu.gov.py\/index.php?rest_route=%2Fwp%2Fv2%2Ftags&post=2627"}],"curies":[{"name":"wp","href":"https:\/\/api.w.org\/{rel}","templated":true}]}}