
{"id":2636,"date":"2023-08-03T20:20:32","date_gmt":"2023-08-04T00:20:32","guid":{"rendered":"https:\/\/pjcanindeyu.gov.py\/?p=2636"},"modified":"2023-08-03T20:20:33","modified_gmt":"2023-08-04T00:20:33","slug":"jornada-de-capacitacion-en-la-c-s-j-en-materia-de-cooperacion-internacional","status":"publish","type":"post","link":"https:\/\/pjcanindeyu.gov.py\/?p=2636","title":{"rendered":"Jornada de capacitaci\u00f3n en la C.S.J. en materia de cooperaci\u00f3n internacional"},"content":{"rendered":"\n<p>La capacitaci\u00f3n y actualizaci\u00f3n fue dirigida a funcionarios judiciales enlaces de las circunscripciones judiciales, en materia de Cooperaci\u00f3n Internacional. El evento se realiz\u00f3 en el Palacio de Justicia de la CSJ, y cont\u00f3 con la presencia del Ministro Superintendente a cargo de la Direcci\u00f3n de Cooperaci\u00f3n y Asistencia Judicial Internacional, Dr. Luis Mar\u00eda Ben\u00edtez Riera, y la encargada de la repartici\u00f3n, la Abg. M\u00f3nica Paredes.<br>La Abg. M\u00f3nica Llano, Actuaria Judicial del Tribunal de Apelaciones y miembro enlace de Canindey\u00fa, represent\u00f3 a la Circunscripci\u00f3n Judicial de Canindey\u00fa. Participaron ademas, representantes del Ministerio P\u00fablico, Ministerio de Relaciones Exteriores y Ministerio de Justicia.<br>Durante la jornada, se abordaron temas relacionados con tramitaciones de exhortos, solicitudes de extradici\u00f3n y otros puntos relevantes en materia de cooperaci\u00f3n internacional.<br>El objetivo de esta jornada es seguir fortaleciendo los puntos de enlace con los que se cuenta en las distintas circunscripciones judiciales del pa\u00eds.<br>Se resalta que la Direcci\u00f3n de Cooperaci\u00f3n y Asistencia Judicial Internacional tiene la misi\u00f3n de fortalecer la presencia de la Corte Suprema en el \u00e1mbito internacional, fomentando las relaciones de apoyo con grupos de los sectores p\u00fablico y privado, as\u00ed como organizaciones internacionales y poderes judiciales extranjeros, en asuntos relativos a la cooperaci\u00f3n t\u00e9cnica y judicial, as\u00ed como los colegios de abogados y escribanos de otros pa\u00edses.<\/p>\n\n\n\n<figure class=\"wp-block-gallery has-nested-images columns-default is-cropped galeria wp-block-gallery-1 is-layout-flex wp-block-gallery-is-layout-flex\">\n<figure class=\"wp-block-image size-large\"><a href=\"https:\/\/pjcanindeyu.gov.py\/wp-content\/uploads\/2023\/08\/03-08-23-64cbde1258431-4.jpeg\"><img loading=\"lazy\" decoding=\"async\" width=\"960\" height=\"579\" data-id=\"2637\" src=\"https:\/\/pjcanindeyu.gov.py\/wp-content\/uploads\/2023\/08\/03-08-23-64cbde1258431-4.jpeg\" alt=\"\" class=\"wp-image-2637\" srcset=\"https:\/\/pjcanindeyu.gov.py\/wp-content\/uploads\/2023\/08\/03-08-23-64cbde1258431-4.jpeg 960w, https:\/\/pjcanindeyu.gov.py\/wp-content\/uploads\/2023\/08\/03-08-23-64cbde1258431-4-300x181.jpeg 300w, https:\/\/pjcanindeyu.gov.py\/wp-content\/uploads\/2023\/08\/03-08-23-64cbde1258431-4-768x463.jpeg 768w\" sizes=\"auto, (max-width: 960px) 100vw, 960px\" \/><\/a><\/figure>\n<\/figure>\n\n\n\n<figure class=\"wp-block-gallery has-nested-images columns-default is-cropped galeria wp-block-gallery-2 is-layout-flex wp-block-gallery-is-layout-flex\">\n<figure class=\"wp-block-image size-large\"><a href=\"https:\/\/pjcanindeyu.gov.py\/wp-content\/uploads\/2023\/08\/03-08-23-64cbde10e2a32-1.jpeg\"><img loading=\"lazy\" decoding=\"async\" width=\"960\" height=\"538\" data-id=\"2638\" src=\"https:\/\/pjcanindeyu.gov.py\/wp-content\/uploads\/2023\/08\/03-08-23-64cbde10e2a32-1.jpeg\" alt=\"\" class=\"wp-image-2638\" srcset=\"https:\/\/pjcanindeyu.gov.py\/wp-content\/uploads\/2023\/08\/03-08-23-64cbde10e2a32-1.jpeg 960w, https:\/\/pjcanindeyu.gov.py\/wp-content\/uploads\/2023\/08\/03-08-23-64cbde10e2a32-1-300x168.jpeg 300w, https:\/\/pjcanindeyu.gov.py\/wp-content\/uploads\/2023\/08\/03-08-23-64cbde10e2a32-1-768x430.jpeg 768w\" sizes=\"auto, (max-width: 960px) 100vw, 960px\" \/><\/a><\/figure>\n\n\n\n<figure class=\"wp-block-image size-large\"><a href=\"https:\/\/pjcanindeyu.gov.py\/wp-content\/uploads\/2023\/08\/moni44.jpeg\"><img loading=\"lazy\" decoding=\"async\" width=\"769\" height=\"1024\" data-id=\"2639\" src=\"https:\/\/pjcanindeyu.gov.py\/wp-content\/uploads\/2023\/08\/moni44-769x1024.jpeg\" alt=\"\" class=\"wp-image-2639\" srcset=\"https:\/\/pjcanindeyu.gov.py\/wp-content\/uploads\/2023\/08\/moni44-769x1024.jpeg 769w, https:\/\/pjcanindeyu.gov.py\/wp-content\/uploads\/2023\/08\/moni44-225x300.jpeg 225w, https:\/\/pjcanindeyu.gov.py\/wp-content\/uploads\/2023\/08\/moni44-768x1023.jpeg 768w, https:\/\/pjcanindeyu.gov.py\/wp-content\/uploads\/2023\/08\/moni44-1153x1536.jpeg 1153w, https:\/\/pjcanindeyu.gov.py\/wp-content\/uploads\/2023\/08\/moni44.jpeg 1201w\" sizes=\"auto, (max-width: 769px) 100vw, 769px\" \/><\/a><\/figure>\n\n\n\n<figure class=\"wp-block-image size-large\"><a href=\"https:\/\/pjcanindeyu.gov.py\/wp-content\/uploads\/2023\/08\/monica33.jpeg\"><img loading=\"lazy\" decoding=\"async\" width=\"1024\" height=\"769\" data-id=\"2640\" src=\"https:\/\/pjcanindeyu.gov.py\/wp-content\/uploads\/2023\/08\/monica33-1024x769.jpeg\" alt=\"\" class=\"wp-image-2640\" srcset=\"https:\/\/pjcanindeyu.gov.py\/wp-content\/uploads\/2023\/08\/monica33-1024x769.jpeg 1024w, https:\/\/pjcanindeyu.gov.py\/wp-content\/uploads\/2023\/08\/monica33-300x225.jpeg 300w, https:\/\/pjcanindeyu.gov.py\/wp-content\/uploads\/2023\/08\/monica33-768x576.jpeg 768w, https:\/\/pjcanindeyu.gov.py\/wp-content\/uploads\/2023\/08\/monica33-1536x1153.jpeg 1536w, https:\/\/pjcanindeyu.gov.py\/wp-content\/uploads\/2023\/08\/monica33.jpeg 1600w\" sizes=\"auto, (max-width: 1024px) 100vw, 1024px\" \/><\/a><\/figure>\n<\/figure>\n","protected":false},"excerpt":{"rendered":"<p>La capacitaci\u00f3n y actualizaci\u00f3n fue dirigida a funcionarios judiciales enlaces de las circunscripciones judiciales, en materia de Cooperaci\u00f3n Internacional. El evento se realiz\u00f3 en el Palacio de Justicia de la CSJ, y cont\u00f3 con la presencia del Ministro Superintendente a cargo de la Direcci\u00f3n de Cooperaci\u00f3n y Asistencia Judicial Internacional, [&hellip;]<\/p>\n","protected":false},"author":1,"featured_media":2637,"comment_status":"open","ping_status":"closed","sticky":false,"template":"","format":"standard","meta":{"footnotes":""},"categories":[2],"tags":[],"class_list":["post-2636","post","type-post","status-publish","format-standard","has-post-thumbnail","hentry","category-notas"],"_links":{"self":[{"href":"https:\/\/pjcanindeyu.gov.py\/index.php?rest_route=\/wp\/v2\/posts\/2636","targetHints":{"allow":["GET"]}}],"collection":[{"href":"https:\/\/pjcanindeyu.gov.py\/index.php?rest_route=\/wp\/v2\/posts"}],"about":[{"href":"https:\/\/pjcanindeyu.gov.py\/index.php?rest_route=\/wp\/v2\/types\/post"}],"author":[{"embeddable":true,"href":"https:\/\/pjcanindeyu.gov.py\/index.php?rest_route=\/wp\/v2\/users\/1"}],"replies":[{"embeddable":true,"href":"https:\/\/pjcanindeyu.gov.py\/index.php?rest_route=%2Fwp%2Fv2%2Fcomments&post=2636"}],"version-history":[{"count":1,"href":"https:\/\/pjcanindeyu.gov.py\/index.php?rest_route=\/wp\/v2\/posts\/2636\/revisions"}],"predecessor-version":[{"id":2641,"href":"https:\/\/pjcanindeyu.gov.py\/index.php?rest_route=\/wp\/v2\/posts\/2636\/revisions\/2641"}],"wp:featuredmedia":[{"embeddable":true,"href":"https:\/\/pjcanindeyu.gov.py\/index.php?rest_route=\/wp\/v2\/media\/2637"}],"wp:attachment":[{"href":"https:\/\/pjcanindeyu.gov.py\/index.php?rest_route=%2Fwp%2Fv2%2Fmedia&parent=2636"}],"wp:term":[{"taxonomy":"category","embeddable":true,"href":"https:\/\/pjcanindeyu.gov.py\/index.php?rest_route=%2Fwp%2Fv2%2Fcategories&post=2636"},{"taxonomy":"post_tag","embeddable":true,"href":"https:\/\/pjcanindeyu.gov.py\/index.php?rest_route=%2Fwp%2Fv2%2Ftags&post=2636"}],"curies":[{"name":"wp","href":"https:\/\/api.w.org\/{rel}","templated":true}]}}