
{"id":2677,"date":"2023-09-20T10:48:00","date_gmt":"2023-09-20T14:48:00","guid":{"rendered":"https:\/\/pjcanindeyu.gov.py\/?p=2677"},"modified":"2023-09-21T07:52:16","modified_gmt":"2023-09-21T11:52:16","slug":"reunion-de-coordinacion-interinstitucional-en-materia-de-seguridad","status":"publish","type":"post","link":"https:\/\/pjcanindeyu.gov.py\/?p=2677","title":{"rendered":"Reuni\u00f3n de coordinaci\u00f3n interinstitucional en materia de seguridad"},"content":{"rendered":"\n<p><\/p>\n\n\n\n<p>En la jornada en la sede del Palacio de Justicia de Saltos del Guair\u00e1, el presidente del Consejo de Administraci\u00f3n de la Circunscripci\u00f3n Judicial de Canindey\u00fa, Abg. Gustavo Br\u00edtez, y los miembros Vicepresidentes, Abg. Carlos Dom\u00ednguez, y la Abg. Edith Mart\u00ednez, mantuvieron una reuni\u00f3n de trabajo y coordinaci\u00f3n con el Crio. Gral. Insp. Sebasti\u00e1n <a><\/a>Ram\u00edrez, director de la Polic\u00eda Nacional del Canindey\u00fa y comitiva.<\/p>\n\n\n\n<p>En la ocasi\u00f3n se abordaron temas relacionados al fortalecimiento de los niveles de seguridad de las instalaciones, magistrados, funcionarios y usuarios del servicio de justicia en la Circunscripci\u00f3n, en especial ante la inminente habilitaci\u00f3n del complejo edilicio del novel Palacio de Justicia de Saltos del Guair\u00e1. Entre otras cuestiones, se asumi\u00f3 un compromiso mutuo cooperativo interinstitucional, en aras de mejorar la seguridad de la sociedad en el Departamento.<\/p>\n\n\n\n<figure class=\"wp-block-gallery has-nested-images columns-default is-cropped galeria wp-block-gallery-1 is-layout-flex wp-block-gallery-is-layout-flex\">\n<figure class=\"wp-block-image size-large rounded\"><a href=\"https:\/\/pjcanindeyu.gov.py\/wp-content\/uploads\/2023\/09\/Visita-policial-0.jpeg\"><img loading=\"lazy\" decoding=\"async\" width=\"1024\" height=\"576\" data-id=\"2679\" src=\"https:\/\/pjcanindeyu.gov.py\/wp-content\/uploads\/2023\/09\/Visita-policial-0-1024x576.jpeg\" alt=\"\" class=\"wp-image-2679\" srcset=\"https:\/\/pjcanindeyu.gov.py\/wp-content\/uploads\/2023\/09\/Visita-policial-0-1024x576.jpeg 1024w, https:\/\/pjcanindeyu.gov.py\/wp-content\/uploads\/2023\/09\/Visita-policial-0-300x169.jpeg 300w, https:\/\/pjcanindeyu.gov.py\/wp-content\/uploads\/2023\/09\/Visita-policial-0-768x432.jpeg 768w, https:\/\/pjcanindeyu.gov.py\/wp-content\/uploads\/2023\/09\/Visita-policial-0-1536x864.jpeg 1536w, https:\/\/pjcanindeyu.gov.py\/wp-content\/uploads\/2023\/09\/Visita-policial-0-1280x720.jpeg 1280w, https:\/\/pjcanindeyu.gov.py\/wp-content\/uploads\/2023\/09\/Visita-policial-0.jpeg 1600w\" sizes=\"auto, (max-width: 1024px) 100vw, 1024px\" \/><\/a><\/figure>\n\n\n\n<figure class=\"wp-block-image size-large rounded\"><a href=\"https:\/\/pjcanindeyu.gov.py\/wp-content\/uploads\/2023\/09\/Visita-policial.jpeg\"><img loading=\"lazy\" decoding=\"async\" width=\"1024\" height=\"673\" data-id=\"2678\" src=\"https:\/\/pjcanindeyu.gov.py\/wp-content\/uploads\/2023\/09\/Visita-policial-1024x673.jpeg\" alt=\"\" class=\"wp-image-2678\" srcset=\"https:\/\/pjcanindeyu.gov.py\/wp-content\/uploads\/2023\/09\/Visita-policial-1024x673.jpeg 1024w, https:\/\/pjcanindeyu.gov.py\/wp-content\/uploads\/2023\/09\/Visita-policial-300x197.jpeg 300w, https:\/\/pjcanindeyu.gov.py\/wp-content\/uploads\/2023\/09\/Visita-policial-768x505.jpeg 768w, https:\/\/pjcanindeyu.gov.py\/wp-content\/uploads\/2023\/09\/Visita-policial.jpeg 1368w\" sizes=\"auto, (max-width: 1024px) 100vw, 1024px\" \/><\/a><\/figure>\n<\/figure>\n","protected":false},"excerpt":{"rendered":"<p>En la jornada en la sede del Palacio de Justicia de Saltos del Guair\u00e1, el presidente del Consejo de Administraci\u00f3n de la Circunscripci\u00f3n Judicial de Canindey\u00fa, Abg. Gustavo Br\u00edtez, y los miembros Vicepresidentes, Abg. Carlos Dom\u00ednguez, y la Abg. Edith Mart\u00ednez, mantuvieron una reuni\u00f3n de trabajo y coordinaci\u00f3n con el [&hellip;]<\/p>\n","protected":false},"author":1,"featured_media":2679,"comment_status":"open","ping_status":"closed","sticky":false,"template":"","format":"standard","meta":{"footnotes":""},"categories":[2],"tags":[],"class_list":["post-2677","post","type-post","status-publish","format-standard","has-post-thumbnail","hentry","category-notas"],"_links":{"self":[{"href":"https:\/\/pjcanindeyu.gov.py\/index.php?rest_route=\/wp\/v2\/posts\/2677","targetHints":{"allow":["GET"]}}],"collection":[{"href":"https:\/\/pjcanindeyu.gov.py\/index.php?rest_route=\/wp\/v2\/posts"}],"about":[{"href":"https:\/\/pjcanindeyu.gov.py\/index.php?rest_route=\/wp\/v2\/types\/post"}],"author":[{"embeddable":true,"href":"https:\/\/pjcanindeyu.gov.py\/index.php?rest_route=\/wp\/v2\/users\/1"}],"replies":[{"embeddable":true,"href":"https:\/\/pjcanindeyu.gov.py\/index.php?rest_route=%2Fwp%2Fv2%2Fcomments&post=2677"}],"version-history":[{"count":1,"href":"https:\/\/pjcanindeyu.gov.py\/index.php?rest_route=\/wp\/v2\/posts\/2677\/revisions"}],"predecessor-version":[{"id":2680,"href":"https:\/\/pjcanindeyu.gov.py\/index.php?rest_route=\/wp\/v2\/posts\/2677\/revisions\/2680"}],"wp:featuredmedia":[{"embeddable":true,"href":"https:\/\/pjcanindeyu.gov.py\/index.php?rest_route=\/wp\/v2\/media\/2679"}],"wp:attachment":[{"href":"https:\/\/pjcanindeyu.gov.py\/index.php?rest_route=%2Fwp%2Fv2%2Fmedia&parent=2677"}],"wp:term":[{"taxonomy":"category","embeddable":true,"href":"https:\/\/pjcanindeyu.gov.py\/index.php?rest_route=%2Fwp%2Fv2%2Fcategories&post=2677"},{"taxonomy":"post_tag","embeddable":true,"href":"https:\/\/pjcanindeyu.gov.py\/index.php?rest_route=%2Fwp%2Fv2%2Ftags&post=2677"}],"curies":[{"name":"wp","href":"https:\/\/api.w.org\/{rel}","templated":true}]}}