
{"id":2686,"date":"2023-10-03T09:22:30","date_gmt":"2023-10-03T13:22:30","guid":{"rendered":"https:\/\/pjcanindeyu.gov.py\/?p=2686"},"modified":"2023-10-03T09:26:23","modified_gmt":"2023-10-03T13:26:23","slug":"la-corte-suprema-de-justicia-se-adhiere-a-la-campana-octubre-rosa","status":"publish","type":"post","link":"https:\/\/pjcanindeyu.gov.py\/?p=2686","title":{"rendered":"La Circunscripci\u00f3n Judicial de Canindey\u00fa se adhiere a la campa\u00f1a Octubre Rosa"},"content":{"rendered":"\n<p>Con el fin de adherirse a las actividades del mes de concienciaci\u00f3n sobre la importancia de la prevenci\u00f3n del c\u00e1ncer de mamas, la Corte Suprema de Justicia, a trav\u00e9s de la Direcci\u00f3n General de Recursos Humanos, lleva adelante la campa\u00f1a \u201cUs\u00e1 tus d\u00edas para vivir\u201d, que recuerda la vigencia de la Ley N\u00b0 3803\/09 (y su modificaci\u00f3n del art\u00edculo 1 seg\u00fan Ley N\u00b0 6211\/18), que otorga licencia a las trabajadoras para someterse a ex\u00e1menes de Papanicolaou y Mamograf\u00eda. Campa\u00f1a en el que se adhiere la Circunscripci\u00f3n Judicial de Canindey\u00fa. <\/p>\n\n\n\n<figure class=\"wp-block-gallery has-nested-images columns-default is-cropped galeria wp-block-gallery-1 is-layout-flex wp-block-gallery-is-layout-flex\">\n<figure class=\"wp-block-image size-large rounded\"><a href=\"https:\/\/pjcanindeyu.gov.py\/?attachment_id=2687\"><img loading=\"lazy\" decoding=\"async\" width=\"496\" height=\"288\" data-id=\"2687\" src=\"https:\/\/pjcanindeyu.gov.py\/wp-content\/uploads\/2023\/10\/Slide-externo-octubre-rosa.jpg\" alt=\"\" class=\"wp-image-2687\" srcset=\"https:\/\/pjcanindeyu.gov.py\/wp-content\/uploads\/2023\/10\/Slide-externo-octubre-rosa.jpg 496w, https:\/\/pjcanindeyu.gov.py\/wp-content\/uploads\/2023\/10\/Slide-externo-octubre-rosa-300x174.jpg 300w\" sizes=\"auto, (max-width: 496px) 100vw, 496px\" \/><\/a><\/figure>\n<\/figure>\n\n\n\n<p>La campa\u00f1a \u201cUsa tus d\u00edas para vivir\u201d, que se desarrolla durante el mes de octubre en la Capital y en las distintas circunscripciones judiciales de todo el pa\u00eds, prev\u00e9 la difusi\u00f3n de recomendaciones para el buen uso de la plataforma de licencias, as\u00ed como orientaciones m\u00e9dicas y testimonios de funcionarias, a trav\u00e9s de materiales gr\u00e1ficos y diferentes canales de comunicaci\u00f3n institucionales.<\/p>\n\n\n\n<p>A trav\u00e9s de la difusi\u00f3n de estas legislaciones, la m\u00e1xima instancia judicial insta, tanto a funcionarias como a usuarias de justicia, a realizarse los ex\u00e1menes de prevenci\u00f3n y detecci\u00f3n precoz del c\u00e1ncer de mamas.<\/p>\n\n\n\n<p>La Organizaci\u00f3n Mundial de la Salud (OMS) desde hace varios a\u00f1os dedica todo el mes de octubre a la sensibilizaci\u00f3n y concienciaci\u00f3n a la poblaci\u00f3n sobre la detecci\u00f3n precoz del c\u00e1ncer de mamas, con la campa\u00f1a global Octubre Rosa.<\/p>\n\n\n\n<p>Para m\u00e1s informaci\u00f3n&nbsp;<a href=\"https:\/\/www.pj.gov.py\/contenido\/2884-octubre-rosa-2023\/2884\">Octubre Rosa 2023 &#8211; Poder Judicial<\/a><\/p>\n","protected":false},"excerpt":{"rendered":"<p>Con el fin de adherirse a las actividades del mes de concienciaci\u00f3n sobre la importancia de la prevenci\u00f3n del c\u00e1ncer de mamas, la Corte Suprema de Justicia, a trav\u00e9s de la Direcci\u00f3n General de Recursos Humanos, lleva adelante la campa\u00f1a \u201cUs\u00e1 tus d\u00edas para vivir\u201d, que recuerda la vigencia de [&hellip;]<\/p>\n","protected":false},"author":1,"featured_media":2687,"comment_status":"open","ping_status":"closed","sticky":false,"template":"","format":"standard","meta":{"footnotes":""},"categories":[2],"tags":[],"class_list":["post-2686","post","type-post","status-publish","format-standard","has-post-thumbnail","hentry","category-notas"],"_links":{"self":[{"href":"https:\/\/pjcanindeyu.gov.py\/index.php?rest_route=\/wp\/v2\/posts\/2686","targetHints":{"allow":["GET"]}}],"collection":[{"href":"https:\/\/pjcanindeyu.gov.py\/index.php?rest_route=\/wp\/v2\/posts"}],"about":[{"href":"https:\/\/pjcanindeyu.gov.py\/index.php?rest_route=\/wp\/v2\/types\/post"}],"author":[{"embeddable":true,"href":"https:\/\/pjcanindeyu.gov.py\/index.php?rest_route=\/wp\/v2\/users\/1"}],"replies":[{"embeddable":true,"href":"https:\/\/pjcanindeyu.gov.py\/index.php?rest_route=%2Fwp%2Fv2%2Fcomments&post=2686"}],"version-history":[{"count":2,"href":"https:\/\/pjcanindeyu.gov.py\/index.php?rest_route=\/wp\/v2\/posts\/2686\/revisions"}],"predecessor-version":[{"id":2690,"href":"https:\/\/pjcanindeyu.gov.py\/index.php?rest_route=\/wp\/v2\/posts\/2686\/revisions\/2690"}],"wp:featuredmedia":[{"embeddable":true,"href":"https:\/\/pjcanindeyu.gov.py\/index.php?rest_route=\/wp\/v2\/media\/2687"}],"wp:attachment":[{"href":"https:\/\/pjcanindeyu.gov.py\/index.php?rest_route=%2Fwp%2Fv2%2Fmedia&parent=2686"}],"wp:term":[{"taxonomy":"category","embeddable":true,"href":"https:\/\/pjcanindeyu.gov.py\/index.php?rest_route=%2Fwp%2Fv2%2Fcategories&post=2686"},{"taxonomy":"post_tag","embeddable":true,"href":"https:\/\/pjcanindeyu.gov.py\/index.php?rest_route=%2Fwp%2Fv2%2Ftags&post=2686"}],"curies":[{"name":"wp","href":"https:\/\/api.w.org\/{rel}","templated":true}]}}