
{"id":2692,"date":"2023-10-04T10:54:38","date_gmt":"2023-10-04T14:54:38","guid":{"rendered":"https:\/\/pjcanindeyu.gov.py\/?p=2692"},"modified":"2023-10-04T10:54:40","modified_gmt":"2023-10-04T14:54:40","slug":"la-corte-suprema-de-justicia-designa-a-magistrados-en-nuevas-dependencias-judiciales-creadas-en-la-circunscripcion-judicial-de-canindeyu","status":"publish","type":"post","link":"https:\/\/pjcanindeyu.gov.py\/?p=2692","title":{"rendered":"La Corte Suprema de Justicia designa a magistrados en nuevas dependencias judiciales creadas en la Circunscripci\u00f3n Judicial de Canindey\u00fa"},"content":{"rendered":"\n<p>En sesi\u00f3n plenaria de la fecha, la Corte Suprema de Justicia en uso de sus atribuciones constitucionales ha resuelto designar a magistrados para cubrir cargos en las nuevas dependencias judiciales creadas. Como miembros del novel Tribunal de Apelaci\u00f3n en lo Penal, fueron designados el Abg. Ram\u00f3n Trinidad Zelaya y la Abg. Luz Teresita Torres Esquivel. Como Magistrada del novel Juzgado Especializado de la Ni\u00f1ez y la Adolescencia de Curuguaty, fue designada la Abg. Nancy Mabel Morel.<\/p>\n\n\n\n<p>El Consejo de Administraci\u00f3n desea a los designados el mayor de los \u00e9xitos en sus funciones, y celebra la habilitaci\u00f3n de las nuevas unidades judiciales en cumplimiento del PEI Institucional, lo cual contribuir\u00e1 para el mejoramiento del servicio se justicia que se presta a la sociedad en general.<\/p>\n\n\n\n<figure class=\"wp-block-gallery has-nested-images columns-default is-cropped galeria wp-block-gallery-1 is-layout-flex wp-block-gallery-is-layout-flex\">\n<figure class=\"wp-block-image size-large rounded\"><a href=\"https:\/\/pjcanindeyu.gov.py\/wp-content\/uploads\/2023\/10\/Ramon-Zelaya.jpg\"><img loading=\"lazy\" decoding=\"async\" width=\"756\" height=\"1024\" data-id=\"2695\" src=\"https:\/\/pjcanindeyu.gov.py\/wp-content\/uploads\/2023\/10\/Ramon-Zelaya-756x1024.jpg\" alt=\"\" class=\"wp-image-2695\" srcset=\"https:\/\/pjcanindeyu.gov.py\/wp-content\/uploads\/2023\/10\/Ramon-Zelaya-756x1024.jpg 756w, https:\/\/pjcanindeyu.gov.py\/wp-content\/uploads\/2023\/10\/Ramon-Zelaya-221x300.jpg 221w, https:\/\/pjcanindeyu.gov.py\/wp-content\/uploads\/2023\/10\/Ramon-Zelaya-768x1041.jpg 768w, https:\/\/pjcanindeyu.gov.py\/wp-content\/uploads\/2023\/10\/Ramon-Zelaya-1134x1536.jpg 1134w, https:\/\/pjcanindeyu.gov.py\/wp-content\/uploads\/2023\/10\/Ramon-Zelaya-1511x2048.jpg 1511w, https:\/\/pjcanindeyu.gov.py\/wp-content\/uploads\/2023\/10\/Ramon-Zelaya.jpg 1780w\" sizes=\"auto, (max-width: 756px) 100vw, 756px\" \/><\/a><\/figure>\n\n\n\n<figure class=\"wp-block-image size-large rounded\"><a href=\"https:\/\/pjcanindeyu.gov.py\/wp-content\/uploads\/2023\/10\/Luz-Teresita.jpg\"><img loading=\"lazy\" decoding=\"async\" width=\"756\" height=\"1024\" data-id=\"2693\" src=\"https:\/\/pjcanindeyu.gov.py\/wp-content\/uploads\/2023\/10\/Luz-Teresita-756x1024.jpg\" alt=\"\" class=\"wp-image-2693\" srcset=\"https:\/\/pjcanindeyu.gov.py\/wp-content\/uploads\/2023\/10\/Luz-Teresita-756x1024.jpg 756w, https:\/\/pjcanindeyu.gov.py\/wp-content\/uploads\/2023\/10\/Luz-Teresita-221x300.jpg 221w, https:\/\/pjcanindeyu.gov.py\/wp-content\/uploads\/2023\/10\/Luz-Teresita-768x1041.jpg 768w, https:\/\/pjcanindeyu.gov.py\/wp-content\/uploads\/2023\/10\/Luz-Teresita-1134x1536.jpg 1134w, https:\/\/pjcanindeyu.gov.py\/wp-content\/uploads\/2023\/10\/Luz-Teresita-1511x2048.jpg 1511w, https:\/\/pjcanindeyu.gov.py\/wp-content\/uploads\/2023\/10\/Luz-Teresita.jpg 1780w\" sizes=\"auto, (max-width: 756px) 100vw, 756px\" \/><\/a><\/figure>\n\n\n\n<figure class=\"wp-block-image size-large rounded\"><a href=\"https:\/\/pjcanindeyu.gov.py\/wp-content\/uploads\/2023\/10\/Mabel-Morel.jpg\"><img loading=\"lazy\" decoding=\"async\" width=\"756\" height=\"1024\" data-id=\"2694\" src=\"https:\/\/pjcanindeyu.gov.py\/wp-content\/uploads\/2023\/10\/Mabel-Morel-756x1024.jpg\" alt=\"\" class=\"wp-image-2694\" srcset=\"https:\/\/pjcanindeyu.gov.py\/wp-content\/uploads\/2023\/10\/Mabel-Morel-756x1024.jpg 756w, https:\/\/pjcanindeyu.gov.py\/wp-content\/uploads\/2023\/10\/Mabel-Morel-221x300.jpg 221w, https:\/\/pjcanindeyu.gov.py\/wp-content\/uploads\/2023\/10\/Mabel-Morel-768x1041.jpg 768w, https:\/\/pjcanindeyu.gov.py\/wp-content\/uploads\/2023\/10\/Mabel-Morel-1134x1536.jpg 1134w, https:\/\/pjcanindeyu.gov.py\/wp-content\/uploads\/2023\/10\/Mabel-Morel-1511x2048.jpg 1511w, https:\/\/pjcanindeyu.gov.py\/wp-content\/uploads\/2023\/10\/Mabel-Morel.jpg 1780w\" sizes=\"auto, (max-width: 756px) 100vw, 756px\" \/><\/a><\/figure>\n<\/figure>\n","protected":false},"excerpt":{"rendered":"<p>En sesi\u00f3n plenaria de la fecha, la Corte Suprema de Justicia en uso de sus atribuciones constitucionales ha resuelto designar a magistrados para cubrir cargos en las nuevas dependencias judiciales creadas. Como miembros del novel Tribunal de Apelaci\u00f3n en lo Penal, fueron designados el Abg. Ram\u00f3n Trinidad Zelaya y la [&hellip;]<\/p>\n","protected":false},"author":1,"featured_media":2696,"comment_status":"open","ping_status":"closed","sticky":false,"template":"","format":"standard","meta":{"footnotes":""},"categories":[2],"tags":[],"class_list":["post-2692","post","type-post","status-publish","format-standard","has-post-thumbnail","hentry","category-notas"],"_links":{"self":[{"href":"https:\/\/pjcanindeyu.gov.py\/index.php?rest_route=\/wp\/v2\/posts\/2692","targetHints":{"allow":["GET"]}}],"collection":[{"href":"https:\/\/pjcanindeyu.gov.py\/index.php?rest_route=\/wp\/v2\/posts"}],"about":[{"href":"https:\/\/pjcanindeyu.gov.py\/index.php?rest_route=\/wp\/v2\/types\/post"}],"author":[{"embeddable":true,"href":"https:\/\/pjcanindeyu.gov.py\/index.php?rest_route=\/wp\/v2\/users\/1"}],"replies":[{"embeddable":true,"href":"https:\/\/pjcanindeyu.gov.py\/index.php?rest_route=%2Fwp%2Fv2%2Fcomments&post=2692"}],"version-history":[{"count":1,"href":"https:\/\/pjcanindeyu.gov.py\/index.php?rest_route=\/wp\/v2\/posts\/2692\/revisions"}],"predecessor-version":[{"id":2697,"href":"https:\/\/pjcanindeyu.gov.py\/index.php?rest_route=\/wp\/v2\/posts\/2692\/revisions\/2697"}],"wp:featuredmedia":[{"embeddable":true,"href":"https:\/\/pjcanindeyu.gov.py\/index.php?rest_route=\/wp\/v2\/media\/2696"}],"wp:attachment":[{"href":"https:\/\/pjcanindeyu.gov.py\/index.php?rest_route=%2Fwp%2Fv2%2Fmedia&parent=2692"}],"wp:term":[{"taxonomy":"category","embeddable":true,"href":"https:\/\/pjcanindeyu.gov.py\/index.php?rest_route=%2Fwp%2Fv2%2Fcategories&post=2692"},{"taxonomy":"post_tag","embeddable":true,"href":"https:\/\/pjcanindeyu.gov.py\/index.php?rest_route=%2Fwp%2Fv2%2Ftags&post=2692"}],"curies":[{"name":"wp","href":"https:\/\/api.w.org\/{rel}","templated":true}]}}