
{"id":2702,"date":"2023-10-06T10:14:58","date_gmt":"2023-10-06T14:14:58","guid":{"rendered":"https:\/\/pjcanindeyu.gov.py\/?p=2702"},"modified":"2023-10-06T10:14:59","modified_gmt":"2023-10-06T14:14:59","slug":"habilitan-maquinas-de-votacion-para-capacitacion-de-profesionales-en-el-marco-del-proceso-de-eleccion-de-abogados-para-integrar-el-consejo-de-la-magistratura","status":"publish","type":"post","link":"https:\/\/pjcanindeyu.gov.py\/?p=2702","title":{"rendered":"Habilitan m\u00e1quinas de votaci\u00f3n para capacitaci\u00f3n de profesionales en el marco del proceso de elecci\u00f3n de abogados para integrar el Consejo de la Magistratura"},"content":{"rendered":"\n<p>En la jornada, el Pdte. de la Circunscripci\u00f3n Judicial de Canindey\u00fa, Abg. Gustavo H. Br\u00edtez M., acompa\u00f1ado de la vicepresidenta, la Abog. Edith P. Mart\u00ednez A., participaron de un acto <a><\/a>simb\u00f3lico de instalaci\u00f3n de m\u00e1quinas de votaci\u00f3n en el primer piso del Palacio de Justicia de Saltos del Guair\u00e1, en el marco de los preparativos para las pr\u00f3ximas elecciones de representantes de Abogados, para integrar el Consejo de la Magistratura, programado para el 28 de octubre del cte.<\/p>\n\n\n\n<p>EL Tribunal Superior de Justicia Electoral estuvo representando por la Jueza Electoral de Saltos del Guaira, Abg. Rosana Bogado, el Abg. Hugo Cazal, Coordinador Gral. de Recursos Electorales, Abg. Luc\u00eda G\u00f3mez Coordinadora Gral. de Log\u00edstica Electoral y la Lic. Mirtha Aguayo Capacitadora T\u00e9cnica del TIC. Participaron adem\u00e1s, representantes del Colegio de Abogados de Canindey\u00fa.<\/p>\n\n\n\n<p>A partir de la fecha se llevar\u00e1 a cabo sesiones de capacitaci\u00f3n dirigida a los profesionales del derecho, centr\u00e1ndose en los aspectos relacionados con la organizaci\u00f3n y log\u00edstica del proceso electoral, lo cual se extender\u00e1 hasta el 25 de octubre pr\u00f3ximo.<\/p>\n\n\n\n<p>Cabe se\u00f1alar que, en el Departamento de Canindey\u00fa, se pondr\u00e1n a disposici\u00f3n tres mesas de votaci\u00f3n a los efectos de agilizar el sufragio en su oportunidad.<\/p>\n\n\n\n<figure class=\"wp-block-gallery has-nested-images columns-default is-cropped galeria wp-block-gallery-1 is-layout-flex wp-block-gallery-is-layout-flex\">\n<figure class=\"wp-block-image size-large galeria\"><a href=\"https:\/\/pjcanindeyu.gov.py\/wp-content\/uploads\/2023\/10\/Votacion1.jpeg.jpg\"><img loading=\"lazy\" decoding=\"async\" width=\"1024\" height=\"709\" data-id=\"2703\" src=\"https:\/\/pjcanindeyu.gov.py\/wp-content\/uploads\/2023\/10\/Votacion1.jpeg-1024x709.jpg\" alt=\"\" class=\"wp-image-2703\" srcset=\"https:\/\/pjcanindeyu.gov.py\/wp-content\/uploads\/2023\/10\/Votacion1.jpeg-1024x709.jpg 1024w, https:\/\/pjcanindeyu.gov.py\/wp-content\/uploads\/2023\/10\/Votacion1.jpeg-300x208.jpg 300w, https:\/\/pjcanindeyu.gov.py\/wp-content\/uploads\/2023\/10\/Votacion1.jpeg-768x532.jpg 768w, https:\/\/pjcanindeyu.gov.py\/wp-content\/uploads\/2023\/10\/Votacion1.jpeg-1536x1064.jpg 1536w, https:\/\/pjcanindeyu.gov.py\/wp-content\/uploads\/2023\/10\/Votacion1.jpeg.jpg 1600w\" sizes=\"auto, (max-width: 1024px) 100vw, 1024px\" \/><\/a><\/figure>\n<\/figure>\n\n\n\n<figure class=\"wp-block-gallery has-nested-images columns-default is-cropped galeria wp-block-gallery-2 is-layout-flex wp-block-gallery-is-layout-flex\">\n<figure class=\"wp-block-image size-large\"><a href=\"https:\/\/pjcanindeyu.gov.py\/wp-content\/uploads\/2023\/10\/Votacion3.jpeg.jpg\"><img loading=\"lazy\" decoding=\"async\" width=\"1024\" height=\"709\" data-id=\"2705\" src=\"https:\/\/pjcanindeyu.gov.py\/wp-content\/uploads\/2023\/10\/Votacion3.jpeg-1024x709.jpg\" alt=\"\" class=\"wp-image-2705\" srcset=\"https:\/\/pjcanindeyu.gov.py\/wp-content\/uploads\/2023\/10\/Votacion3.jpeg-1024x709.jpg 1024w, https:\/\/pjcanindeyu.gov.py\/wp-content\/uploads\/2023\/10\/Votacion3.jpeg-300x208.jpg 300w, https:\/\/pjcanindeyu.gov.py\/wp-content\/uploads\/2023\/10\/Votacion3.jpeg-768x532.jpg 768w, https:\/\/pjcanindeyu.gov.py\/wp-content\/uploads\/2023\/10\/Votacion3.jpeg-1536x1064.jpg 1536w, https:\/\/pjcanindeyu.gov.py\/wp-content\/uploads\/2023\/10\/Votacion3.jpeg.jpg 1600w\" sizes=\"auto, (max-width: 1024px) 100vw, 1024px\" \/><\/a><\/figure>\n\n\n\n<figure class=\"wp-block-image size-large\"><a href=\"https:\/\/pjcanindeyu.gov.py\/wp-content\/uploads\/2023\/10\/Votacion2.jpeg\"><img loading=\"lazy\" decoding=\"async\" width=\"936\" height=\"592\" data-id=\"2704\" src=\"https:\/\/pjcanindeyu.gov.py\/wp-content\/uploads\/2023\/10\/Votacion2.jpeg\" alt=\"\" class=\"wp-image-2704\" srcset=\"https:\/\/pjcanindeyu.gov.py\/wp-content\/uploads\/2023\/10\/Votacion2.jpeg 936w, https:\/\/pjcanindeyu.gov.py\/wp-content\/uploads\/2023\/10\/Votacion2-300x190.jpeg 300w, https:\/\/pjcanindeyu.gov.py\/wp-content\/uploads\/2023\/10\/Votacion2-768x486.jpeg 768w\" sizes=\"auto, (max-width: 936px) 100vw, 936px\" \/><\/a><\/figure>\n\n\n\n<figure class=\"wp-block-image size-large\"><a href=\"https:\/\/pjcanindeyu.gov.py\/wp-content\/uploads\/2023\/10\/Votacion4.jpeg\"><img loading=\"lazy\" decoding=\"async\" width=\"1024\" height=\"524\" data-id=\"2706\" src=\"https:\/\/pjcanindeyu.gov.py\/wp-content\/uploads\/2023\/10\/Votacion4-1024x524.jpeg\" alt=\"\" class=\"wp-image-2706\" srcset=\"https:\/\/pjcanindeyu.gov.py\/wp-content\/uploads\/2023\/10\/Votacion4-1024x524.jpeg 1024w, https:\/\/pjcanindeyu.gov.py\/wp-content\/uploads\/2023\/10\/Votacion4-300x154.jpeg 300w, https:\/\/pjcanindeyu.gov.py\/wp-content\/uploads\/2023\/10\/Votacion4-768x393.jpeg 768w, https:\/\/pjcanindeyu.gov.py\/wp-content\/uploads\/2023\/10\/Votacion4.jpeg 1280w\" sizes=\"auto, (max-width: 1024px) 100vw, 1024px\" \/><\/a><\/figure>\n<\/figure>\n","protected":false},"excerpt":{"rendered":"<p>En la jornada, el Pdte. de la Circunscripci\u00f3n Judicial de Canindey\u00fa, Abg. Gustavo H. Br\u00edtez M., acompa\u00f1ado de la vicepresidenta, la Abog. Edith P. Mart\u00ednez A., participaron de un acto simb\u00f3lico de instalaci\u00f3n de m\u00e1quinas de votaci\u00f3n en el primer piso del Palacio de Justicia de Saltos del Guair\u00e1, en [&hellip;]<\/p>\n","protected":false},"author":1,"featured_media":2703,"comment_status":"open","ping_status":"closed","sticky":false,"template":"","format":"standard","meta":{"footnotes":""},"categories":[2],"tags":[],"class_list":["post-2702","post","type-post","status-publish","format-standard","has-post-thumbnail","hentry","category-notas"],"_links":{"self":[{"href":"https:\/\/pjcanindeyu.gov.py\/index.php?rest_route=\/wp\/v2\/posts\/2702","targetHints":{"allow":["GET"]}}],"collection":[{"href":"https:\/\/pjcanindeyu.gov.py\/index.php?rest_route=\/wp\/v2\/posts"}],"about":[{"href":"https:\/\/pjcanindeyu.gov.py\/index.php?rest_route=\/wp\/v2\/types\/post"}],"author":[{"embeddable":true,"href":"https:\/\/pjcanindeyu.gov.py\/index.php?rest_route=\/wp\/v2\/users\/1"}],"replies":[{"embeddable":true,"href":"https:\/\/pjcanindeyu.gov.py\/index.php?rest_route=%2Fwp%2Fv2%2Fcomments&post=2702"}],"version-history":[{"count":1,"href":"https:\/\/pjcanindeyu.gov.py\/index.php?rest_route=\/wp\/v2\/posts\/2702\/revisions"}],"predecessor-version":[{"id":2707,"href":"https:\/\/pjcanindeyu.gov.py\/index.php?rest_route=\/wp\/v2\/posts\/2702\/revisions\/2707"}],"wp:featuredmedia":[{"embeddable":true,"href":"https:\/\/pjcanindeyu.gov.py\/index.php?rest_route=\/wp\/v2\/media\/2703"}],"wp:attachment":[{"href":"https:\/\/pjcanindeyu.gov.py\/index.php?rest_route=%2Fwp%2Fv2%2Fmedia&parent=2702"}],"wp:term":[{"taxonomy":"category","embeddable":true,"href":"https:\/\/pjcanindeyu.gov.py\/index.php?rest_route=%2Fwp%2Fv2%2Fcategories&post=2702"},{"taxonomy":"post_tag","embeddable":true,"href":"https:\/\/pjcanindeyu.gov.py\/index.php?rest_route=%2Fwp%2Fv2%2Ftags&post=2702"}],"curies":[{"name":"wp","href":"https:\/\/api.w.org\/{rel}","templated":true}]}}