
{"id":2760,"date":"2023-10-18T09:18:43","date_gmt":"2023-10-18T13:18:43","guid":{"rendered":"https:\/\/pjcanindeyu.gov.py\/?p=2760"},"modified":"2023-10-18T09:18:44","modified_gmt":"2023-10-18T13:18:44","slug":"jueza-de-paz-de-corpus-christi-se-acoge-a-los-beneficios-de-la-jubilacion","status":"publish","type":"post","link":"https:\/\/pjcanindeyu.gov.py\/?p=2760","title":{"rendered":"Jueza de Paz de Corpus Christi se acoge a los beneficios de la jubilaci\u00f3n"},"content":{"rendered":"\n<p>En una sesi\u00f3n plenaria de la Corte Suprema de Justicia en la fecha, se ha aceptado la renuncia presentada por la Jueza de Paz de la ciudad de Corpus Christi. Esta magistrada, despu\u00e9s de una destacada trayectoria en el sistema de justicia, ha optado por los beneficios de la jubilaci\u00f3n.<\/p>\n\n\n\n<p>La XV Circunscripci\u00f3n Judicial de Canindey\u00fa, bajo la superintendencia de la Ministra Dra. Prof. Carolina Llanes, los miembros del Consejo de Administraci\u00f3n y la comunidad jur\u00eddica institucional, desean expresar un merecido reconocimiento a la Abogada Gladys Beatriz Colm\u00e1n de L\u00f3pez por sus 26 a\u00f1os de servicio en el Poder Judicial.<\/p>\n\n\n\n<p>La Magistrada continuar\u00e1 desempe\u00f1ando sus funciones hasta el 1 de noviembre del corriente a\u00f1o. A partir de entonces, el Juzgado de Paz de Corpus Christi pasar\u00e1 a ser interinado por el Magistrado H\u00e9ctor Rub\u00e9n Ayala, quien es el Juez de Paz de Francisco Caballero \u00c1lvarez con sede en La Paloma, sin perjuicio de sus funciones, y hasta nueva disposici\u00f3n, al contrario.<\/p>\n\n\n\n<figure class=\"wp-block-gallery has-nested-images columns-default is-cropped galeria wp-block-gallery-1 is-layout-flex wp-block-gallery-is-layout-flex\">\n<figure class=\"wp-block-image size-large\"><img loading=\"lazy\" decoding=\"async\" width=\"756\" height=\"1024\" data-id=\"2761\" src=\"https:\/\/pjcanindeyu.gov.py\/wp-content\/uploads\/2023\/10\/Gladys-Colman-Renuncia-756x1024.jpg\" alt=\"\" class=\"wp-image-2761\" srcset=\"https:\/\/pjcanindeyu.gov.py\/wp-content\/uploads\/2023\/10\/Gladys-Colman-Renuncia-756x1024.jpg 756w, https:\/\/pjcanindeyu.gov.py\/wp-content\/uploads\/2023\/10\/Gladys-Colman-Renuncia-221x300.jpg 221w, https:\/\/pjcanindeyu.gov.py\/wp-content\/uploads\/2023\/10\/Gladys-Colman-Renuncia-768x1041.jpg 768w, https:\/\/pjcanindeyu.gov.py\/wp-content\/uploads\/2023\/10\/Gladys-Colman-Renuncia-1134x1536.jpg 1134w, https:\/\/pjcanindeyu.gov.py\/wp-content\/uploads\/2023\/10\/Gladys-Colman-Renuncia-1511x2048.jpg 1511w, https:\/\/pjcanindeyu.gov.py\/wp-content\/uploads\/2023\/10\/Gladys-Colman-Renuncia.jpg 1780w\" sizes=\"auto, (max-width: 756px) 100vw, 756px\" \/><\/figure>\n<\/figure>\n","protected":false},"excerpt":{"rendered":"<p>En una sesi\u00f3n plenaria de la Corte Suprema de Justicia en la fecha, se ha aceptado la renuncia presentada por la Jueza de Paz de la ciudad de Corpus Christi. Esta magistrada, despu\u00e9s de una destacada trayectoria en el sistema de justicia, ha optado por los beneficios de la jubilaci\u00f3n. [&hellip;]<\/p>\n","protected":false},"author":1,"featured_media":2762,"comment_status":"open","ping_status":"closed","sticky":false,"template":"","format":"standard","meta":{"footnotes":""},"categories":[2],"tags":[],"class_list":["post-2760","post","type-post","status-publish","format-standard","has-post-thumbnail","hentry","category-notas"],"_links":{"self":[{"href":"https:\/\/pjcanindeyu.gov.py\/index.php?rest_route=\/wp\/v2\/posts\/2760","targetHints":{"allow":["GET"]}}],"collection":[{"href":"https:\/\/pjcanindeyu.gov.py\/index.php?rest_route=\/wp\/v2\/posts"}],"about":[{"href":"https:\/\/pjcanindeyu.gov.py\/index.php?rest_route=\/wp\/v2\/types\/post"}],"author":[{"embeddable":true,"href":"https:\/\/pjcanindeyu.gov.py\/index.php?rest_route=\/wp\/v2\/users\/1"}],"replies":[{"embeddable":true,"href":"https:\/\/pjcanindeyu.gov.py\/index.php?rest_route=%2Fwp%2Fv2%2Fcomments&post=2760"}],"version-history":[{"count":1,"href":"https:\/\/pjcanindeyu.gov.py\/index.php?rest_route=\/wp\/v2\/posts\/2760\/revisions"}],"predecessor-version":[{"id":2763,"href":"https:\/\/pjcanindeyu.gov.py\/index.php?rest_route=\/wp\/v2\/posts\/2760\/revisions\/2763"}],"wp:featuredmedia":[{"embeddable":true,"href":"https:\/\/pjcanindeyu.gov.py\/index.php?rest_route=\/wp\/v2\/media\/2762"}],"wp:attachment":[{"href":"https:\/\/pjcanindeyu.gov.py\/index.php?rest_route=%2Fwp%2Fv2%2Fmedia&parent=2760"}],"wp:term":[{"taxonomy":"category","embeddable":true,"href":"https:\/\/pjcanindeyu.gov.py\/index.php?rest_route=%2Fwp%2Fv2%2Fcategories&post=2760"},{"taxonomy":"post_tag","embeddable":true,"href":"https:\/\/pjcanindeyu.gov.py\/index.php?rest_route=%2Fwp%2Fv2%2Ftags&post=2760"}],"curies":[{"name":"wp","href":"https:\/\/api.w.org\/{rel}","templated":true}]}}