
{"id":2833,"date":"2023-10-27T12:59:00","date_gmt":"2023-10-27T16:59:00","guid":{"rendered":"https:\/\/pjcanindeyu.gov.py\/?p=2833"},"modified":"2023-10-28T15:04:50","modified_gmt":"2023-10-28T19:04:50","slug":"habilitacion-de-oficinas-de-coordinacion-del-ministerio-publico-y-defensoria-publica-en-el-nuevo-palacio-de-justicia-de-saltos-del-guaira","status":"publish","type":"post","link":"https:\/\/pjcanindeyu.gov.py\/?p=2833","title":{"rendered":"Habilitaci\u00f3n de oficinas de coordinaci\u00f3n del Ministerio P\u00fablico y Defensor\u00eda P\u00fablica en el nuevo Palacio de Justicia de Saltos del Guair\u00e1"},"content":{"rendered":"\n<p>La Ministra Superintendente, de Canindey\u00fa presidi\u00f3 el acto simb\u00f3lico de habilitaci\u00f3n de las oficinas de coordinaci\u00f3n del Ministerio P\u00fablico y la Defensor\u00eda P\u00fablica, en las instalaciones del nuevo Palacio de Justicia de <a><\/a>Saltos del Guair\u00e1. Estas dependencias tienen como objetivo facilitar y lograr la mayor eficiencia en el desempe\u00f1o de los operadores de justicia del sistema penal en la nueva sede institucional.<\/p>\n\n\n\n<p>El acto de habilitaci\u00f3n cont\u00f3 con la participaci\u00f3n de los miembros del Consejo de Administraci\u00f3n de la Circunscripci\u00f3n, presidido por el Abg. Gustavo H. Br\u00edtez. Estuvieron asimismo presentes, el Fiscal Adjunto de Canindey\u00fa y Amambay, Abg. C\u00e9sar Gonz\u00e1lez Vel\u00e1zquez, y Agentes Fiscales, as\u00ed como defensores p\u00fablicos, bajo la coordinaci\u00f3n de la Abg. Carla Schuster.<\/p>\n\n\n\n<figure class=\"wp-block-gallery has-nested-images columns-default is-cropped galeria wp-block-gallery-1 is-layout-flex wp-block-gallery-is-layout-flex\">\n<figure class=\"wp-block-image size-large\"><a href=\"https:\/\/pjcanindeyu.gov.py\/wp-content\/uploads\/2023\/10\/396450299_652603523662380_4505265827868934564_n.jpeg\"><img loading=\"lazy\" decoding=\"async\" width=\"1024\" height=\"768\" data-id=\"2835\" src=\"https:\/\/pjcanindeyu.gov.py\/wp-content\/uploads\/2023\/10\/396450299_652603523662380_4505265827868934564_n.jpeg\" alt=\"\" class=\"wp-image-2835\" srcset=\"https:\/\/pjcanindeyu.gov.py\/wp-content\/uploads\/2023\/10\/396450299_652603523662380_4505265827868934564_n.jpeg 1024w, https:\/\/pjcanindeyu.gov.py\/wp-content\/uploads\/2023\/10\/396450299_652603523662380_4505265827868934564_n-300x225.jpeg 300w, https:\/\/pjcanindeyu.gov.py\/wp-content\/uploads\/2023\/10\/396450299_652603523662380_4505265827868934564_n-768x576.jpeg 768w\" sizes=\"auto, (max-width: 1024px) 100vw, 1024px\" \/><\/a><\/figure>\n\n\n\n<figure class=\"wp-block-image size-large\"><a href=\"https:\/\/pjcanindeyu.gov.py\/wp-content\/uploads\/2023\/10\/396689382_652603556995710_4217255093236260834_n.jpeg\"><img loading=\"lazy\" decoding=\"async\" width=\"768\" height=\"1024\" data-id=\"2836\" src=\"https:\/\/pjcanindeyu.gov.py\/wp-content\/uploads\/2023\/10\/396689382_652603556995710_4217255093236260834_n.jpeg\" alt=\"\" class=\"wp-image-2836\" srcset=\"https:\/\/pjcanindeyu.gov.py\/wp-content\/uploads\/2023\/10\/396689382_652603556995710_4217255093236260834_n.jpeg 768w, https:\/\/pjcanindeyu.gov.py\/wp-content\/uploads\/2023\/10\/396689382_652603556995710_4217255093236260834_n-225x300.jpeg 225w\" sizes=\"auto, (max-width: 768px) 100vw, 768px\" \/><\/a><\/figure>\n\n\n\n<figure class=\"wp-block-image size-large\"><a href=\"https:\/\/pjcanindeyu.gov.py\/wp-content\/uploads\/2023\/10\/397400377_652603490329050_6303853551032787882_n.jpeg\"><img loading=\"lazy\" decoding=\"async\" width=\"1024\" height=\"768\" data-id=\"2837\" src=\"https:\/\/pjcanindeyu.gov.py\/wp-content\/uploads\/2023\/10\/397400377_652603490329050_6303853551032787882_n.jpeg\" alt=\"\" class=\"wp-image-2837\" srcset=\"https:\/\/pjcanindeyu.gov.py\/wp-content\/uploads\/2023\/10\/397400377_652603490329050_6303853551032787882_n.jpeg 1024w, https:\/\/pjcanindeyu.gov.py\/wp-content\/uploads\/2023\/10\/397400377_652603490329050_6303853551032787882_n-300x225.jpeg 300w, https:\/\/pjcanindeyu.gov.py\/wp-content\/uploads\/2023\/10\/397400377_652603490329050_6303853551032787882_n-768x576.jpeg 768w\" sizes=\"auto, (max-width: 1024px) 100vw, 1024px\" \/><\/a><\/figure>\n\n\n\n<figure class=\"wp-block-image size-large\"><a href=\"https:\/\/pjcanindeyu.gov.py\/wp-content\/uploads\/2023\/10\/396324372_652603466995719_5482628376148757865_n.jpeg\"><img loading=\"lazy\" decoding=\"async\" width=\"1024\" height=\"768\" data-id=\"2834\" src=\"https:\/\/pjcanindeyu.gov.py\/wp-content\/uploads\/2023\/10\/396324372_652603466995719_5482628376148757865_n.jpeg\" alt=\"\" class=\"wp-image-2834\" srcset=\"https:\/\/pjcanindeyu.gov.py\/wp-content\/uploads\/2023\/10\/396324372_652603466995719_5482628376148757865_n.jpeg 1024w, https:\/\/pjcanindeyu.gov.py\/wp-content\/uploads\/2023\/10\/396324372_652603466995719_5482628376148757865_n-300x225.jpeg 300w, https:\/\/pjcanindeyu.gov.py\/wp-content\/uploads\/2023\/10\/396324372_652603466995719_5482628376148757865_n-768x576.jpeg 768w\" sizes=\"auto, (max-width: 1024px) 100vw, 1024px\" \/><\/a><\/figure>\n<\/figure>\n","protected":false},"excerpt":{"rendered":"<p>La Ministra Superintendente, de Canindey\u00fa presidi\u00f3 el acto simb\u00f3lico de habilitaci\u00f3n de las oficinas de coordinaci\u00f3n del Ministerio P\u00fablico y la Defensor\u00eda P\u00fablica, en las instalaciones del nuevo Palacio de Justicia de Saltos del Guair\u00e1. Estas dependencias tienen como objetivo facilitar y lograr la mayor eficiencia en el desempe\u00f1o de [&hellip;]<\/p>\n","protected":false},"author":1,"featured_media":2837,"comment_status":"open","ping_status":"closed","sticky":false,"template":"","format":"standard","meta":{"footnotes":""},"categories":[2],"tags":[],"class_list":["post-2833","post","type-post","status-publish","format-standard","has-post-thumbnail","hentry","category-notas"],"_links":{"self":[{"href":"https:\/\/pjcanindeyu.gov.py\/index.php?rest_route=\/wp\/v2\/posts\/2833","targetHints":{"allow":["GET"]}}],"collection":[{"href":"https:\/\/pjcanindeyu.gov.py\/index.php?rest_route=\/wp\/v2\/posts"}],"about":[{"href":"https:\/\/pjcanindeyu.gov.py\/index.php?rest_route=\/wp\/v2\/types\/post"}],"author":[{"embeddable":true,"href":"https:\/\/pjcanindeyu.gov.py\/index.php?rest_route=\/wp\/v2\/users\/1"}],"replies":[{"embeddable":true,"href":"https:\/\/pjcanindeyu.gov.py\/index.php?rest_route=%2Fwp%2Fv2%2Fcomments&post=2833"}],"version-history":[{"count":1,"href":"https:\/\/pjcanindeyu.gov.py\/index.php?rest_route=\/wp\/v2\/posts\/2833\/revisions"}],"predecessor-version":[{"id":2838,"href":"https:\/\/pjcanindeyu.gov.py\/index.php?rest_route=\/wp\/v2\/posts\/2833\/revisions\/2838"}],"wp:featuredmedia":[{"embeddable":true,"href":"https:\/\/pjcanindeyu.gov.py\/index.php?rest_route=\/wp\/v2\/media\/2837"}],"wp:attachment":[{"href":"https:\/\/pjcanindeyu.gov.py\/index.php?rest_route=%2Fwp%2Fv2%2Fmedia&parent=2833"}],"wp:term":[{"taxonomy":"category","embeddable":true,"href":"https:\/\/pjcanindeyu.gov.py\/index.php?rest_route=%2Fwp%2Fv2%2Fcategories&post=2833"},{"taxonomy":"post_tag","embeddable":true,"href":"https:\/\/pjcanindeyu.gov.py\/index.php?rest_route=%2Fwp%2Fv2%2Ftags&post=2833"}],"curies":[{"name":"wp","href":"https:\/\/api.w.org\/{rel}","templated":true}]}}