
{"id":2839,"date":"2023-10-28T01:59:00","date_gmt":"2023-10-28T05:59:00","guid":{"rendered":"https:\/\/pjcanindeyu.gov.py\/?p=2839"},"modified":"2023-10-28T15:14:15","modified_gmt":"2023-10-28T19:14:15","slug":"dia-de-gobierno-de-la-ministra-superintendente-reunion-con-gremio-de-abogados","status":"publish","type":"post","link":"https:\/\/pjcanindeyu.gov.py\/?p=2839","title":{"rendered":"D\u00eda de gobierno de la ministra superintendente &#8211; Reuni\u00f3n con gremio de abogados"},"content":{"rendered":"\n<p>En el marco del d\u00eda de gobierno de la Dra. Carolina Llanes, la Ministra Superintendente de la Circunscripci\u00f3n Judicial de Canindey\u00fa, y miembros del Consejo de Administraci\u00f3n, recibieron a representantes del Colegio de Abogados de Canindey\u00fa. En la ocasi\u00f3n, los profesionales ponderaron y agradecieron las gestiones de la Ministra para <a><\/a>la construcci\u00f3n y habilitaci\u00f3n del Palacio de Justicia, asimismo formularon inquietudes y propuesta de seguimiento de casos en situaci\u00f3n de mora, entre otras consideraciones relacionadas al mejoramiento del servicio de Justicia en esta regi\u00f3n. Se acord\u00f3 acciones tendientes a dar seguimiento a los reclamos, y a realizar reuniones peri\u00f3dicas a modo de facilitar la recepci\u00f3n de inquietudes por parte de los usuarios.<\/p>\n\n\n\n<figure class=\"wp-block-gallery has-nested-images columns-default is-cropped galeria wp-block-gallery-1 is-layout-flex wp-block-gallery-is-layout-flex\">\n<figure class=\"wp-block-image size-large\"><a href=\"https:\/\/pjcanindeyu.gov.py\/wp-content\/uploads\/2023\/10\/396386628_652606030328796_3674002788563499483_n.jpeg\"><img loading=\"lazy\" decoding=\"async\" width=\"960\" height=\"540\" data-id=\"2840\" src=\"https:\/\/pjcanindeyu.gov.py\/wp-content\/uploads\/2023\/10\/396386628_652606030328796_3674002788563499483_n.jpeg\" alt=\"\" class=\"wp-image-2840\" srcset=\"https:\/\/pjcanindeyu.gov.py\/wp-content\/uploads\/2023\/10\/396386628_652606030328796_3674002788563499483_n.jpeg 960w, https:\/\/pjcanindeyu.gov.py\/wp-content\/uploads\/2023\/10\/396386628_652606030328796_3674002788563499483_n-300x169.jpeg 300w, https:\/\/pjcanindeyu.gov.py\/wp-content\/uploads\/2023\/10\/396386628_652606030328796_3674002788563499483_n-768x432.jpeg 768w\" sizes=\"auto, (max-width: 960px) 100vw, 960px\" \/><\/a><\/figure>\n<\/figure>\n","protected":false},"excerpt":{"rendered":"<p>En el marco del d\u00eda de gobierno de la Dra. Carolina Llanes, la Ministra Superintendente de la Circunscripci\u00f3n Judicial de Canindey\u00fa, y miembros del Consejo de Administraci\u00f3n, recibieron a representantes del Colegio de Abogados de Canindey\u00fa. En la ocasi\u00f3n, los profesionales ponderaron y agradecieron las gestiones de la Ministra para [&hellip;]<\/p>\n","protected":false},"author":1,"featured_media":2840,"comment_status":"open","ping_status":"closed","sticky":false,"template":"","format":"standard","meta":{"footnotes":""},"categories":[2],"tags":[],"class_list":["post-2839","post","type-post","status-publish","format-standard","has-post-thumbnail","hentry","category-notas"],"_links":{"self":[{"href":"https:\/\/pjcanindeyu.gov.py\/index.php?rest_route=\/wp\/v2\/posts\/2839","targetHints":{"allow":["GET"]}}],"collection":[{"href":"https:\/\/pjcanindeyu.gov.py\/index.php?rest_route=\/wp\/v2\/posts"}],"about":[{"href":"https:\/\/pjcanindeyu.gov.py\/index.php?rest_route=\/wp\/v2\/types\/post"}],"author":[{"embeddable":true,"href":"https:\/\/pjcanindeyu.gov.py\/index.php?rest_route=\/wp\/v2\/users\/1"}],"replies":[{"embeddable":true,"href":"https:\/\/pjcanindeyu.gov.py\/index.php?rest_route=%2Fwp%2Fv2%2Fcomments&post=2839"}],"version-history":[{"count":1,"href":"https:\/\/pjcanindeyu.gov.py\/index.php?rest_route=\/wp\/v2\/posts\/2839\/revisions"}],"predecessor-version":[{"id":2841,"href":"https:\/\/pjcanindeyu.gov.py\/index.php?rest_route=\/wp\/v2\/posts\/2839\/revisions\/2841"}],"wp:featuredmedia":[{"embeddable":true,"href":"https:\/\/pjcanindeyu.gov.py\/index.php?rest_route=\/wp\/v2\/media\/2840"}],"wp:attachment":[{"href":"https:\/\/pjcanindeyu.gov.py\/index.php?rest_route=%2Fwp%2Fv2%2Fmedia&parent=2839"}],"wp:term":[{"taxonomy":"category","embeddable":true,"href":"https:\/\/pjcanindeyu.gov.py\/index.php?rest_route=%2Fwp%2Fv2%2Fcategories&post=2839"},{"taxonomy":"post_tag","embeddable":true,"href":"https:\/\/pjcanindeyu.gov.py\/index.php?rest_route=%2Fwp%2Fv2%2Ftags&post=2839"}],"curies":[{"name":"wp","href":"https:\/\/api.w.org\/{rel}","templated":true}]}}