
{"id":2929,"date":"2023-12-15T07:52:15","date_gmt":"2023-12-15T11:52:15","guid":{"rendered":"https:\/\/pjcanindeyu.gov.py\/?p=2929"},"modified":"2023-12-16T07:54:52","modified_gmt":"2023-12-16T11:54:52","slug":"hermoseamiento-de-la-avenida-de-acceso-principal-al-palacio-de-justicia","status":"publish","type":"post","link":"https:\/\/pjcanindeyu.gov.py\/?p=2929","title":{"rendered":"Hermoseamiento de la avenida de acceso principal al Palacio de Justicia"},"content":{"rendered":"\n<p>En la jornada, miembros del Consejo de Administraci\u00f3n, la Direcci\u00f3n Administrativa, Magistrados y funcionarios han recepcionado los trabajos de parquizaci\u00f3n y hermoseamiento de la avenida principal de acceso al novel Palacio de Justicia de Saltos del Guair\u00e1. Con el cultivo simb\u00f3lico de un \u00e1rbol nativo, los miembros de la comunidad institucional, <a><\/a>plasmaron su compromiso en desarrollar las actividades publicas, con respeto al medio ambiente, contribuyendo con el aseo y hermoseamiento urbano de la ciudad. Esta iniciativa implicara la plantaci\u00f3n de decenas de \u00e1rboles nativos en toda el area de influencia del complejo edilicio del Poder Judicial.<\/p>\n\n\n\n<figure class=\"wp-block-gallery has-nested-images columns-2 is-cropped galeria wp-block-gallery-1 is-layout-flex wp-block-gallery-is-layout-flex\">\n<figure class=\"wp-block-image size-large\"><a href=\"https:\/\/pjcanindeyu.gov.py\/wp-content\/uploads\/2023\/12\/PARQUI.jpeg\"><img loading=\"lazy\" decoding=\"async\" width=\"1024\" height=\"768\" data-id=\"2930\" src=\"https:\/\/pjcanindeyu.gov.py\/wp-content\/uploads\/2023\/12\/PARQUI-1024x768.jpeg\" alt=\"\" class=\"wp-image-2930\" srcset=\"https:\/\/pjcanindeyu.gov.py\/wp-content\/uploads\/2023\/12\/PARQUI-1024x768.jpeg 1024w, https:\/\/pjcanindeyu.gov.py\/wp-content\/uploads\/2023\/12\/PARQUI-300x225.jpeg 300w, https:\/\/pjcanindeyu.gov.py\/wp-content\/uploads\/2023\/12\/PARQUI-768x576.jpeg 768w, https:\/\/pjcanindeyu.gov.py\/wp-content\/uploads\/2023\/12\/PARQUI.jpeg 1156w\" sizes=\"auto, (max-width: 1024px) 100vw, 1024px\" \/><\/a><\/figure>\n\n\n\n<figure class=\"wp-block-image size-large\"><a href=\"https:\/\/pjcanindeyu.gov.py\/wp-content\/uploads\/2023\/12\/PARQUI2.jpeg\"><img loading=\"lazy\" decoding=\"async\" width=\"1024\" height=\"768\" data-id=\"2933\" src=\"https:\/\/pjcanindeyu.gov.py\/wp-content\/uploads\/2023\/12\/PARQUI2-1024x768.jpeg\" alt=\"\" class=\"wp-image-2933\" srcset=\"https:\/\/pjcanindeyu.gov.py\/wp-content\/uploads\/2023\/12\/PARQUI2-1024x768.jpeg 1024w, https:\/\/pjcanindeyu.gov.py\/wp-content\/uploads\/2023\/12\/PARQUI2-300x225.jpeg 300w, https:\/\/pjcanindeyu.gov.py\/wp-content\/uploads\/2023\/12\/PARQUI2-768x576.jpeg 768w, https:\/\/pjcanindeyu.gov.py\/wp-content\/uploads\/2023\/12\/PARQUI2.jpeg 1156w\" sizes=\"auto, (max-width: 1024px) 100vw, 1024px\" \/><\/a><\/figure>\n\n\n\n<figure class=\"wp-block-image size-large\"><a href=\"https:\/\/pjcanindeyu.gov.py\/wp-content\/uploads\/2023\/12\/PARQUI3.jpeg\"><img loading=\"lazy\" decoding=\"async\" width=\"1024\" height=\"768\" data-id=\"2932\" src=\"https:\/\/pjcanindeyu.gov.py\/wp-content\/uploads\/2023\/12\/PARQUI3-1024x768.jpeg\" alt=\"\" class=\"wp-image-2932\" srcset=\"https:\/\/pjcanindeyu.gov.py\/wp-content\/uploads\/2023\/12\/PARQUI3-1024x768.jpeg 1024w, https:\/\/pjcanindeyu.gov.py\/wp-content\/uploads\/2023\/12\/PARQUI3-300x225.jpeg 300w, https:\/\/pjcanindeyu.gov.py\/wp-content\/uploads\/2023\/12\/PARQUI3-768x576.jpeg 768w, https:\/\/pjcanindeyu.gov.py\/wp-content\/uploads\/2023\/12\/PARQUI3.jpeg 1156w\" sizes=\"auto, (max-width: 1024px) 100vw, 1024px\" \/><\/a><\/figure>\n\n\n\n<figure class=\"wp-block-image size-large\"><a href=\"https:\/\/pjcanindeyu.gov.py\/wp-content\/uploads\/2023\/12\/PARQUI4.jpeg\"><img loading=\"lazy\" decoding=\"async\" width=\"1024\" height=\"768\" data-id=\"2934\" src=\"https:\/\/pjcanindeyu.gov.py\/wp-content\/uploads\/2023\/12\/PARQUI4-1024x768.jpeg\" alt=\"\" class=\"wp-image-2934\" srcset=\"https:\/\/pjcanindeyu.gov.py\/wp-content\/uploads\/2023\/12\/PARQUI4-1024x768.jpeg 1024w, https:\/\/pjcanindeyu.gov.py\/wp-content\/uploads\/2023\/12\/PARQUI4-300x225.jpeg 300w, https:\/\/pjcanindeyu.gov.py\/wp-content\/uploads\/2023\/12\/PARQUI4-768x576.jpeg 768w, https:\/\/pjcanindeyu.gov.py\/wp-content\/uploads\/2023\/12\/PARQUI4.jpeg 1156w\" sizes=\"auto, (max-width: 1024px) 100vw, 1024px\" \/><\/a><\/figure>\n\n\n\n<figure class=\"wp-block-image size-large\"><a href=\"https:\/\/pjcanindeyu.gov.py\/wp-content\/uploads\/2023\/12\/PARQUI5.jpeg\"><img loading=\"lazy\" decoding=\"async\" width=\"461\" height=\"1024\" data-id=\"2931\" src=\"https:\/\/pjcanindeyu.gov.py\/wp-content\/uploads\/2023\/12\/PARQUI5-461x1024.jpeg\" alt=\"\" class=\"wp-image-2931\" srcset=\"https:\/\/pjcanindeyu.gov.py\/wp-content\/uploads\/2023\/12\/PARQUI5-461x1024.jpeg 461w, https:\/\/pjcanindeyu.gov.py\/wp-content\/uploads\/2023\/12\/PARQUI5-135x300.jpeg 135w, https:\/\/pjcanindeyu.gov.py\/wp-content\/uploads\/2023\/12\/PARQUI5-691x1536.jpeg 691w, https:\/\/pjcanindeyu.gov.py\/wp-content\/uploads\/2023\/12\/PARQUI5.jpeg 720w\" sizes=\"auto, (max-width: 461px) 100vw, 461px\" \/><\/a><\/figure>\n\n\n\n<figure class=\"wp-block-image size-large\"><a href=\"https:\/\/pjcanindeyu.gov.py\/wp-content\/uploads\/2023\/12\/PARQUI6.jpeg\"><img loading=\"lazy\" decoding=\"async\" width=\"768\" height=\"1024\" data-id=\"2935\" src=\"https:\/\/pjcanindeyu.gov.py\/wp-content\/uploads\/2023\/12\/PARQUI6-768x1024.jpeg\" alt=\"\" class=\"wp-image-2935\" srcset=\"https:\/\/pjcanindeyu.gov.py\/wp-content\/uploads\/2023\/12\/PARQUI6-768x1024.jpeg 768w, https:\/\/pjcanindeyu.gov.py\/wp-content\/uploads\/2023\/12\/PARQUI6-225x300.jpeg 225w, https:\/\/pjcanindeyu.gov.py\/wp-content\/uploads\/2023\/12\/PARQUI6.jpeg 867w\" sizes=\"auto, (max-width: 768px) 100vw, 768px\" \/><\/a><\/figure>\n<\/figure>\n","protected":false},"excerpt":{"rendered":"<p>En la jornada, miembros del Consejo de Administraci\u00f3n, la Direcci\u00f3n Administrativa, Magistrados y funcionarios han recepcionado los trabajos de parquizaci\u00f3n y hermoseamiento de la avenida principal de acceso al novel Palacio de Justicia de Saltos del Guair\u00e1. Con el cultivo simb\u00f3lico de un \u00e1rbol nativo, los miembros de la comunidad [&hellip;]<\/p>\n","protected":false},"author":1,"featured_media":2930,"comment_status":"open","ping_status":"closed","sticky":false,"template":"","format":"standard","meta":{"footnotes":""},"categories":[2],"tags":[],"class_list":["post-2929","post","type-post","status-publish","format-standard","has-post-thumbnail","hentry","category-notas"],"_links":{"self":[{"href":"https:\/\/pjcanindeyu.gov.py\/index.php?rest_route=\/wp\/v2\/posts\/2929","targetHints":{"allow":["GET"]}}],"collection":[{"href":"https:\/\/pjcanindeyu.gov.py\/index.php?rest_route=\/wp\/v2\/posts"}],"about":[{"href":"https:\/\/pjcanindeyu.gov.py\/index.php?rest_route=\/wp\/v2\/types\/post"}],"author":[{"embeddable":true,"href":"https:\/\/pjcanindeyu.gov.py\/index.php?rest_route=\/wp\/v2\/users\/1"}],"replies":[{"embeddable":true,"href":"https:\/\/pjcanindeyu.gov.py\/index.php?rest_route=%2Fwp%2Fv2%2Fcomments&post=2929"}],"version-history":[{"count":1,"href":"https:\/\/pjcanindeyu.gov.py\/index.php?rest_route=\/wp\/v2\/posts\/2929\/revisions"}],"predecessor-version":[{"id":2936,"href":"https:\/\/pjcanindeyu.gov.py\/index.php?rest_route=\/wp\/v2\/posts\/2929\/revisions\/2936"}],"wp:featuredmedia":[{"embeddable":true,"href":"https:\/\/pjcanindeyu.gov.py\/index.php?rest_route=\/wp\/v2\/media\/2930"}],"wp:attachment":[{"href":"https:\/\/pjcanindeyu.gov.py\/index.php?rest_route=%2Fwp%2Fv2%2Fmedia&parent=2929"}],"wp:term":[{"taxonomy":"category","embeddable":true,"href":"https:\/\/pjcanindeyu.gov.py\/index.php?rest_route=%2Fwp%2Fv2%2Fcategories&post=2929"},{"taxonomy":"post_tag","embeddable":true,"href":"https:\/\/pjcanindeyu.gov.py\/index.php?rest_route=%2Fwp%2Fv2%2Ftags&post=2929"}],"curies":[{"name":"wp","href":"https:\/\/api.w.org\/{rel}","templated":true}]}}