
{"id":2980,"date":"2023-12-27T09:11:10","date_gmt":"2023-12-27T13:11:10","guid":{"rendered":"https:\/\/pjcanindeyu.gov.py\/?p=2980"},"modified":"2023-12-27T09:12:15","modified_gmt":"2023-12-27T13:12:15","slug":"magistrados-en-servicio-en-la-feria-judicial-2024-en-la-circunscripcion-judicial-de-canindeyu","status":"publish","type":"post","link":"https:\/\/pjcanindeyu.gov.py\/?p=2980","title":{"rendered":"Magistrados en servicio en la Feria Judicial 2024 en la Circunscripci\u00f3n Judicial de Canindey\u00fa"},"content":{"rendered":"\n<p>La Corte Suprema de Justicia, en su sesi\u00f3n plenaria del mi\u00e9rcoles 20&nbsp;de diciembre, aprob\u00f3 la Acordada N\u00b0 1723, en la cual se establece la n\u00f3mina de magistrados de la Capital e interior del pa\u00eds que prestar\u00e1n servicios durante la Feria Judicial 2024. <\/p>\n\n\n\n<p>Se garantiza la atenci\u00f3n de los servicios b\u00e1sicos durante el receso judicial que va desde el 1 de enero hasta el 31 del mismo mes.<\/p>\n\n\n\n<p>Los magistrados prestar\u00e1n servicios garantizados por la Constituci\u00f3n de la Rep\u00fablica del Paraguay en todas las Circunscripciones Judiciales del pa\u00eds.<\/p>\n\n\n\n<p>La atenci\u00f3n se mantendr\u00e1 tambi\u00e9n en las oficinas de Atenci\u00f3n Permanente, Legalizaciones, Informaciones y Garant\u00edas Constitucionales.&nbsp;<\/p>\n\n\n\n<p>Se adjunta la lista completa de los magistrados que estar\u00e1n de turno durante la feria judicial en la Circunscripci\u00f3n Judicial de Canindey\u00fa. <\/p>\n\n\n\n<figure class=\"wp-block-gallery has-nested-images columns-default is-cropped galeria wp-block-gallery-1 is-layout-flex wp-block-gallery-is-layout-flex\">\n<figure class=\"wp-block-image size-large\"><a href=\"https:\/\/pjcanindeyu.gov.py\/wp-content\/uploads\/2023\/12\/Diapositiva1.jpg\"><img loading=\"lazy\" decoding=\"async\" width=\"591\" height=\"1024\" data-id=\"2982\" src=\"https:\/\/pjcanindeyu.gov.py\/wp-content\/uploads\/2023\/12\/Diapositiva1-591x1024.jpg\" alt=\"\" class=\"wp-image-2982\" srcset=\"https:\/\/pjcanindeyu.gov.py\/wp-content\/uploads\/2023\/12\/Diapositiva1-591x1024.jpg 591w, https:\/\/pjcanindeyu.gov.py\/wp-content\/uploads\/2023\/12\/Diapositiva1-173x300.jpg 173w, https:\/\/pjcanindeyu.gov.py\/wp-content\/uploads\/2023\/12\/Diapositiva1.jpg 720w\" sizes=\"auto, (max-width: 591px) 100vw, 591px\" \/><\/a><\/figure>\n\n\n\n<figure class=\"wp-block-image size-large\"><a href=\"https:\/\/pjcanindeyu.gov.py\/wp-content\/uploads\/2023\/12\/Diapositiva2-2.jpg\"><img loading=\"lazy\" decoding=\"async\" width=\"712\" height=\"767\" data-id=\"2981\" src=\"https:\/\/pjcanindeyu.gov.py\/wp-content\/uploads\/2023\/12\/Diapositiva2-2.jpg\" alt=\"\" class=\"wp-image-2981\" srcset=\"https:\/\/pjcanindeyu.gov.py\/wp-content\/uploads\/2023\/12\/Diapositiva2-2.jpg 712w, https:\/\/pjcanindeyu.gov.py\/wp-content\/uploads\/2023\/12\/Diapositiva2-2-278x300.jpg 278w\" sizes=\"auto, (max-width: 712px) 100vw, 712px\" \/><\/a><\/figure>\n\n\n\n<figure class=\"wp-block-image size-large\"><a href=\"https:\/\/pjcanindeyu.gov.py\/wp-content\/uploads\/2023\/12\/Diapositiva3-2.jpg\"><img loading=\"lazy\" decoding=\"async\" width=\"705\" height=\"910\" data-id=\"2983\" src=\"https:\/\/pjcanindeyu.gov.py\/wp-content\/uploads\/2023\/12\/Diapositiva3-2.jpg\" alt=\"\" class=\"wp-image-2983\" srcset=\"https:\/\/pjcanindeyu.gov.py\/wp-content\/uploads\/2023\/12\/Diapositiva3-2.jpg 705w, https:\/\/pjcanindeyu.gov.py\/wp-content\/uploads\/2023\/12\/Diapositiva3-2-232x300.jpg 232w\" sizes=\"auto, (max-width: 705px) 100vw, 705px\" \/><\/a><\/figure>\n<\/figure>\n","protected":false},"excerpt":{"rendered":"<p>La Corte Suprema de Justicia, en su sesi\u00f3n plenaria del mi\u00e9rcoles 20&nbsp;de diciembre, aprob\u00f3 la Acordada N\u00b0 1723, en la cual se establece la n\u00f3mina de magistrados de la Capital e interior del pa\u00eds que prestar\u00e1n servicios durante la Feria Judicial 2024. Se garantiza la atenci\u00f3n de los servicios b\u00e1sicos [&hellip;]<\/p>\n","protected":false},"author":1,"featured_media":2628,"comment_status":"open","ping_status":"closed","sticky":false,"template":"","format":"standard","meta":{"footnotes":""},"categories":[2],"tags":[],"class_list":["post-2980","post","type-post","status-publish","format-standard","has-post-thumbnail","hentry","category-notas"],"_links":{"self":[{"href":"https:\/\/pjcanindeyu.gov.py\/index.php?rest_route=\/wp\/v2\/posts\/2980","targetHints":{"allow":["GET"]}}],"collection":[{"href":"https:\/\/pjcanindeyu.gov.py\/index.php?rest_route=\/wp\/v2\/posts"}],"about":[{"href":"https:\/\/pjcanindeyu.gov.py\/index.php?rest_route=\/wp\/v2\/types\/post"}],"author":[{"embeddable":true,"href":"https:\/\/pjcanindeyu.gov.py\/index.php?rest_route=\/wp\/v2\/users\/1"}],"replies":[{"embeddable":true,"href":"https:\/\/pjcanindeyu.gov.py\/index.php?rest_route=%2Fwp%2Fv2%2Fcomments&post=2980"}],"version-history":[{"count":2,"href":"https:\/\/pjcanindeyu.gov.py\/index.php?rest_route=\/wp\/v2\/posts\/2980\/revisions"}],"predecessor-version":[{"id":2985,"href":"https:\/\/pjcanindeyu.gov.py\/index.php?rest_route=\/wp\/v2\/posts\/2980\/revisions\/2985"}],"wp:featuredmedia":[{"embeddable":true,"href":"https:\/\/pjcanindeyu.gov.py\/index.php?rest_route=\/wp\/v2\/media\/2628"}],"wp:attachment":[{"href":"https:\/\/pjcanindeyu.gov.py\/index.php?rest_route=%2Fwp%2Fv2%2Fmedia&parent=2980"}],"wp:term":[{"taxonomy":"category","embeddable":true,"href":"https:\/\/pjcanindeyu.gov.py\/index.php?rest_route=%2Fwp%2Fv2%2Fcategories&post=2980"},{"taxonomy":"post_tag","embeddable":true,"href":"https:\/\/pjcanindeyu.gov.py\/index.php?rest_route=%2Fwp%2Fv2%2Ftags&post=2980"}],"curies":[{"name":"wp","href":"https:\/\/api.w.org\/{rel}","templated":true}]}}