
{"id":3019,"date":"2024-02-01T18:09:00","date_gmt":"2024-02-01T22:09:00","guid":{"rendered":"https:\/\/pjcanindeyu.gov.py\/?p=3019"},"modified":"2024-02-02T06:12:58","modified_gmt":"2024-02-02T10:12:58","slug":"profesional-de-la-oficina-forense-de-curuguaty-se-acoge-a-los-beneficios-de-la-jubilacion","status":"publish","type":"post","link":"https:\/\/pjcanindeyu.gov.py\/?p=3019","title":{"rendered":"Profesional de la Oficina Forense de Curuguaty se acoge a los beneficios de la jubilaci\u00f3n"},"content":{"rendered":"\n<p><\/p>\n\n\n\n<p>El M\u00e9dico Forense de la sede judicial de Curuguaty, luego de m\u00e1s de dos d\u00e9cadas de reconocida carrera en el sistema de justicia, se acogi\u00f3 a los beneficios de la jubilaci\u00f3n.<\/p>\n\n\n\n<p>La Superintendencia y el Consejo de Administraci\u00f3n Judicial de Canindey\u00fa, expresan su gratitud y merecido reconocimiento al Dr. Jos\u00e9 Domingo Arce Zayas, por sus a\u00f1os de servicio a favor de la comunidad desde el Poder Judicial.<\/p>\n\n\n\n<figure class=\"wp-block-gallery has-nested-images columns-default is-cropped galeria wp-block-gallery-1 is-layout-flex wp-block-gallery-is-layout-flex\">\n<figure class=\"wp-block-image size-large\"><a href=\"https:\/\/pjcanindeyu.gov.py\/wp-content\/uploads\/2024\/02\/Reconocimiento-dr-Arce-3.jpg\"><img loading=\"lazy\" decoding=\"async\" width=\"756\" height=\"1024\" data-id=\"3023\" src=\"https:\/\/pjcanindeyu.gov.py\/wp-content\/uploads\/2024\/02\/Reconocimiento-dr-Arce-3-756x1024.jpg\" alt=\"\" class=\"wp-image-3023\" srcset=\"https:\/\/pjcanindeyu.gov.py\/wp-content\/uploads\/2024\/02\/Reconocimiento-dr-Arce-3-756x1024.jpg 756w, https:\/\/pjcanindeyu.gov.py\/wp-content\/uploads\/2024\/02\/Reconocimiento-dr-Arce-3-221x300.jpg 221w, https:\/\/pjcanindeyu.gov.py\/wp-content\/uploads\/2024\/02\/Reconocimiento-dr-Arce-3-768x1041.jpg 768w, https:\/\/pjcanindeyu.gov.py\/wp-content\/uploads\/2024\/02\/Reconocimiento-dr-Arce-3-1134x1536.jpg 1134w, https:\/\/pjcanindeyu.gov.py\/wp-content\/uploads\/2024\/02\/Reconocimiento-dr-Arce-3-1511x2048.jpg 1511w, https:\/\/pjcanindeyu.gov.py\/wp-content\/uploads\/2024\/02\/Reconocimiento-dr-Arce-3.jpg 1780w\" sizes=\"auto, (max-width: 756px) 100vw, 756px\" \/><\/a><\/figure>\n<\/figure>\n","protected":false},"excerpt":{"rendered":"<p>El M\u00e9dico Forense de la sede judicial de Curuguaty, luego de m\u00e1s de dos d\u00e9cadas de reconocida carrera en el sistema de justicia, se acogi\u00f3 a los beneficios de la jubilaci\u00f3n. La Superintendencia y el Consejo de Administraci\u00f3n Judicial de Canindey\u00fa, expresan su gratitud y merecido reconocimiento al Dr. Jos\u00e9 [&hellip;]<\/p>\n","protected":false},"author":1,"featured_media":3023,"comment_status":"open","ping_status":"closed","sticky":false,"template":"","format":"standard","meta":{"footnotes":""},"categories":[2],"tags":[],"class_list":["post-3019","post","type-post","status-publish","format-standard","has-post-thumbnail","hentry","category-notas"],"_links":{"self":[{"href":"https:\/\/pjcanindeyu.gov.py\/index.php?rest_route=\/wp\/v2\/posts\/3019","targetHints":{"allow":["GET"]}}],"collection":[{"href":"https:\/\/pjcanindeyu.gov.py\/index.php?rest_route=\/wp\/v2\/posts"}],"about":[{"href":"https:\/\/pjcanindeyu.gov.py\/index.php?rest_route=\/wp\/v2\/types\/post"}],"author":[{"embeddable":true,"href":"https:\/\/pjcanindeyu.gov.py\/index.php?rest_route=\/wp\/v2\/users\/1"}],"replies":[{"embeddable":true,"href":"https:\/\/pjcanindeyu.gov.py\/index.php?rest_route=%2Fwp%2Fv2%2Fcomments&post=3019"}],"version-history":[{"count":1,"href":"https:\/\/pjcanindeyu.gov.py\/index.php?rest_route=\/wp\/v2\/posts\/3019\/revisions"}],"predecessor-version":[{"id":3024,"href":"https:\/\/pjcanindeyu.gov.py\/index.php?rest_route=\/wp\/v2\/posts\/3019\/revisions\/3024"}],"wp:featuredmedia":[{"embeddable":true,"href":"https:\/\/pjcanindeyu.gov.py\/index.php?rest_route=\/wp\/v2\/media\/3023"}],"wp:attachment":[{"href":"https:\/\/pjcanindeyu.gov.py\/index.php?rest_route=%2Fwp%2Fv2%2Fmedia&parent=3019"}],"wp:term":[{"taxonomy":"category","embeddable":true,"href":"https:\/\/pjcanindeyu.gov.py\/index.php?rest_route=%2Fwp%2Fv2%2Fcategories&post=3019"},{"taxonomy":"post_tag","embeddable":true,"href":"https:\/\/pjcanindeyu.gov.py\/index.php?rest_route=%2Fwp%2Fv2%2Ftags&post=3019"}],"curies":[{"name":"wp","href":"https:\/\/api.w.org\/{rel}","templated":true}]}}