
{"id":3026,"date":"2024-02-07T17:47:00","date_gmt":"2024-02-07T21:47:00","guid":{"rendered":"https:\/\/pjcanindeyu.gov.py\/?p=3026"},"modified":"2024-02-08T08:38:15","modified_gmt":"2024-02-08T12:38:15","slug":"nuevas-autoridades-electas-para-el-periodo-2024-2025","status":"publish","type":"post","link":"https:\/\/pjcanindeyu.gov.py\/?p=3026","title":{"rendered":"Nuevas autoridades electas para el periodo 2024-2025"},"content":{"rendered":"\n<p>El pleno de la Corte Suprema de Justicia (CSJ) eligi\u00f3 este mi\u00e9rcoles 7 de febrero, en sesi\u00f3n ordinaria, al doctor Luis Mar\u00eda Ben\u00edtez Riera como nuevo Presidente, y los doctores Gustavo Santander Dans y Alberto Mart\u00ednez Sim\u00f3n, en car\u00e1cter de vicepresidente primero y segundo respectivamente, en cumplimiento del art\u00edculo 8\u00b0 de la Ley N\u00b0 609\/95. Las autoridades electas asumir\u00e1n el pr\u00f3ximo 26 de febrero y cumplir\u00e1n funciones dentro del periodo de febrero 2024 a febrero 2025. <\/p>\n\n\n\n<figure class=\"wp-block-gallery has-nested-images columns-default is-cropped galeria wp-block-gallery-1 is-layout-flex wp-block-gallery-is-layout-flex\">\n<figure class=\"wp-block-image size-large\"><a href=\"https:\/\/pjcanindeyu.gov.py\/wp-content\/uploads\/2024\/02\/Autoridades-de-la-Corte-Suprema-2024.png\"><img loading=\"lazy\" decoding=\"async\" width=\"1024\" height=\"768\" data-id=\"3027\" src=\"https:\/\/pjcanindeyu.gov.py\/wp-content\/uploads\/2024\/02\/Autoridades-de-la-Corte-Suprema-2024-1024x768.png\" alt=\"\" class=\"wp-image-3027\" srcset=\"https:\/\/pjcanindeyu.gov.py\/wp-content\/uploads\/2024\/02\/Autoridades-de-la-Corte-Suprema-2024-1024x768.png 1024w, https:\/\/pjcanindeyu.gov.py\/wp-content\/uploads\/2024\/02\/Autoridades-de-la-Corte-Suprema-2024-300x225.png 300w, https:\/\/pjcanindeyu.gov.py\/wp-content\/uploads\/2024\/02\/Autoridades-de-la-Corte-Suprema-2024-768x576.png 768w, https:\/\/pjcanindeyu.gov.py\/wp-content\/uploads\/2024\/02\/Autoridades-de-la-Corte-Suprema-2024.png 1440w\" sizes=\"auto, (max-width: 1024px) 100vw, 1024px\" \/><\/a><\/figure>\n\n\n\n<figure class=\"wp-block-image size-large\"><a href=\"https:\/\/pjcanindeyu.gov.py\/wp-content\/uploads\/2023\/03\/Banner-Carolina-LLanes-2022.png.jpg\"><img loading=\"lazy\" decoding=\"async\" width=\"1024\" height=\"576\" data-id=\"1909\" src=\"https:\/\/pjcanindeyu.gov.py\/wp-content\/uploads\/2023\/03\/Banner-Carolina-LLanes-2022.png-1024x576.jpg\" alt=\"\" class=\"wp-image-1909\" srcset=\"https:\/\/pjcanindeyu.gov.py\/wp-content\/uploads\/2023\/03\/Banner-Carolina-LLanes-2022.png-1024x576.jpg 1024w, https:\/\/pjcanindeyu.gov.py\/wp-content\/uploads\/2023\/03\/Banner-Carolina-LLanes-2022.png-300x169.jpg 300w, https:\/\/pjcanindeyu.gov.py\/wp-content\/uploads\/2023\/03\/Banner-Carolina-LLanes-2022.png-768x432.jpg 768w, https:\/\/pjcanindeyu.gov.py\/wp-content\/uploads\/2023\/03\/Banner-Carolina-LLanes-2022.png-1536x864.jpg 1536w, https:\/\/pjcanindeyu.gov.py\/wp-content\/uploads\/2023\/03\/Banner-Carolina-LLanes-2022.png-1280x720.jpg 1280w, https:\/\/pjcanindeyu.gov.py\/wp-content\/uploads\/2023\/03\/Banner-Carolina-LLanes-2022.png.jpg 2000w\" sizes=\"auto, (max-width: 1024px) 100vw, 1024px\" \/><\/a><\/figure>\n<\/figure>\n\n\n\n<p>En la misma sesi\u00f3n plenaria, tambi\u00e9n, fueron designados los ministros superintendente de las circunscripciones del pa\u00eds. En ese contexto, la Dra. Carolina Llanes fue confirmada como ministra superintendente de la Circunscripci\u00f3n Judicial de Canindey\u00fa. <\/p>\n","protected":false},"excerpt":{"rendered":"<p>El pleno de la Corte Suprema de Justicia (CSJ) eligi\u00f3 este mi\u00e9rcoles 7 de febrero, en sesi\u00f3n ordinaria, al doctor Luis Mar\u00eda Ben\u00edtez Riera como nuevo Presidente, y los doctores Gustavo Santander Dans y Alberto Mart\u00ednez Sim\u00f3n, en car\u00e1cter de vicepresidente primero y segundo respectivamente, en cumplimiento del art\u00edculo 8\u00b0 [&hellip;]<\/p>\n","protected":false},"author":1,"featured_media":3027,"comment_status":"open","ping_status":"closed","sticky":false,"template":"","format":"standard","meta":{"footnotes":""},"categories":[2],"tags":[],"class_list":["post-3026","post","type-post","status-publish","format-standard","has-post-thumbnail","hentry","category-notas"],"_links":{"self":[{"href":"https:\/\/pjcanindeyu.gov.py\/index.php?rest_route=\/wp\/v2\/posts\/3026","targetHints":{"allow":["GET"]}}],"collection":[{"href":"https:\/\/pjcanindeyu.gov.py\/index.php?rest_route=\/wp\/v2\/posts"}],"about":[{"href":"https:\/\/pjcanindeyu.gov.py\/index.php?rest_route=\/wp\/v2\/types\/post"}],"author":[{"embeddable":true,"href":"https:\/\/pjcanindeyu.gov.py\/index.php?rest_route=\/wp\/v2\/users\/1"}],"replies":[{"embeddable":true,"href":"https:\/\/pjcanindeyu.gov.py\/index.php?rest_route=%2Fwp%2Fv2%2Fcomments&post=3026"}],"version-history":[{"count":1,"href":"https:\/\/pjcanindeyu.gov.py\/index.php?rest_route=\/wp\/v2\/posts\/3026\/revisions"}],"predecessor-version":[{"id":3028,"href":"https:\/\/pjcanindeyu.gov.py\/index.php?rest_route=\/wp\/v2\/posts\/3026\/revisions\/3028"}],"wp:featuredmedia":[{"embeddable":true,"href":"https:\/\/pjcanindeyu.gov.py\/index.php?rest_route=\/wp\/v2\/media\/3027"}],"wp:attachment":[{"href":"https:\/\/pjcanindeyu.gov.py\/index.php?rest_route=%2Fwp%2Fv2%2Fmedia&parent=3026"}],"wp:term":[{"taxonomy":"category","embeddable":true,"href":"https:\/\/pjcanindeyu.gov.py\/index.php?rest_route=%2Fwp%2Fv2%2Fcategories&post=3026"},{"taxonomy":"post_tag","embeddable":true,"href":"https:\/\/pjcanindeyu.gov.py\/index.php?rest_route=%2Fwp%2Fv2%2Ftags&post=3026"}],"curies":[{"name":"wp","href":"https:\/\/api.w.org\/{rel}","templated":true}]}}