
{"id":3029,"date":"2024-02-09T11:54:14","date_gmt":"2024-02-09T15:54:14","guid":{"rendered":"https:\/\/pjcanindeyu.gov.py\/?p=3029"},"modified":"2024-02-09T11:54:16","modified_gmt":"2024-02-09T15:54:16","slug":"implementacion-del-expediente-judicial-electronico-en-los-tribunales-de-apelaciones-de-canindeyu","status":"publish","type":"post","link":"https:\/\/pjcanindeyu.gov.py\/?p=3029","title":{"rendered":"Implementaci\u00f3n del Expediente Judicial Electr\u00f3nico en los Tribunales de Apelaciones de Canindey\u00fa"},"content":{"rendered":"\n<p>La Corte Suprema de Justicia, a trav\u00e9s de la Direcci\u00f3n de Tecnolog\u00edas y Comunicaci\u00f3n (TICs), aprob\u00f3 el cronograma de trabajo para ampliaci\u00f3n del Tr\u00e1mite Judicial Electr\u00f3nico en los Tribunales de Apelaci\u00f3n de las diversas Circunscripciones del pa\u00eds. Se destaca que, en el marco de este proceso se encuentra programado la implementaci\u00f3n respectiva en la Circunscripci\u00f3n Judicial de Canindey\u00fa, prevista para la segunda quincena de mayo del presente a\u00f1o.<\/p>\n\n\n\n<figure class=\"wp-block-gallery has-nested-images columns-default is-cropped galeria wp-block-gallery-1 is-layout-flex wp-block-gallery-is-layout-flex\">\n<figure class=\"wp-block-image size-large\"><a href=\"https:\/\/pjcanindeyu.gov.py\/wp-content\/uploads\/2024\/02\/Plan-de-Trabajo.png\"><img loading=\"lazy\" decoding=\"async\" width=\"960\" height=\"540\" data-id=\"3030\" src=\"https:\/\/pjcanindeyu.gov.py\/wp-content\/uploads\/2024\/02\/Plan-de-Trabajo.png\" alt=\"\" class=\"wp-image-3030\" srcset=\"https:\/\/pjcanindeyu.gov.py\/wp-content\/uploads\/2024\/02\/Plan-de-Trabajo.png 960w, https:\/\/pjcanindeyu.gov.py\/wp-content\/uploads\/2024\/02\/Plan-de-Trabajo-300x169.png 300w, https:\/\/pjcanindeyu.gov.py\/wp-content\/uploads\/2024\/02\/Plan-de-Trabajo-768x432.png 768w\" sizes=\"auto, (max-width: 960px) 100vw, 960px\" \/><\/a><\/figure>\n\n\n\n<figure class=\"wp-block-image size-large\"><a href=\"https:\/\/pjcanindeyu.gov.py\/wp-content\/uploads\/2024\/02\/Reunion.png\"><img loading=\"lazy\" decoding=\"async\" width=\"1024\" height=\"576\" data-id=\"3031\" src=\"https:\/\/pjcanindeyu.gov.py\/wp-content\/uploads\/2024\/02\/Reunion-1024x576.png\" alt=\"\" class=\"wp-image-3031\" srcset=\"https:\/\/pjcanindeyu.gov.py\/wp-content\/uploads\/2024\/02\/Reunion-1024x576.png 1024w, https:\/\/pjcanindeyu.gov.py\/wp-content\/uploads\/2024\/02\/Reunion-300x169.png 300w, https:\/\/pjcanindeyu.gov.py\/wp-content\/uploads\/2024\/02\/Reunion-768x432.png 768w, https:\/\/pjcanindeyu.gov.py\/wp-content\/uploads\/2024\/02\/Reunion-1280x720.png 1280w, https:\/\/pjcanindeyu.gov.py\/wp-content\/uploads\/2024\/02\/Reunion.png 1366w\" sizes=\"auto, (max-width: 1024px) 100vw, 1024px\" \/><\/a><\/figure>\n<\/figure>\n\n\n\n<p><\/p>\n\n\n\n<p>Es fundamental destacar que la adopci\u00f3n de herramientas tecnol\u00f3gicas en el \u00e1mbito judicial no solo impulsa la eficiencia en los procesos, sino que tambi\u00e9n brinda mayor agilidad y confiabilidad en el sistema. La migraci\u00f3n hacia tr\u00e1mites electr\u00f3nicos representa un paso significativo para garantizar la modernizaci\u00f3n y optimizaci\u00f3n de la administraci\u00f3n de justicia.<\/p>\n\n\n\n<p>Cabe mencionar que el Ministro responsable en el \u00e1rea es el Dr. Alberto Mart\u00ednez Sim\u00f3n.<\/p>\n","protected":false},"excerpt":{"rendered":"<p>La Corte Suprema de Justicia, a trav\u00e9s de la Direcci\u00f3n de Tecnolog\u00edas y Comunicaci\u00f3n (TICs), aprob\u00f3 el cronograma de trabajo para ampliaci\u00f3n del Tr\u00e1mite Judicial Electr\u00f3nico en los Tribunales de Apelaci\u00f3n de las diversas Circunscripciones del pa\u00eds. Se destaca que, en el marco de este proceso se encuentra programado la [&hellip;]<\/p>\n","protected":false},"author":1,"featured_media":3030,"comment_status":"open","ping_status":"closed","sticky":false,"template":"","format":"standard","meta":{"footnotes":""},"categories":[2],"tags":[],"class_list":["post-3029","post","type-post","status-publish","format-standard","has-post-thumbnail","hentry","category-notas"],"_links":{"self":[{"href":"https:\/\/pjcanindeyu.gov.py\/index.php?rest_route=\/wp\/v2\/posts\/3029","targetHints":{"allow":["GET"]}}],"collection":[{"href":"https:\/\/pjcanindeyu.gov.py\/index.php?rest_route=\/wp\/v2\/posts"}],"about":[{"href":"https:\/\/pjcanindeyu.gov.py\/index.php?rest_route=\/wp\/v2\/types\/post"}],"author":[{"embeddable":true,"href":"https:\/\/pjcanindeyu.gov.py\/index.php?rest_route=\/wp\/v2\/users\/1"}],"replies":[{"embeddable":true,"href":"https:\/\/pjcanindeyu.gov.py\/index.php?rest_route=%2Fwp%2Fv2%2Fcomments&post=3029"}],"version-history":[{"count":1,"href":"https:\/\/pjcanindeyu.gov.py\/index.php?rest_route=\/wp\/v2\/posts\/3029\/revisions"}],"predecessor-version":[{"id":3032,"href":"https:\/\/pjcanindeyu.gov.py\/index.php?rest_route=\/wp\/v2\/posts\/3029\/revisions\/3032"}],"wp:featuredmedia":[{"embeddable":true,"href":"https:\/\/pjcanindeyu.gov.py\/index.php?rest_route=\/wp\/v2\/media\/3030"}],"wp:attachment":[{"href":"https:\/\/pjcanindeyu.gov.py\/index.php?rest_route=%2Fwp%2Fv2%2Fmedia&parent=3029"}],"wp:term":[{"taxonomy":"category","embeddable":true,"href":"https:\/\/pjcanindeyu.gov.py\/index.php?rest_route=%2Fwp%2Fv2%2Fcategories&post=3029"},{"taxonomy":"post_tag","embeddable":true,"href":"https:\/\/pjcanindeyu.gov.py\/index.php?rest_route=%2Fwp%2Fv2%2Ftags&post=3029"}],"curies":[{"name":"wp","href":"https:\/\/api.w.org\/{rel}","templated":true}]}}