
{"id":3042,"date":"2024-02-13T10:30:05","date_gmt":"2024-02-13T14:30:05","guid":{"rendered":"https:\/\/pjcanindeyu.gov.py\/?p=3042"},"modified":"2024-02-13T10:30:06","modified_gmt":"2024-02-13T14:30:06","slug":"primera-sesion-ordinaria-del-consejo-de-administracion-de-canindeyu","status":"publish","type":"post","link":"https:\/\/pjcanindeyu.gov.py\/?p=3042","title":{"rendered":"Primera sesi\u00f3n ordinaria del Consejo de Administraci\u00f3n de Canindey\u00fa"},"content":{"rendered":"\n<p>En la fecha, el Consejo de Administraci\u00f3n de la XV Circunscripci\u00f3n Judicial de Canindey\u00fa realizo su primera sesi\u00f3n ordinaria. La reuni\u00f3n fue presidida por el Abg. Gustavo Hern\u00e1n Br\u00edtez M, y conto con la participaci\u00f3n de los miembros, Abg. Carlos Antonio Dom\u00ednguez, Abg. Edith Mart\u00ednez Aquino, y la Abg. Luz Teresita Torres. De la misma manera participaron, el Lic. Valdovino Maidana, Director Administrativo y la Lic. Estefan\u00eda Balbuena y Cindy Br\u00edtez, por la Secretar\u00eda de la Presidencia. En la reuni\u00f3n se abordaron diferentes temas relacionados a las acciones a seguir en el presente periodo, tendientes al fortalecimiento de la gesti\u00f3n institucional regional en los distintos niveles, en consonancia con los delineamientos de la Corte Suprema de Justicia.<\/p>\n\n\n\n<figure class=\"wp-block-gallery has-nested-images columns-default is-cropped galeria wp-block-gallery-1 is-layout-flex wp-block-gallery-is-layout-flex\">\n<figure class=\"wp-block-image size-large\"><a href=\"https:\/\/pjcanindeyu.gov.py\/wp-content\/uploads\/2024\/02\/Sesion-del-Consejo1-scaled.jpeg\"><img loading=\"lazy\" decoding=\"async\" width=\"1024\" height=\"768\" data-id=\"3043\" src=\"https:\/\/pjcanindeyu.gov.py\/wp-content\/uploads\/2024\/02\/Sesion-del-Consejo1-1024x768.jpeg\" alt=\"\" class=\"wp-image-3043\" srcset=\"https:\/\/pjcanindeyu.gov.py\/wp-content\/uploads\/2024\/02\/Sesion-del-Consejo1-1024x768.jpeg 1024w, https:\/\/pjcanindeyu.gov.py\/wp-content\/uploads\/2024\/02\/Sesion-del-Consejo1-300x225.jpeg 300w, https:\/\/pjcanindeyu.gov.py\/wp-content\/uploads\/2024\/02\/Sesion-del-Consejo1-768x576.jpeg 768w, https:\/\/pjcanindeyu.gov.py\/wp-content\/uploads\/2024\/02\/Sesion-del-Consejo1-1536x1152.jpeg 1536w, https:\/\/pjcanindeyu.gov.py\/wp-content\/uploads\/2024\/02\/Sesion-del-Consejo1-2048x1536.jpeg 2048w\" sizes=\"auto, (max-width: 1024px) 100vw, 1024px\" \/><\/a><\/figure>\n\n\n\n<figure class=\"wp-block-image size-large\"><a href=\"https:\/\/pjcanindeyu.gov.py\/wp-content\/uploads\/2024\/02\/Sesion-del-Consejo-scaled.jpeg\"><img loading=\"lazy\" decoding=\"async\" width=\"1024\" height=\"768\" data-id=\"3044\" src=\"https:\/\/pjcanindeyu.gov.py\/wp-content\/uploads\/2024\/02\/Sesion-del-Consejo-1024x768.jpeg\" alt=\"\" class=\"wp-image-3044\" srcset=\"https:\/\/pjcanindeyu.gov.py\/wp-content\/uploads\/2024\/02\/Sesion-del-Consejo-1024x768.jpeg 1024w, https:\/\/pjcanindeyu.gov.py\/wp-content\/uploads\/2024\/02\/Sesion-del-Consejo-300x225.jpeg 300w, https:\/\/pjcanindeyu.gov.py\/wp-content\/uploads\/2024\/02\/Sesion-del-Consejo-768x576.jpeg 768w, https:\/\/pjcanindeyu.gov.py\/wp-content\/uploads\/2024\/02\/Sesion-del-Consejo-1536x1152.jpeg 1536w, https:\/\/pjcanindeyu.gov.py\/wp-content\/uploads\/2024\/02\/Sesion-del-Consejo-2048x1536.jpeg 2048w\" sizes=\"auto, (max-width: 1024px) 100vw, 1024px\" \/><\/a><\/figure>\n<\/figure>\n","protected":false},"excerpt":{"rendered":"<p>En la fecha, el Consejo de Administraci\u00f3n de la XV Circunscripci\u00f3n Judicial de Canindey\u00fa realizo su primera sesi\u00f3n ordinaria. La reuni\u00f3n fue presidida por el Abg. Gustavo Hern\u00e1n Br\u00edtez M, y conto con la participaci\u00f3n de los miembros, Abg. Carlos Antonio Dom\u00ednguez, Abg. Edith Mart\u00ednez Aquino, y la Abg. Luz [&hellip;]<\/p>\n","protected":false},"author":1,"featured_media":3043,"comment_status":"open","ping_status":"closed","sticky":false,"template":"","format":"standard","meta":{"footnotes":""},"categories":[2],"tags":[],"class_list":["post-3042","post","type-post","status-publish","format-standard","has-post-thumbnail","hentry","category-notas"],"_links":{"self":[{"href":"https:\/\/pjcanindeyu.gov.py\/index.php?rest_route=\/wp\/v2\/posts\/3042","targetHints":{"allow":["GET"]}}],"collection":[{"href":"https:\/\/pjcanindeyu.gov.py\/index.php?rest_route=\/wp\/v2\/posts"}],"about":[{"href":"https:\/\/pjcanindeyu.gov.py\/index.php?rest_route=\/wp\/v2\/types\/post"}],"author":[{"embeddable":true,"href":"https:\/\/pjcanindeyu.gov.py\/index.php?rest_route=\/wp\/v2\/users\/1"}],"replies":[{"embeddable":true,"href":"https:\/\/pjcanindeyu.gov.py\/index.php?rest_route=%2Fwp%2Fv2%2Fcomments&post=3042"}],"version-history":[{"count":1,"href":"https:\/\/pjcanindeyu.gov.py\/index.php?rest_route=\/wp\/v2\/posts\/3042\/revisions"}],"predecessor-version":[{"id":3045,"href":"https:\/\/pjcanindeyu.gov.py\/index.php?rest_route=\/wp\/v2\/posts\/3042\/revisions\/3045"}],"wp:featuredmedia":[{"embeddable":true,"href":"https:\/\/pjcanindeyu.gov.py\/index.php?rest_route=\/wp\/v2\/media\/3043"}],"wp:attachment":[{"href":"https:\/\/pjcanindeyu.gov.py\/index.php?rest_route=%2Fwp%2Fv2%2Fmedia&parent=3042"}],"wp:term":[{"taxonomy":"category","embeddable":true,"href":"https:\/\/pjcanindeyu.gov.py\/index.php?rest_route=%2Fwp%2Fv2%2Fcategories&post=3042"},{"taxonomy":"post_tag","embeddable":true,"href":"https:\/\/pjcanindeyu.gov.py\/index.php?rest_route=%2Fwp%2Fv2%2Ftags&post=3042"}],"curies":[{"name":"wp","href":"https:\/\/api.w.org\/{rel}","templated":true}]}}