
{"id":3074,"date":"2024-02-22T13:30:00","date_gmt":"2024-02-22T17:30:00","guid":{"rendered":"https:\/\/pjcanindeyu.gov.py\/?p=3074"},"modified":"2024-02-26T09:11:21","modified_gmt":"2024-02-26T13:11:21","slug":"planificacion-institucional-de-la-gestion-2024-en-la-circunscripcion","status":"publish","type":"post","link":"https:\/\/pjcanindeyu.gov.py\/?p=3074","title":{"rendered":"Planificaci\u00f3n institucional de la Gesti\u00f3n, 2024, en la Circunscripci\u00f3n"},"content":{"rendered":"\n<p>En la fecha se realiz\u00f3 una jornada de coordinaci\u00f3n de trabajos con la finalidad de planificar las acciones institucionales en el presente a\u00f1o.<\/p>\n\n\n\n<p>La reuni\u00f3n fue presidida por el Abg. Gustavo H. Br\u00edtez, y conto con la participaci\u00f3n de los dem\u00e1s miembros del Consejo de Administraci\u00f3n, Abgs. Carlos Dom\u00ednguez y Edith Mart\u00ednez, Magistrados Judiciales y <a><\/a>jefes de las distintas secciones y representantes de las dem\u00e1s sedes judiciales de la Circunscripci\u00f3n. El principal objetivo es el de elaborar un plan de trabajo que vise mejorar la prestaci\u00f3n del servicio en la instituci\u00f3n, a partir del relevamiento de datos e informaci\u00f3n de los responsables de las distintas unidades administrativas y jurisdiccionales.<\/p>\n\n\n\n<p>Entre los temas tratados, se destacan la necesidad de optimizar la utilizaci\u00f3n de la nueva infraestructura del Palacio de Justicia en Saltos del Guaira, y la de mejorar la funcionalidad de las dem\u00e1s sedes judiciales de primera instancia y de la judicatura de paz del Departamento.<\/p>\n\n\n\n<figure class=\"wp-block-gallery has-nested-images columns-4 is-cropped galeria wp-block-gallery-1 is-layout-flex wp-block-gallery-is-layout-flex\">\n<figure class=\"wp-block-image size-large\"><a href=\"https:\/\/pjcanindeyu.gov.py\/wp-content\/uploads\/2024\/02\/Planificacion-1.jpg\"><img loading=\"lazy\" decoding=\"async\" width=\"1024\" height=\"466\" data-id=\"3075\" src=\"https:\/\/pjcanindeyu.gov.py\/wp-content\/uploads\/2024\/02\/Planificacion-1-1024x466.jpg\" alt=\"\" class=\"wp-image-3075\" srcset=\"https:\/\/pjcanindeyu.gov.py\/wp-content\/uploads\/2024\/02\/Planificacion-1-1024x466.jpg 1024w, https:\/\/pjcanindeyu.gov.py\/wp-content\/uploads\/2024\/02\/Planificacion-1-300x137.jpg 300w, https:\/\/pjcanindeyu.gov.py\/wp-content\/uploads\/2024\/02\/Planificacion-1-768x350.jpg 768w, https:\/\/pjcanindeyu.gov.py\/wp-content\/uploads\/2024\/02\/Planificacion-1.jpg 1364w\" sizes=\"auto, (max-width: 1024px) 100vw, 1024px\" \/><\/a><\/figure>\n\n\n\n<figure class=\"wp-block-image size-large\"><a href=\"https:\/\/pjcanindeyu.gov.py\/wp-content\/uploads\/2024\/02\/Planificacion-2.jpg\"><img loading=\"lazy\" decoding=\"async\" width=\"1024\" height=\"618\" data-id=\"3076\" src=\"https:\/\/pjcanindeyu.gov.py\/wp-content\/uploads\/2024\/02\/Planificacion-2-1024x618.jpg\" alt=\"\" class=\"wp-image-3076\" srcset=\"https:\/\/pjcanindeyu.gov.py\/wp-content\/uploads\/2024\/02\/Planificacion-2-1024x618.jpg 1024w, https:\/\/pjcanindeyu.gov.py\/wp-content\/uploads\/2024\/02\/Planificacion-2-300x181.jpg 300w, https:\/\/pjcanindeyu.gov.py\/wp-content\/uploads\/2024\/02\/Planificacion-2-768x463.jpg 768w, https:\/\/pjcanindeyu.gov.py\/wp-content\/uploads\/2024\/02\/Planificacion-2-1536x926.jpg 1536w, https:\/\/pjcanindeyu.gov.py\/wp-content\/uploads\/2024\/02\/Planificacion-2.jpg 1600w\" sizes=\"auto, (max-width: 1024px) 100vw, 1024px\" \/><\/a><\/figure>\n\n\n\n<figure class=\"wp-block-image size-large\"><a href=\"https:\/\/pjcanindeyu.gov.py\/wp-content\/uploads\/2024\/02\/Planificacion-3.jpg\"><img loading=\"lazy\" decoding=\"async\" width=\"1024\" height=\"627\" data-id=\"3077\" src=\"https:\/\/pjcanindeyu.gov.py\/wp-content\/uploads\/2024\/02\/Planificacion-3-1024x627.jpg\" alt=\"\" class=\"wp-image-3077\" srcset=\"https:\/\/pjcanindeyu.gov.py\/wp-content\/uploads\/2024\/02\/Planificacion-3-1024x627.jpg 1024w, https:\/\/pjcanindeyu.gov.py\/wp-content\/uploads\/2024\/02\/Planificacion-3-300x184.jpg 300w, https:\/\/pjcanindeyu.gov.py\/wp-content\/uploads\/2024\/02\/Planificacion-3-768x470.jpg 768w, https:\/\/pjcanindeyu.gov.py\/wp-content\/uploads\/2024\/02\/Planificacion-3-1536x941.jpg 1536w, https:\/\/pjcanindeyu.gov.py\/wp-content\/uploads\/2024\/02\/Planificacion-3.jpg 1600w\" sizes=\"auto, (max-width: 1024px) 100vw, 1024px\" \/><\/a><\/figure>\n\n\n\n<figure class=\"wp-block-image size-large\"><a href=\"https:\/\/pjcanindeyu.gov.py\/wp-content\/uploads\/2024\/02\/Planificacion-4.jpg\"><img loading=\"lazy\" decoding=\"async\" width=\"1024\" height=\"637\" data-id=\"3078\" src=\"https:\/\/pjcanindeyu.gov.py\/wp-content\/uploads\/2024\/02\/Planificacion-4-1024x637.jpg\" alt=\"\" class=\"wp-image-3078\" srcset=\"https:\/\/pjcanindeyu.gov.py\/wp-content\/uploads\/2024\/02\/Planificacion-4-1024x637.jpg 1024w, https:\/\/pjcanindeyu.gov.py\/wp-content\/uploads\/2024\/02\/Planificacion-4-300x187.jpg 300w, https:\/\/pjcanindeyu.gov.py\/wp-content\/uploads\/2024\/02\/Planificacion-4-768x478.jpg 768w, https:\/\/pjcanindeyu.gov.py\/wp-content\/uploads\/2024\/02\/Planificacion-4.jpg 1527w\" sizes=\"auto, (max-width: 1024px) 100vw, 1024px\" \/><\/a><\/figure>\n<\/figure>\n","protected":false},"excerpt":{"rendered":"<p>En la fecha se realiz\u00f3 una jornada de coordinaci\u00f3n de trabajos con la finalidad de planificar las acciones institucionales en el presente a\u00f1o. La reuni\u00f3n fue presidida por el Abg. Gustavo H. Br\u00edtez, y conto con la participaci\u00f3n de los dem\u00e1s miembros del Consejo de Administraci\u00f3n, Abgs. Carlos Dom\u00ednguez y [&hellip;]<\/p>\n","protected":false},"author":1,"featured_media":3077,"comment_status":"open","ping_status":"closed","sticky":false,"template":"","format":"standard","meta":{"footnotes":""},"categories":[2],"tags":[],"class_list":["post-3074","post","type-post","status-publish","format-standard","has-post-thumbnail","hentry","category-notas"],"_links":{"self":[{"href":"https:\/\/pjcanindeyu.gov.py\/index.php?rest_route=\/wp\/v2\/posts\/3074","targetHints":{"allow":["GET"]}}],"collection":[{"href":"https:\/\/pjcanindeyu.gov.py\/index.php?rest_route=\/wp\/v2\/posts"}],"about":[{"href":"https:\/\/pjcanindeyu.gov.py\/index.php?rest_route=\/wp\/v2\/types\/post"}],"author":[{"embeddable":true,"href":"https:\/\/pjcanindeyu.gov.py\/index.php?rest_route=\/wp\/v2\/users\/1"}],"replies":[{"embeddable":true,"href":"https:\/\/pjcanindeyu.gov.py\/index.php?rest_route=%2Fwp%2Fv2%2Fcomments&post=3074"}],"version-history":[{"count":1,"href":"https:\/\/pjcanindeyu.gov.py\/index.php?rest_route=\/wp\/v2\/posts\/3074\/revisions"}],"predecessor-version":[{"id":3079,"href":"https:\/\/pjcanindeyu.gov.py\/index.php?rest_route=\/wp\/v2\/posts\/3074\/revisions\/3079"}],"wp:featuredmedia":[{"embeddable":true,"href":"https:\/\/pjcanindeyu.gov.py\/index.php?rest_route=\/wp\/v2\/media\/3077"}],"wp:attachment":[{"href":"https:\/\/pjcanindeyu.gov.py\/index.php?rest_route=%2Fwp%2Fv2%2Fmedia&parent=3074"}],"wp:term":[{"taxonomy":"category","embeddable":true,"href":"https:\/\/pjcanindeyu.gov.py\/index.php?rest_route=%2Fwp%2Fv2%2Fcategories&post=3074"},{"taxonomy":"post_tag","embeddable":true,"href":"https:\/\/pjcanindeyu.gov.py\/index.php?rest_route=%2Fwp%2Fv2%2Ftags&post=3074"}],"curies":[{"name":"wp","href":"https:\/\/api.w.org\/{rel}","templated":true}]}}