
{"id":3124,"date":"2024-02-24T09:39:57","date_gmt":"2024-02-24T13:39:57","guid":{"rendered":"https:\/\/pjcanindeyu.gov.py\/?p=3124"},"modified":"2024-02-26T09:56:10","modified_gmt":"2024-02-26T13:56:10","slug":"mensaje-de-la-ministra-carolina-llanes-con-motivo-del-dia-de-la-mujer-paraguaya","status":"publish","type":"post","link":"https:\/\/pjcanindeyu.gov.py\/?p=3124","title":{"rendered":"Mensaje de la Ministra Carolina Llanes con motivo del D\u00eda de la Mujer Paraguaya"},"content":{"rendered":"\n<h2 class=\"wp-block-heading\">DIFUNDIDO POR TV JUSTICIA<\/h2>\n\n\n\n<p>En representaci\u00f3n de la Corte Suprema de Justicia, la Ministra, doctora Carolina Llanes, emiti\u00f3 un mensaje con motivo del D\u00eda de la Mujer Paraguaya, fecha conmemorativa que se recuerda anualmente cada 24 de febrero en nuestro pa\u00eds. Esta celebraci\u00f3n honra las luchas hist\u00f3ricas de las mujeres paraguayas por el reconocimiento y la participaci\u00f3n activa en todos los \u00e1mbitos de la sociedad.<br>Este a\u00f1o, la conmemoraci\u00f3n destaca el papel esencial que desempe\u00f1aron las mujeres desde la Primera Asamblea Americana de Mujeres, celebrada en la ciudad de Asunci\u00f3n en 1867 durante la Guerra de la Triple Alianza. En este contexto, la doctora Llanes hizo un llamamiento a intensificar los esfuerzos para asegurar el pleno ejercicio de los derechos de las mujeres, especialmente en lo que respecta al acceso a la justicia en el \u00e1mbito del Poder Judicial.<\/p>\n\n\n\n<figure class=\"wp-block-gallery has-nested-images columns-default is-cropped galeria wp-block-gallery-1 is-layout-flex wp-block-gallery-is-layout-flex\">\n<figure class=\"wp-block-image size-large\"><a href=\"https:\/\/pjcanindeyu.gov.py\/wp-content\/uploads\/2024\/02\/Ministra-Llanes-1.png\"><img loading=\"lazy\" decoding=\"async\" width=\"1024\" height=\"709\" data-id=\"3125\" src=\"https:\/\/pjcanindeyu.gov.py\/wp-content\/uploads\/2024\/02\/Ministra-Llanes-1-1024x709.png\" alt=\"\" class=\"wp-image-3125\" srcset=\"https:\/\/pjcanindeyu.gov.py\/wp-content\/uploads\/2024\/02\/Ministra-Llanes-1-1024x709.png 1024w, https:\/\/pjcanindeyu.gov.py\/wp-content\/uploads\/2024\/02\/Ministra-Llanes-1-300x208.png 300w, https:\/\/pjcanindeyu.gov.py\/wp-content\/uploads\/2024\/02\/Ministra-Llanes-1-768x532.png 768w, https:\/\/pjcanindeyu.gov.py\/wp-content\/uploads\/2024\/02\/Ministra-Llanes-1-1536x1064.png 1536w, https:\/\/pjcanindeyu.gov.py\/wp-content\/uploads\/2024\/02\/Ministra-Llanes-1.png 1600w\" sizes=\"auto, (max-width: 1024px) 100vw, 1024px\" \/><\/a><\/figure>\n<\/figure>\n\n\n\n<p>A continuaci\u00f3n, compartimos el mensaje completo de la ministra de la Corte Suprema de Justicia:\u00a0<\/p>\n\n\n\n<h2 class=\"wp-block-heading\">Videos<\/h2>\n\n\n\n<iframe loading=\"lazy\" class=\"video\" width=\"100%\" height=\"320\" src=\"https:\/\/www.youtube.com\/embed\/-9NcbioX9J0?si=V9G4dlxRE8E8jnIO?rel=0\" frameborder=\"0\" allowfullscreen=\"\"><\/iframe>\n","protected":false},"excerpt":{"rendered":"<p>DIFUNDIDO POR TV JUSTICIA En representaci\u00f3n de la Corte Suprema de Justicia, la Ministra, doctora Carolina Llanes, emiti\u00f3 un mensaje con motivo del D\u00eda de la Mujer Paraguaya, fecha conmemorativa que se recuerda anualmente cada 24 de febrero en nuestro pa\u00eds. Esta celebraci\u00f3n honra las luchas hist\u00f3ricas de las mujeres [&hellip;]<\/p>\n","protected":false},"author":1,"featured_media":3125,"comment_status":"open","ping_status":"closed","sticky":false,"template":"","format":"standard","meta":{"footnotes":""},"categories":[2],"tags":[],"class_list":["post-3124","post","type-post","status-publish","format-standard","has-post-thumbnail","hentry","category-notas"],"_links":{"self":[{"href":"https:\/\/pjcanindeyu.gov.py\/index.php?rest_route=\/wp\/v2\/posts\/3124","targetHints":{"allow":["GET"]}}],"collection":[{"href":"https:\/\/pjcanindeyu.gov.py\/index.php?rest_route=\/wp\/v2\/posts"}],"about":[{"href":"https:\/\/pjcanindeyu.gov.py\/index.php?rest_route=\/wp\/v2\/types\/post"}],"author":[{"embeddable":true,"href":"https:\/\/pjcanindeyu.gov.py\/index.php?rest_route=\/wp\/v2\/users\/1"}],"replies":[{"embeddable":true,"href":"https:\/\/pjcanindeyu.gov.py\/index.php?rest_route=%2Fwp%2Fv2%2Fcomments&post=3124"}],"version-history":[{"count":2,"href":"https:\/\/pjcanindeyu.gov.py\/index.php?rest_route=\/wp\/v2\/posts\/3124\/revisions"}],"predecessor-version":[{"id":3127,"href":"https:\/\/pjcanindeyu.gov.py\/index.php?rest_route=\/wp\/v2\/posts\/3124\/revisions\/3127"}],"wp:featuredmedia":[{"embeddable":true,"href":"https:\/\/pjcanindeyu.gov.py\/index.php?rest_route=\/wp\/v2\/media\/3125"}],"wp:attachment":[{"href":"https:\/\/pjcanindeyu.gov.py\/index.php?rest_route=%2Fwp%2Fv2%2Fmedia&parent=3124"}],"wp:term":[{"taxonomy":"category","embeddable":true,"href":"https:\/\/pjcanindeyu.gov.py\/index.php?rest_route=%2Fwp%2Fv2%2Fcategories&post=3124"},{"taxonomy":"post_tag","embeddable":true,"href":"https:\/\/pjcanindeyu.gov.py\/index.php?rest_route=%2Fwp%2Fv2%2Ftags&post=3124"}],"curies":[{"name":"wp","href":"https:\/\/api.w.org\/{rel}","templated":true}]}}