
{"id":3160,"date":"2024-03-06T11:37:48","date_gmt":"2024-03-06T15:37:48","guid":{"rendered":"https:\/\/pjcanindeyu.gov.py\/?p=3160"},"modified":"2024-03-06T11:37:59","modified_gmt":"2024-03-06T15:37:59","slug":"juez-de-paz-de-saltos-del-guaira-confirmado-en-el-cargo-por-la-corte-suprema-de-justicia","status":"publish","type":"post","link":"https:\/\/pjcanindeyu.gov.py\/?p=3160","title":{"rendered":"Juez de Paz de Saltos del Guair\u00e1 confirmado en el cargo por la Corte Suprema de Justicia"},"content":{"rendered":"\n<p>En sesi\u00f3n plenaria llevada a cabo en la fecha, el pleno de la Corte Suprema de Justicia confirm\u00f3 en su cargo por un per\u00edodo m\u00e1s, al Abg. Lidio Vicente Valdez Cuenca, Juez de Paz de Saltos del Guair\u00e1.<\/p>\n\n\n\n<p>La decisi\u00f3n de confirmar en el cargo al magistrado se respald\u00f3 en su destacada labor a cargo de la unidad judicial de referencia.<\/p>\n\n\n\n<figure class=\"wp-block-gallery has-nested-images columns-default is-cropped galeria wp-block-gallery-1 is-layout-flex wp-block-gallery-is-layout-flex\">\n<figure class=\"wp-block-image size-large\"><a href=\"https:\/\/pjcanindeyu.gov.py\/wp-content\/uploads\/2024\/03\/Confirmacion-Lidio.png\"><img loading=\"lazy\" decoding=\"async\" width=\"756\" height=\"1024\" data-id=\"3163\" src=\"https:\/\/pjcanindeyu.gov.py\/wp-content\/uploads\/2024\/03\/Confirmacion-Lidio-756x1024.png\" alt=\"\" class=\"wp-image-3163\" srcset=\"https:\/\/pjcanindeyu.gov.py\/wp-content\/uploads\/2024\/03\/Confirmacion-Lidio-756x1024.png 756w, https:\/\/pjcanindeyu.gov.py\/wp-content\/uploads\/2024\/03\/Confirmacion-Lidio-221x300.png 221w, https:\/\/pjcanindeyu.gov.py\/wp-content\/uploads\/2024\/03\/Confirmacion-Lidio-768x1041.png 768w, https:\/\/pjcanindeyu.gov.py\/wp-content\/uploads\/2024\/03\/Confirmacion-Lidio-1134x1536.png 1134w, https:\/\/pjcanindeyu.gov.py\/wp-content\/uploads\/2024\/03\/Confirmacion-Lidio-1511x2048.png 1511w, https:\/\/pjcanindeyu.gov.py\/wp-content\/uploads\/2024\/03\/Confirmacion-Lidio.png 1780w\" sizes=\"auto, (max-width: 756px) 100vw, 756px\" \/><\/a><\/figure>\n<\/figure>\n","protected":false},"excerpt":{"rendered":"<p>En sesi\u00f3n plenaria llevada a cabo en la fecha, el pleno de la Corte Suprema de Justicia confirm\u00f3 en su cargo por un per\u00edodo m\u00e1s, al Abg. Lidio Vicente Valdez Cuenca, Juez de Paz de Saltos del Guair\u00e1. La decisi\u00f3n de confirmar en el cargo al magistrado se respald\u00f3 en [&hellip;]<\/p>\n","protected":false},"author":1,"featured_media":3161,"comment_status":"open","ping_status":"closed","sticky":false,"template":"","format":"standard","meta":{"footnotes":""},"categories":[2],"tags":[],"class_list":["post-3160","post","type-post","status-publish","format-standard","has-post-thumbnail","hentry","category-notas"],"_links":{"self":[{"href":"https:\/\/pjcanindeyu.gov.py\/index.php?rest_route=\/wp\/v2\/posts\/3160","targetHints":{"allow":["GET"]}}],"collection":[{"href":"https:\/\/pjcanindeyu.gov.py\/index.php?rest_route=\/wp\/v2\/posts"}],"about":[{"href":"https:\/\/pjcanindeyu.gov.py\/index.php?rest_route=\/wp\/v2\/types\/post"}],"author":[{"embeddable":true,"href":"https:\/\/pjcanindeyu.gov.py\/index.php?rest_route=\/wp\/v2\/users\/1"}],"replies":[{"embeddable":true,"href":"https:\/\/pjcanindeyu.gov.py\/index.php?rest_route=%2Fwp%2Fv2%2Fcomments&post=3160"}],"version-history":[{"count":1,"href":"https:\/\/pjcanindeyu.gov.py\/index.php?rest_route=\/wp\/v2\/posts\/3160\/revisions"}],"predecessor-version":[{"id":3164,"href":"https:\/\/pjcanindeyu.gov.py\/index.php?rest_route=\/wp\/v2\/posts\/3160\/revisions\/3164"}],"wp:featuredmedia":[{"embeddable":true,"href":"https:\/\/pjcanindeyu.gov.py\/index.php?rest_route=\/wp\/v2\/media\/3161"}],"wp:attachment":[{"href":"https:\/\/pjcanindeyu.gov.py\/index.php?rest_route=%2Fwp%2Fv2%2Fmedia&parent=3160"}],"wp:term":[{"taxonomy":"category","embeddable":true,"href":"https:\/\/pjcanindeyu.gov.py\/index.php?rest_route=%2Fwp%2Fv2%2Fcategories&post=3160"},{"taxonomy":"post_tag","embeddable":true,"href":"https:\/\/pjcanindeyu.gov.py\/index.php?rest_route=%2Fwp%2Fv2%2Ftags&post=3160"}],"curies":[{"name":"wp","href":"https:\/\/api.w.org\/{rel}","templated":true}]}}