
{"id":3190,"date":"2024-03-21T08:25:24","date_gmt":"2024-03-21T12:25:24","guid":{"rendered":"https:\/\/pjcanindeyu.gov.py\/?p=3190"},"modified":"2024-03-22T08:33:50","modified_gmt":"2024-03-22T12:33:50","slug":"suspension-de-actividades-judiciales-en-los-juzgados-de-primera-instancia-de-katuete-por-traslado-de-sede","status":"publish","type":"post","link":"https:\/\/pjcanindeyu.gov.py\/?p=3190","title":{"rendered":"Suspensi\u00f3n de actividades judiciales en los Juzgados de Primera Instancia de Katuet\u00e9 por traslado de sede"},"content":{"rendered":"\n<h2 class=\"wp-block-heading\">Comunicado de inter\u00e9s General.<\/h2>\n\n\n\n<p>La Corte Suprema de Justicia, resolvi\u00f3 autorizar el traslado y la habilitaci\u00f3n de la nueva de sede de los Juzgados de Primera Instancia de Katuet\u00e9. Al efecto, decret\u00f3 la suspensi\u00f3n de los plazos procesales y de las actividades judiciales en el d\u00eda viernes 22 de del cte., en los Juzgados de Primera Instancia de Katuet\u00e9, con la finalidad de facilitar el traslado y puesta en l\u00ednea de las unidades judiciales y administrativas en el nuevo local.<\/p>\n\n\n\n<p>Se estableci\u00f3 adem\u00e1s que los plazos procesales que vencen en el referido d\u00eda, fenezcan el d\u00eda 25 de marzo del 2024, fecha en la cual todos los servicios que brinda el PJ, a los usuarios estar\u00e1n reestablecidos y ser\u00e1n brindados desde la nueva sede judicial ubicada sobre las calles, Los Lapachos y Las Residentas de la misma ciudad.<\/p>\n\n\n\n<p>La acci\u00f3n administrativa del Consejo de Administraci\u00f3n de la Circunscripci\u00f3n, visa mejorar las condiciones de trabajo de los magistrados y funcionarios en dicha sede judicial, y consolidar la prestaci\u00f3n del servicio a favor de los usuarios del sistema.<\/p>\n\n\n\n<figure class=\"wp-block-embed is-type-video is-provider-youtube wp-block-embed-youtube wp-embed-aspect-16-9 wp-has-aspect-ratio\"><div class=\"wp-block-embed__wrapper\">\n<iframe loading=\"lazy\" title=\"21-03-2024 Aprobaci\u00f3n de Mudanza de sede de Katuet\u00e9\" width=\"500\" height=\"281\" src=\"https:\/\/www.youtube.com\/embed\/lswAREm7ca0?feature=oembed\" frameborder=\"0\" allow=\"accelerometer; autoplay; clipboard-write; encrypted-media; gyroscope; picture-in-picture; web-share\" referrerpolicy=\"strict-origin-when-cross-origin\" allowfullscreen><\/iframe>\n<\/div><\/figure>\n","protected":false},"excerpt":{"rendered":"<p>Comunicado de inter\u00e9s General. La Corte Suprema de Justicia, resolvi\u00f3 autorizar el traslado y la habilitaci\u00f3n de la nueva de sede de los Juzgados de Primera Instancia de Katuet\u00e9. Al efecto, decret\u00f3 la suspensi\u00f3n de los plazos procesales y de las actividades judiciales en el d\u00eda viernes 22 de del [&hellip;]<\/p>\n","protected":false},"author":1,"featured_media":3192,"comment_status":"open","ping_status":"closed","sticky":false,"template":"","format":"standard","meta":{"footnotes":""},"categories":[2],"tags":[],"class_list":["post-3190","post","type-post","status-publish","format-standard","has-post-thumbnail","hentry","category-notas"],"_links":{"self":[{"href":"https:\/\/pjcanindeyu.gov.py\/index.php?rest_route=\/wp\/v2\/posts\/3190","targetHints":{"allow":["GET"]}}],"collection":[{"href":"https:\/\/pjcanindeyu.gov.py\/index.php?rest_route=\/wp\/v2\/posts"}],"about":[{"href":"https:\/\/pjcanindeyu.gov.py\/index.php?rest_route=\/wp\/v2\/types\/post"}],"author":[{"embeddable":true,"href":"https:\/\/pjcanindeyu.gov.py\/index.php?rest_route=\/wp\/v2\/users\/1"}],"replies":[{"embeddable":true,"href":"https:\/\/pjcanindeyu.gov.py\/index.php?rest_route=%2Fwp%2Fv2%2Fcomments&post=3190"}],"version-history":[{"count":2,"href":"https:\/\/pjcanindeyu.gov.py\/index.php?rest_route=\/wp\/v2\/posts\/3190\/revisions"}],"predecessor-version":[{"id":3194,"href":"https:\/\/pjcanindeyu.gov.py\/index.php?rest_route=\/wp\/v2\/posts\/3190\/revisions\/3194"}],"wp:featuredmedia":[{"embeddable":true,"href":"https:\/\/pjcanindeyu.gov.py\/index.php?rest_route=\/wp\/v2\/media\/3192"}],"wp:attachment":[{"href":"https:\/\/pjcanindeyu.gov.py\/index.php?rest_route=%2Fwp%2Fv2%2Fmedia&parent=3190"}],"wp:term":[{"taxonomy":"category","embeddable":true,"href":"https:\/\/pjcanindeyu.gov.py\/index.php?rest_route=%2Fwp%2Fv2%2Fcategories&post=3190"},{"taxonomy":"post_tag","embeddable":true,"href":"https:\/\/pjcanindeyu.gov.py\/index.php?rest_route=%2Fwp%2Fv2%2Ftags&post=3190"}],"curies":[{"name":"wp","href":"https:\/\/api.w.org\/{rel}","templated":true}]}}