
{"id":3220,"date":"2024-04-05T15:32:00","date_gmt":"2024-04-05T19:32:00","guid":{"rendered":"https:\/\/pjcanindeyu.gov.py\/?p=3220"},"modified":"2024-04-08T09:35:14","modified_gmt":"2024-04-08T13:35:14","slug":"inspeccion-penitenciaria-en-encarnacion","status":"publish","type":"post","link":"https:\/\/pjcanindeyu.gov.py\/?p=3220","title":{"rendered":"Inspecci\u00f3n penitenciaria en Encarnaci\u00f3n"},"content":{"rendered":"\n<p>El equipo de trabajo conformado por disposici\u00f3n del Consejo de Administraci\u00f3n, en cumplimiento de la decisi\u00f3n del Consejo de Superintendencia de la CSJ, se constituy\u00f3 en la fecha en Penitenciar\u00eda Regional de Encarnaci\u00f3n, con la finalidad de inspeccionar a las personas privadas de libertad, verificar la situaci\u00f3n jur\u00eddica, y en su caso, adoptar las medidas que correspondan para garantizar los derechos <a><\/a>que las leyes acuerdan a los prevenidos.<\/p>\n\n\n\n<p>La coordinaci\u00f3n del trabajo estuvo a cargo del Abg. Ram\u00f3n Trinidad Zelaya, miembro del Tribunal de Apelaciones en lo Penal, quien participo en la visita, acompa\u00f1ado de la Magistrada, Arminda Alfonzo, Jueza Penal de Ejecuci\u00f3n y el funcionario del Tribunal de Apelaci\u00f3n en lo Penal, Abg. Ricardo Aguilera.<\/p>\n\n\n\n<figure class=\"wp-block-gallery has-nested-images columns-default is-cropped wp-block-gallery-1 is-layout-flex wp-block-gallery-is-layout-flex\">\n<figure class=\"wp-block-image size-large\"><img loading=\"lazy\" decoding=\"async\" width=\"768\" height=\"1024\" data-id=\"3222\" src=\"https:\/\/pjcanindeyu.gov.py\/wp-content\/uploads\/2024\/04\/Encarnacion-12-768x1024.jpg\" alt=\"\" class=\"wp-image-3222\" srcset=\"https:\/\/pjcanindeyu.gov.py\/wp-content\/uploads\/2024\/04\/Encarnacion-12-768x1024.jpg 768w, https:\/\/pjcanindeyu.gov.py\/wp-content\/uploads\/2024\/04\/Encarnacion-12-225x300.jpg 225w, https:\/\/pjcanindeyu.gov.py\/wp-content\/uploads\/2024\/04\/Encarnacion-12.jpg 960w\" sizes=\"auto, (max-width: 768px) 100vw, 768px\" \/><\/figure>\n\n\n\n<figure class=\"wp-block-image size-large\"><img loading=\"lazy\" decoding=\"async\" width=\"768\" height=\"1024\" data-id=\"3221\" src=\"https:\/\/pjcanindeyu.gov.py\/wp-content\/uploads\/2024\/04\/Encarnacion-14-768x1024.jpg\" alt=\"\" class=\"wp-image-3221\" srcset=\"https:\/\/pjcanindeyu.gov.py\/wp-content\/uploads\/2024\/04\/Encarnacion-14-768x1024.jpg 768w, https:\/\/pjcanindeyu.gov.py\/wp-content\/uploads\/2024\/04\/Encarnacion-14-225x300.jpg 225w, https:\/\/pjcanindeyu.gov.py\/wp-content\/uploads\/2024\/04\/Encarnacion-14.jpg 960w\" sizes=\"auto, (max-width: 768px) 100vw, 768px\" \/><\/figure>\n\n\n\n<figure class=\"wp-block-image size-large\"><img loading=\"lazy\" decoding=\"async\" width=\"1024\" height=\"768\" data-id=\"3224\" src=\"https:\/\/pjcanindeyu.gov.py\/wp-content\/uploads\/2024\/04\/Encarnacion-3-1024x768.jpg\" alt=\"\" class=\"wp-image-3224\" srcset=\"https:\/\/pjcanindeyu.gov.py\/wp-content\/uploads\/2024\/04\/Encarnacion-3-1024x768.jpg 1024w, https:\/\/pjcanindeyu.gov.py\/wp-content\/uploads\/2024\/04\/Encarnacion-3-300x225.jpg 300w, https:\/\/pjcanindeyu.gov.py\/wp-content\/uploads\/2024\/04\/Encarnacion-3-768x576.jpg 768w, https:\/\/pjcanindeyu.gov.py\/wp-content\/uploads\/2024\/04\/Encarnacion-3.jpg 1280w\" sizes=\"auto, (max-width: 1024px) 100vw, 1024px\" \/><\/figure>\n\n\n\n<figure class=\"wp-block-image size-large\"><img loading=\"lazy\" decoding=\"async\" width=\"768\" height=\"1024\" data-id=\"3223\" src=\"https:\/\/pjcanindeyu.gov.py\/wp-content\/uploads\/2024\/04\/Fachada-768x1024.jpg\" alt=\"\" class=\"wp-image-3223\" srcset=\"https:\/\/pjcanindeyu.gov.py\/wp-content\/uploads\/2024\/04\/Fachada-768x1024.jpg 768w, https:\/\/pjcanindeyu.gov.py\/wp-content\/uploads\/2024\/04\/Fachada-225x300.jpg 225w, https:\/\/pjcanindeyu.gov.py\/wp-content\/uploads\/2024\/04\/Fachada.jpg 960w\" sizes=\"auto, (max-width: 768px) 100vw, 768px\" \/><\/figure>\n<\/figure>\n","protected":false},"excerpt":{"rendered":"<p>El equipo de trabajo conformado por disposici\u00f3n del Consejo de Administraci\u00f3n, en cumplimiento de la decisi\u00f3n del Consejo de Superintendencia de la CSJ, se constituy\u00f3 en la fecha en Penitenciar\u00eda Regional de Encarnaci\u00f3n, con la finalidad de inspeccionar a las personas privadas de libertad, verificar la situaci\u00f3n jur\u00eddica, y en [&hellip;]<\/p>\n","protected":false},"author":1,"featured_media":3224,"comment_status":"open","ping_status":"closed","sticky":false,"template":"","format":"standard","meta":{"footnotes":""},"categories":[2],"tags":[],"class_list":["post-3220","post","type-post","status-publish","format-standard","has-post-thumbnail","hentry","category-notas"],"_links":{"self":[{"href":"https:\/\/pjcanindeyu.gov.py\/index.php?rest_route=\/wp\/v2\/posts\/3220","targetHints":{"allow":["GET"]}}],"collection":[{"href":"https:\/\/pjcanindeyu.gov.py\/index.php?rest_route=\/wp\/v2\/posts"}],"about":[{"href":"https:\/\/pjcanindeyu.gov.py\/index.php?rest_route=\/wp\/v2\/types\/post"}],"author":[{"embeddable":true,"href":"https:\/\/pjcanindeyu.gov.py\/index.php?rest_route=\/wp\/v2\/users\/1"}],"replies":[{"embeddable":true,"href":"https:\/\/pjcanindeyu.gov.py\/index.php?rest_route=%2Fwp%2Fv2%2Fcomments&post=3220"}],"version-history":[{"count":1,"href":"https:\/\/pjcanindeyu.gov.py\/index.php?rest_route=\/wp\/v2\/posts\/3220\/revisions"}],"predecessor-version":[{"id":3225,"href":"https:\/\/pjcanindeyu.gov.py\/index.php?rest_route=\/wp\/v2\/posts\/3220\/revisions\/3225"}],"wp:featuredmedia":[{"embeddable":true,"href":"https:\/\/pjcanindeyu.gov.py\/index.php?rest_route=\/wp\/v2\/media\/3224"}],"wp:attachment":[{"href":"https:\/\/pjcanindeyu.gov.py\/index.php?rest_route=%2Fwp%2Fv2%2Fmedia&parent=3220"}],"wp:term":[{"taxonomy":"category","embeddable":true,"href":"https:\/\/pjcanindeyu.gov.py\/index.php?rest_route=%2Fwp%2Fv2%2Fcategories&post=3220"},{"taxonomy":"post_tag","embeddable":true,"href":"https:\/\/pjcanindeyu.gov.py\/index.php?rest_route=%2Fwp%2Fv2%2Ftags&post=3220"}],"curies":[{"name":"wp","href":"https:\/\/api.w.org\/{rel}","templated":true}]}}