
{"id":3237,"date":"2024-04-08T12:51:35","date_gmt":"2024-04-08T16:51:35","guid":{"rendered":"https:\/\/pjcanindeyu.gov.py\/?p=3237"},"modified":"2024-04-08T12:51:35","modified_gmt":"2024-04-08T16:51:35","slug":"ascienden-y-se-incorporan-nuevos-funcionarios-a-la-circunscripcion-judicial-de-canindeyu-2","status":"publish","type":"post","link":"https:\/\/pjcanindeyu.gov.py\/?p=3237","title":{"rendered":"Ascienden y se incorporan nuevos funcionarios a la Circunscripci\u00f3n Judicial de Canindey\u00fa"},"content":{"rendered":"\n<p>Por Decreto N\u00b0 2937 de fecha 3 de abril del cte., la Corte Suprema de Justicia ha aprobado, ascensos y nombramientos de nuevos funcionarios, en el marco del Concurso P\u00fablico de M\u00e9ritos y Oposici\u00f3n, para cubrir cargos vacantes en la Administraci\u00f3n de Justicia de la Circunscripci\u00f3n Judicial de Canindey\u00fa.<\/p>\n\n\n\n<p>Estas acciones visan fortalecer la prestaci\u00f3n del servicio de justicia en las distintas dependencias del Poder Judicial de Canindey\u00fa.<\/p>\n\n\n\n<p>En la jornada, las autoridades del Consejo de Administraci\u00f3n, Abg. Gustavo H. Br\u00edtez, Presidente y la Abg. Edith Mart\u00ednez, Vicepresidente, dieron la bienvenida a los noveles funcionarios.<\/p>\n\n\n\n<figure class=\"wp-block-gallery has-nested-images columns-default is-cropped galeria wp-block-gallery-1 is-layout-flex wp-block-gallery-is-layout-flex\">\n<figure class=\"wp-block-image size-large\"><a href=\"https:\/\/pjcanindeyu.gov.py\/wp-content\/uploads\/2024\/04\/nombramiento-3-scaled.jpeg\"><img loading=\"lazy\" decoding=\"async\" width=\"1024\" height=\"567\" data-id=\"3240\" src=\"https:\/\/pjcanindeyu.gov.py\/wp-content\/uploads\/2024\/04\/nombramiento-3-1024x567.jpeg\" alt=\"\" class=\"wp-image-3240\" srcset=\"https:\/\/pjcanindeyu.gov.py\/wp-content\/uploads\/2024\/04\/nombramiento-3-1024x567.jpeg 1024w, https:\/\/pjcanindeyu.gov.py\/wp-content\/uploads\/2024\/04\/nombramiento-3-300x166.jpeg 300w, https:\/\/pjcanindeyu.gov.py\/wp-content\/uploads\/2024\/04\/nombramiento-3-768x425.jpeg 768w, https:\/\/pjcanindeyu.gov.py\/wp-content\/uploads\/2024\/04\/nombramiento-3-1536x851.jpeg 1536w, https:\/\/pjcanindeyu.gov.py\/wp-content\/uploads\/2024\/04\/nombramiento-3-2048x1134.jpeg 2048w\" sizes=\"auto, (max-width: 1024px) 100vw, 1024px\" \/><\/a><\/figure>\n\n\n\n<figure class=\"wp-block-image size-large\"><a href=\"https:\/\/pjcanindeyu.gov.py\/wp-content\/uploads\/2024\/04\/nombramiento-4-scaled.jpeg\"><img loading=\"lazy\" decoding=\"async\" width=\"1024\" height=\"570\" data-id=\"3242\" src=\"https:\/\/pjcanindeyu.gov.py\/wp-content\/uploads\/2024\/04\/nombramiento-4-1024x570.jpeg\" alt=\"\" class=\"wp-image-3242\" srcset=\"https:\/\/pjcanindeyu.gov.py\/wp-content\/uploads\/2024\/04\/nombramiento-4-1024x570.jpeg 1024w, https:\/\/pjcanindeyu.gov.py\/wp-content\/uploads\/2024\/04\/nombramiento-4-300x167.jpeg 300w, https:\/\/pjcanindeyu.gov.py\/wp-content\/uploads\/2024\/04\/nombramiento-4-768x428.jpeg 768w, https:\/\/pjcanindeyu.gov.py\/wp-content\/uploads\/2024\/04\/nombramiento-4-1536x855.jpeg 1536w, https:\/\/pjcanindeyu.gov.py\/wp-content\/uploads\/2024\/04\/nombramiento-4-2048x1140.jpeg 2048w\" sizes=\"auto, (max-width: 1024px) 100vw, 1024px\" \/><\/a><\/figure>\n\n\n\n<figure class=\"wp-block-image size-large\"><a href=\"https:\/\/pjcanindeyu.gov.py\/wp-content\/uploads\/2024\/04\/nombramiento-5-scaled.jpeg\"><img loading=\"lazy\" decoding=\"async\" width=\"1024\" height=\"641\" data-id=\"3241\" src=\"https:\/\/pjcanindeyu.gov.py\/wp-content\/uploads\/2024\/04\/nombramiento-5-1024x641.jpeg\" alt=\"\" class=\"wp-image-3241\" srcset=\"https:\/\/pjcanindeyu.gov.py\/wp-content\/uploads\/2024\/04\/nombramiento-5-1024x641.jpeg 1024w, https:\/\/pjcanindeyu.gov.py\/wp-content\/uploads\/2024\/04\/nombramiento-5-300x188.jpeg 300w, https:\/\/pjcanindeyu.gov.py\/wp-content\/uploads\/2024\/04\/nombramiento-5-768x481.jpeg 768w, https:\/\/pjcanindeyu.gov.py\/wp-content\/uploads\/2024\/04\/nombramiento-5-1536x961.jpeg 1536w, https:\/\/pjcanindeyu.gov.py\/wp-content\/uploads\/2024\/04\/nombramiento-5-2048x1282.jpeg 2048w\" sizes=\"auto, (max-width: 1024px) 100vw, 1024px\" \/><\/a><\/figure>\n\n\n\n<figure class=\"wp-block-image size-large\"><a href=\"https:\/\/pjcanindeyu.gov.py\/wp-content\/uploads\/2024\/04\/nombramiento-1-scaled.jpeg\"><img loading=\"lazy\" decoding=\"async\" width=\"1024\" height=\"558\" data-id=\"3238\" src=\"https:\/\/pjcanindeyu.gov.py\/wp-content\/uploads\/2024\/04\/nombramiento-1-1024x558.jpeg\" alt=\"\" class=\"wp-image-3238\" srcset=\"https:\/\/pjcanindeyu.gov.py\/wp-content\/uploads\/2024\/04\/nombramiento-1-1024x558.jpeg 1024w, https:\/\/pjcanindeyu.gov.py\/wp-content\/uploads\/2024\/04\/nombramiento-1-300x164.jpeg 300w, https:\/\/pjcanindeyu.gov.py\/wp-content\/uploads\/2024\/04\/nombramiento-1-768x419.jpeg 768w, https:\/\/pjcanindeyu.gov.py\/wp-content\/uploads\/2024\/04\/nombramiento-1-1536x837.jpeg 1536w, https:\/\/pjcanindeyu.gov.py\/wp-content\/uploads\/2024\/04\/nombramiento-1-2048x1116.jpeg 2048w\" sizes=\"auto, (max-width: 1024px) 100vw, 1024px\" \/><\/a><\/figure>\n<\/figure>\n\n\n\n<p>La comunidad institucional celebra las designaciones, deseando a cada uno de los funcionarios el mejor de los \u00e9xitos en sus funciones.<\/p>\n","protected":false},"excerpt":{"rendered":"<p>Por Decreto N\u00b0 2937 de fecha 3 de abril del cte., la Corte Suprema de Justicia ha aprobado, ascensos y nombramientos de nuevos funcionarios, en el marco del Concurso P\u00fablico de M\u00e9ritos y Oposici\u00f3n, para cubrir cargos vacantes en la Administraci\u00f3n de Justicia de la Circunscripci\u00f3n Judicial de Canindey\u00fa. Estas [&hellip;]<\/p>\n","protected":false},"author":1,"featured_media":3238,"comment_status":"open","ping_status":"closed","sticky":false,"template":"","format":"standard","meta":{"footnotes":""},"categories":[2],"tags":[],"class_list":["post-3237","post","type-post","status-publish","format-standard","has-post-thumbnail","hentry","category-notas"],"_links":{"self":[{"href":"https:\/\/pjcanindeyu.gov.py\/index.php?rest_route=\/wp\/v2\/posts\/3237","targetHints":{"allow":["GET"]}}],"collection":[{"href":"https:\/\/pjcanindeyu.gov.py\/index.php?rest_route=\/wp\/v2\/posts"}],"about":[{"href":"https:\/\/pjcanindeyu.gov.py\/index.php?rest_route=\/wp\/v2\/types\/post"}],"author":[{"embeddable":true,"href":"https:\/\/pjcanindeyu.gov.py\/index.php?rest_route=\/wp\/v2\/users\/1"}],"replies":[{"embeddable":true,"href":"https:\/\/pjcanindeyu.gov.py\/index.php?rest_route=%2Fwp%2Fv2%2Fcomments&post=3237"}],"version-history":[{"count":1,"href":"https:\/\/pjcanindeyu.gov.py\/index.php?rest_route=\/wp\/v2\/posts\/3237\/revisions"}],"predecessor-version":[{"id":3243,"href":"https:\/\/pjcanindeyu.gov.py\/index.php?rest_route=\/wp\/v2\/posts\/3237\/revisions\/3243"}],"wp:featuredmedia":[{"embeddable":true,"href":"https:\/\/pjcanindeyu.gov.py\/index.php?rest_route=\/wp\/v2\/media\/3238"}],"wp:attachment":[{"href":"https:\/\/pjcanindeyu.gov.py\/index.php?rest_route=%2Fwp%2Fv2%2Fmedia&parent=3237"}],"wp:term":[{"taxonomy":"category","embeddable":true,"href":"https:\/\/pjcanindeyu.gov.py\/index.php?rest_route=%2Fwp%2Fv2%2Fcategories&post=3237"},{"taxonomy":"post_tag","embeddable":true,"href":"https:\/\/pjcanindeyu.gov.py\/index.php?rest_route=%2Fwp%2Fv2%2Ftags&post=3237"}],"curies":[{"name":"wp","href":"https:\/\/api.w.org\/{rel}","templated":true}]}}