
{"id":3307,"date":"2024-04-23T07:33:48","date_gmt":"2024-04-23T11:33:48","guid":{"rendered":"https:\/\/pjcanindeyu.gov.py\/?p=3307"},"modified":"2024-04-23T07:33:48","modified_gmt":"2024-04-23T11:33:48","slug":"jornadas-de-capacitacion-modelo-estandar-de-control-interno-para-instituciones-publicas-del-paraguay-mecip","status":"publish","type":"post","link":"https:\/\/pjcanindeyu.gov.py\/?p=3307","title":{"rendered":"Jornadas de capacitaci\u00f3n &#8211; Modelo Est\u00e1ndar de Control Interno para Instituciones P\u00fablicas del Paraguay, (MECIP)."},"content":{"rendered":"\n<p>Este lunes, se dio inicio a las jornadas de capacitaci\u00f3n y sensibilizaci\u00f3n sobre el programa, MECIP. La actividad institucional se enmarca dentro de la ejecuci\u00f3n del cronograma aprobado por la CSJ, a cargo del Centro de Investigaci\u00f3n y Estudios Judiciales (CIEJ), en coordinaci\u00f3n con la Direcci\u00f3n General de Auditoria Interna y la Superintendencia de la Circunscripci\u00f3n Judicial de Canindey\u00fa, a cargo de la Ministra de la C.S.J., Dra. Carolina Llanes Ocampos.<\/p>\n\n\n\n<figure class=\"wp-block-gallery has-nested-images columns-4 is-cropped galeria wp-block-gallery-1 is-layout-flex wp-block-gallery-is-layout-flex\">\n<figure class=\"wp-block-image size-large\"><a href=\"https:\/\/pjcanindeyu.gov.py\/wp-content\/uploads\/2024\/04\/Mecip-scaled.jpeg\"><img loading=\"lazy\" decoding=\"async\" width=\"1024\" height=\"461\" data-id=\"3309\" src=\"https:\/\/pjcanindeyu.gov.py\/wp-content\/uploads\/2024\/04\/Mecip-1024x461.jpeg\" alt=\"\" class=\"wp-image-3309\" srcset=\"https:\/\/pjcanindeyu.gov.py\/wp-content\/uploads\/2024\/04\/Mecip-1024x461.jpeg 1024w, https:\/\/pjcanindeyu.gov.py\/wp-content\/uploads\/2024\/04\/Mecip-300x135.jpeg 300w, https:\/\/pjcanindeyu.gov.py\/wp-content\/uploads\/2024\/04\/Mecip-768x346.jpeg 768w, https:\/\/pjcanindeyu.gov.py\/wp-content\/uploads\/2024\/04\/Mecip-1536x692.jpeg 1536w, https:\/\/pjcanindeyu.gov.py\/wp-content\/uploads\/2024\/04\/Mecip-2048x922.jpeg 2048w\" sizes=\"auto, (max-width: 1024px) 100vw, 1024px\" \/><\/a><\/figure>\n\n\n\n<figure class=\"wp-block-image size-large\"><a href=\"https:\/\/pjcanindeyu.gov.py\/wp-content\/uploads\/2024\/04\/Mecip2-scaled.jpeg\"><img loading=\"lazy\" decoding=\"async\" width=\"1024\" height=\"461\" data-id=\"3311\" src=\"https:\/\/pjcanindeyu.gov.py\/wp-content\/uploads\/2024\/04\/Mecip2-1024x461.jpeg\" alt=\"\" class=\"wp-image-3311\" srcset=\"https:\/\/pjcanindeyu.gov.py\/wp-content\/uploads\/2024\/04\/Mecip2-1024x461.jpeg 1024w, https:\/\/pjcanindeyu.gov.py\/wp-content\/uploads\/2024\/04\/Mecip2-300x135.jpeg 300w, https:\/\/pjcanindeyu.gov.py\/wp-content\/uploads\/2024\/04\/Mecip2-768x346.jpeg 768w, https:\/\/pjcanindeyu.gov.py\/wp-content\/uploads\/2024\/04\/Mecip2-1536x692.jpeg 1536w, https:\/\/pjcanindeyu.gov.py\/wp-content\/uploads\/2024\/04\/Mecip2-2048x922.jpeg 2048w\" sizes=\"auto, (max-width: 1024px) 100vw, 1024px\" \/><\/a><\/figure>\n\n\n\n<figure class=\"wp-block-image size-large\"><a href=\"https:\/\/pjcanindeyu.gov.py\/wp-content\/uploads\/2024\/04\/Mecip3.jpeg\"><img loading=\"lazy\" decoding=\"async\" width=\"728\" height=\"1024\" data-id=\"3312\" src=\"https:\/\/pjcanindeyu.gov.py\/wp-content\/uploads\/2024\/04\/Mecip3-728x1024.jpeg\" alt=\"\" class=\"wp-image-3312\" srcset=\"https:\/\/pjcanindeyu.gov.py\/wp-content\/uploads\/2024\/04\/Mecip3-728x1024.jpeg 728w, https:\/\/pjcanindeyu.gov.py\/wp-content\/uploads\/2024\/04\/Mecip3-213x300.jpeg 213w, https:\/\/pjcanindeyu.gov.py\/wp-content\/uploads\/2024\/04\/Mecip3-768x1081.jpeg 768w, https:\/\/pjcanindeyu.gov.py\/wp-content\/uploads\/2024\/04\/Mecip3-1092x1536.jpeg 1092w, https:\/\/pjcanindeyu.gov.py\/wp-content\/uploads\/2024\/04\/Mecip3.jpeg 1137w\" sizes=\"auto, (max-width: 728px) 100vw, 728px\" \/><\/a><\/figure>\n\n\n\n<figure class=\"wp-block-image size-large\"><a href=\"https:\/\/pjcanindeyu.gov.py\/wp-content\/uploads\/2024\/04\/Mecip4.jpeg\"><img loading=\"lazy\" decoding=\"async\" width=\"644\" height=\"1024\" data-id=\"3313\" src=\"https:\/\/pjcanindeyu.gov.py\/wp-content\/uploads\/2024\/04\/Mecip4-644x1024.jpeg\" alt=\"\" class=\"wp-image-3313\" srcset=\"https:\/\/pjcanindeyu.gov.py\/wp-content\/uploads\/2024\/04\/Mecip4-644x1024.jpeg 644w, https:\/\/pjcanindeyu.gov.py\/wp-content\/uploads\/2024\/04\/Mecip4-189x300.jpeg 189w, https:\/\/pjcanindeyu.gov.py\/wp-content\/uploads\/2024\/04\/Mecip4-768x1222.jpeg 768w, https:\/\/pjcanindeyu.gov.py\/wp-content\/uploads\/2024\/04\/Mecip4-966x1536.jpeg 966w, https:\/\/pjcanindeyu.gov.py\/wp-content\/uploads\/2024\/04\/Mecip4-1287x2048.jpeg 1287w, https:\/\/pjcanindeyu.gov.py\/wp-content\/uploads\/2024\/04\/Mecip4.jpeg 1383w\" sizes=\"auto, (max-width: 644px) 100vw, 644px\" \/><\/a><\/figure>\n\n\n\n<figure class=\"wp-block-image size-large\"><a href=\"https:\/\/pjcanindeyu.gov.py\/wp-content\/uploads\/2024\/04\/Mecip1.jpeg\"><img loading=\"lazy\" decoding=\"async\" width=\"1024\" height=\"461\" data-id=\"3310\" src=\"https:\/\/pjcanindeyu.gov.py\/wp-content\/uploads\/2024\/04\/Mecip1-1024x461.jpeg\" alt=\"\" class=\"wp-image-3310\" srcset=\"https:\/\/pjcanindeyu.gov.py\/wp-content\/uploads\/2024\/04\/Mecip1-1024x461.jpeg 1024w, https:\/\/pjcanindeyu.gov.py\/wp-content\/uploads\/2024\/04\/Mecip1-300x135.jpeg 300w, https:\/\/pjcanindeyu.gov.py\/wp-content\/uploads\/2024\/04\/Mecip1-768x346.jpeg 768w, https:\/\/pjcanindeyu.gov.py\/wp-content\/uploads\/2024\/04\/Mecip1-1536x691.jpeg 1536w, https:\/\/pjcanindeyu.gov.py\/wp-content\/uploads\/2024\/04\/Mecip1.jpeg 1600w\" sizes=\"auto, (max-width: 1024px) 100vw, 1024px\" \/><\/a><\/figure>\n<\/figure>\n\n\n\n<p>En la apertura, el Abg. Gustavo H. Br\u00edtez M., presidente de la XV Circunscripci\u00f3n Judicial, al tiempo de agradecer al equipo t\u00e9cnico de capacitadores, hizo menci\u00f3n sobre la importancia de la actividad llevada adelante, a fin de que la gesti\u00f3n administrativa de la instituci\u00f3n pueda consolidarse, con la observancia y aplicaci\u00f3n de los criterios de gesti\u00f3n, transparencia, control y rendici\u00f3n de cuentas, dispuestos por el programa MECIP. El Consejo de Administraci\u00f3n por su trascendencia, declar\u00f3 de Inter\u00e9s Institucional la realizaci\u00f3n del curso.<\/p>\n\n\n\n<p>A su turno, el Lic. Miguel Basualdo Fornells, Director General de Auditoria Interna, presento las nociones generales, metodolog\u00eda y materiales del curso taller que se inicia, para luego alentar a los presentes a perseverar en las buenas pr\u00e1cticas a modo de cosechar los frutos que le son inherentes, como la eficiencia, excelencia, el reconocimiento y fortalecimiento de la gesti\u00f3n a beneficio de la sociedad.<\/p>\n\n\n\n<p>Participaron de la actividad, los miembros del Consejo de Administraci\u00f3n, Abg. Edith Mart\u00ednez y la Abg. Luz Torres, el Lic. Valdovino Maidana, Administrador de la Circunscripci\u00f3n, Jazm\u00edn Costa, por el Departamento de capacitaci\u00f3n del Centro Internacional de Estudios Judiciales (CIEJ), Jefes de Secciones y asistentes de las distintas dependencias administrativas y de apoyo del Palacio de Justicia de Saltos del Guair\u00e1.<\/p>\n","protected":false},"excerpt":{"rendered":"<p>Este lunes, se dio inicio a las jornadas de capacitaci\u00f3n y sensibilizaci\u00f3n sobre el programa, MECIP. La actividad institucional se enmarca dentro de la ejecuci\u00f3n del cronograma aprobado por la CSJ, a cargo del Centro de Investigaci\u00f3n y Estudios Judiciales (CIEJ), en coordinaci\u00f3n con la Direcci\u00f3n General de Auditoria Interna [&hellip;]<\/p>\n","protected":false},"author":1,"featured_media":3310,"comment_status":"open","ping_status":"closed","sticky":false,"template":"","format":"standard","meta":{"footnotes":""},"categories":[2],"tags":[],"class_list":["post-3307","post","type-post","status-publish","format-standard","has-post-thumbnail","hentry","category-notas"],"_links":{"self":[{"href":"https:\/\/pjcanindeyu.gov.py\/index.php?rest_route=\/wp\/v2\/posts\/3307","targetHints":{"allow":["GET"]}}],"collection":[{"href":"https:\/\/pjcanindeyu.gov.py\/index.php?rest_route=\/wp\/v2\/posts"}],"about":[{"href":"https:\/\/pjcanindeyu.gov.py\/index.php?rest_route=\/wp\/v2\/types\/post"}],"author":[{"embeddable":true,"href":"https:\/\/pjcanindeyu.gov.py\/index.php?rest_route=\/wp\/v2\/users\/1"}],"replies":[{"embeddable":true,"href":"https:\/\/pjcanindeyu.gov.py\/index.php?rest_route=%2Fwp%2Fv2%2Fcomments&post=3307"}],"version-history":[{"count":1,"href":"https:\/\/pjcanindeyu.gov.py\/index.php?rest_route=\/wp\/v2\/posts\/3307\/revisions"}],"predecessor-version":[{"id":3314,"href":"https:\/\/pjcanindeyu.gov.py\/index.php?rest_route=\/wp\/v2\/posts\/3307\/revisions\/3314"}],"wp:featuredmedia":[{"embeddable":true,"href":"https:\/\/pjcanindeyu.gov.py\/index.php?rest_route=\/wp\/v2\/media\/3310"}],"wp:attachment":[{"href":"https:\/\/pjcanindeyu.gov.py\/index.php?rest_route=%2Fwp%2Fv2%2Fmedia&parent=3307"}],"wp:term":[{"taxonomy":"category","embeddable":true,"href":"https:\/\/pjcanindeyu.gov.py\/index.php?rest_route=%2Fwp%2Fv2%2Fcategories&post=3307"},{"taxonomy":"post_tag","embeddable":true,"href":"https:\/\/pjcanindeyu.gov.py\/index.php?rest_route=%2Fwp%2Fv2%2Ftags&post=3307"}],"curies":[{"name":"wp","href":"https:\/\/api.w.org\/{rel}","templated":true}]}}