
{"id":3332,"date":"2024-04-26T13:42:20","date_gmt":"2024-04-26T17:42:20","guid":{"rendered":"https:\/\/pjcanindeyu.gov.py\/?p=3332"},"modified":"2024-04-26T13:42:20","modified_gmt":"2024-04-26T17:42:20","slug":"proceso-de-fortalecimiento-del-fuero-de-la-ninez-y-la-adolescencia-y-penal-adolescente-en-la-circunscripcion","status":"publish","type":"post","link":"https:\/\/pjcanindeyu.gov.py\/?p=3332","title":{"rendered":"Proceso de fortalecimiento del fuero de la Ni\u00f1ez y la Adolescencia y Penal Adolescente en la Circunscripci\u00f3n"},"content":{"rendered":"\n<p>En el marco del plan de mejora del fuero especializado de la ni\u00f1ez y la adolescencia, y el penal adolescente, en la jornada se realiz\u00f3 una reuni\u00f3n presencial y virtual de coordinaci\u00f3n de los trabajos a ser llevados adelante por el Consejo de Administraci\u00f3n, Jueces de la Ni\u00f1ez, y Penal Adolescente, y profesionales integrantes de los equipos t\u00e9cnicos multidisciplinarios de apoyo de Saltos del Guaira y Curuguaty, quienes participaron activamente de la actividad.<\/p>\n\n\n\n<p>Cabe resaltar que la Ministra responsable de la Oficina T\u00e9cnica de apoyo al fuero de la Ni\u00f1ez y Adolescencia de la Corte Suprema de Justicia, resulta ser la Dra. Mar\u00eda Carolina Llanes Ocampos, Superintendente de la Circunscripci\u00f3n de Canindey\u00fa.<\/p>\n\n\n\n<figure class=\"wp-block-gallery has-nested-images columns-default is-cropped galeria wp-block-gallery-1 is-layout-flex wp-block-gallery-is-layout-flex\">\n<figure class=\"wp-block-image size-large\"><a href=\"https:\/\/pjcanindeyu.gov.py\/?attachment_id=3333\"><img loading=\"lazy\" decoding=\"async\" width=\"1024\" height=\"576\" data-id=\"3333\" src=\"https:\/\/pjcanindeyu.gov.py\/wp-content\/uploads\/2024\/04\/Ninez-reunion-1-1024x576.jpeg\" alt=\"\" class=\"wp-image-3333\" srcset=\"https:\/\/pjcanindeyu.gov.py\/wp-content\/uploads\/2024\/04\/Ninez-reunion-1-1024x576.jpeg 1024w, https:\/\/pjcanindeyu.gov.py\/wp-content\/uploads\/2024\/04\/Ninez-reunion-1-300x169.jpeg 300w, https:\/\/pjcanindeyu.gov.py\/wp-content\/uploads\/2024\/04\/Ninez-reunion-1-768x432.jpeg 768w, https:\/\/pjcanindeyu.gov.py\/wp-content\/uploads\/2024\/04\/Ninez-reunion-1-1536x864.jpeg 1536w, https:\/\/pjcanindeyu.gov.py\/wp-content\/uploads\/2024\/04\/Ninez-reunion-1-2048x1152.jpeg 2048w, https:\/\/pjcanindeyu.gov.py\/wp-content\/uploads\/2024\/04\/Ninez-reunion-1-1280x720.jpeg 1280w\" sizes=\"auto, (max-width: 1024px) 100vw, 1024px\" \/><\/a><\/figure>\n\n\n\n<figure class=\"wp-block-image size-large\"><a href=\"https:\/\/pjcanindeyu.gov.py\/?attachment_id=3334\"><img loading=\"lazy\" decoding=\"async\" width=\"1024\" height=\"576\" data-id=\"3334\" src=\"https:\/\/pjcanindeyu.gov.py\/wp-content\/uploads\/2024\/04\/Ninez-reunion-2-1024x576.jpeg\" alt=\"\" class=\"wp-image-3334\" srcset=\"https:\/\/pjcanindeyu.gov.py\/wp-content\/uploads\/2024\/04\/Ninez-reunion-2-1024x576.jpeg 1024w, https:\/\/pjcanindeyu.gov.py\/wp-content\/uploads\/2024\/04\/Ninez-reunion-2-300x169.jpeg 300w, https:\/\/pjcanindeyu.gov.py\/wp-content\/uploads\/2024\/04\/Ninez-reunion-2-768x432.jpeg 768w, https:\/\/pjcanindeyu.gov.py\/wp-content\/uploads\/2024\/04\/Ninez-reunion-2-1536x864.jpeg 1536w, https:\/\/pjcanindeyu.gov.py\/wp-content\/uploads\/2024\/04\/Ninez-reunion-2-2048x1152.jpeg 2048w, https:\/\/pjcanindeyu.gov.py\/wp-content\/uploads\/2024\/04\/Ninez-reunion-2-1280x720.jpeg 1280w\" sizes=\"auto, (max-width: 1024px) 100vw, 1024px\" \/><\/a><\/figure>\n\n\n\n<figure class=\"wp-block-image size-large\"><a href=\"https:\/\/pjcanindeyu.gov.py\/?attachment_id=3336\"><img loading=\"lazy\" decoding=\"async\" width=\"1024\" height=\"576\" data-id=\"3336\" src=\"https:\/\/pjcanindeyu.gov.py\/wp-content\/uploads\/2024\/04\/Ninez-reunion-1024x576.jpeg\" alt=\"\" class=\"wp-image-3336\" srcset=\"https:\/\/pjcanindeyu.gov.py\/wp-content\/uploads\/2024\/04\/Ninez-reunion-1024x576.jpeg 1024w, https:\/\/pjcanindeyu.gov.py\/wp-content\/uploads\/2024\/04\/Ninez-reunion-300x169.jpeg 300w, https:\/\/pjcanindeyu.gov.py\/wp-content\/uploads\/2024\/04\/Ninez-reunion-768x432.jpeg 768w, https:\/\/pjcanindeyu.gov.py\/wp-content\/uploads\/2024\/04\/Ninez-reunion-1536x864.jpeg 1536w, https:\/\/pjcanindeyu.gov.py\/wp-content\/uploads\/2024\/04\/Ninez-reunion-2048x1152.jpeg 2048w, https:\/\/pjcanindeyu.gov.py\/wp-content\/uploads\/2024\/04\/Ninez-reunion-1280x720.jpeg 1280w\" sizes=\"auto, (max-width: 1024px) 100vw, 1024px\" \/><\/a><\/figure>\n\n\n\n<figure class=\"wp-block-image size-large\"><a href=\"https:\/\/pjcanindeyu.gov.py\/?attachment_id=3335\"><img loading=\"lazy\" decoding=\"async\" width=\"1024\" height=\"576\" data-id=\"3335\" src=\"https:\/\/pjcanindeyu.gov.py\/wp-content\/uploads\/2024\/04\/Ninez-reunion-3-1024x576.jpeg\" alt=\"\" class=\"wp-image-3335\" srcset=\"https:\/\/pjcanindeyu.gov.py\/wp-content\/uploads\/2024\/04\/Ninez-reunion-3-1024x576.jpeg 1024w, https:\/\/pjcanindeyu.gov.py\/wp-content\/uploads\/2024\/04\/Ninez-reunion-3-300x169.jpeg 300w, https:\/\/pjcanindeyu.gov.py\/wp-content\/uploads\/2024\/04\/Ninez-reunion-3-768x432.jpeg 768w, https:\/\/pjcanindeyu.gov.py\/wp-content\/uploads\/2024\/04\/Ninez-reunion-3-1536x864.jpeg 1536w, https:\/\/pjcanindeyu.gov.py\/wp-content\/uploads\/2024\/04\/Ninez-reunion-3-2048x1152.jpeg 2048w, https:\/\/pjcanindeyu.gov.py\/wp-content\/uploads\/2024\/04\/Ninez-reunion-3-1280x720.jpeg 1280w\" sizes=\"auto, (max-width: 1024px) 100vw, 1024px\" \/><\/a><\/figure>\n<\/figure>\n\n\n\n<p>En su intervenci\u00f3n, el Pdte. del Consejo, Abg. Gustavo H. Br\u00edtez, se\u00f1alo que constituye un deber institucional trabajar por el fortalecimiento del fuero de la ni\u00f1ez y la adolescencia, reconociendo la necesidad de brindar una atenci\u00f3n diferenciada y especializada a los ni\u00f1os y adolescentes ingresados al sistema de justicia. El Consejo de Administraci\u00f3n ha designado a la Magistrada, Edith Mart\u00ednez, Camarista de la Ni\u00f1ez como coordinadora de las acciones a llevarse a adelante.<\/p>\n\n\n\n<p>Como primera medida, entre otras, se acord\u00f3 la realizaci\u00f3n de jornadas de capacitaci\u00f3n dirigido a los operadores del fuero; la instalaci\u00f3n funcional del equipo t\u00e9cnico de apoyo multidisciplinario de Saltos del Guair\u00e1 dentro de la propia estructura del Juzgado de la Ni\u00f1ez del Palacio de Justicia y el equipamiento inform\u00e1tico e integral de las oficinas respectivas.<\/p>\n","protected":false},"excerpt":{"rendered":"<p>En el marco del plan de mejora del fuero especializado de la ni\u00f1ez y la adolescencia, y el penal adolescente, en la jornada se realiz\u00f3 una reuni\u00f3n presencial y virtual de coordinaci\u00f3n de los trabajos a ser llevados adelante por el Consejo de Administraci\u00f3n, Jueces de la Ni\u00f1ez, y Penal [&hellip;]<\/p>\n","protected":false},"author":1,"featured_media":3335,"comment_status":"open","ping_status":"closed","sticky":false,"template":"","format":"standard","meta":{"footnotes":""},"categories":[2],"tags":[],"class_list":["post-3332","post","type-post","status-publish","format-standard","has-post-thumbnail","hentry","category-notas"],"_links":{"self":[{"href":"https:\/\/pjcanindeyu.gov.py\/index.php?rest_route=\/wp\/v2\/posts\/3332","targetHints":{"allow":["GET"]}}],"collection":[{"href":"https:\/\/pjcanindeyu.gov.py\/index.php?rest_route=\/wp\/v2\/posts"}],"about":[{"href":"https:\/\/pjcanindeyu.gov.py\/index.php?rest_route=\/wp\/v2\/types\/post"}],"author":[{"embeddable":true,"href":"https:\/\/pjcanindeyu.gov.py\/index.php?rest_route=\/wp\/v2\/users\/1"}],"replies":[{"embeddable":true,"href":"https:\/\/pjcanindeyu.gov.py\/index.php?rest_route=%2Fwp%2Fv2%2Fcomments&post=3332"}],"version-history":[{"count":1,"href":"https:\/\/pjcanindeyu.gov.py\/index.php?rest_route=\/wp\/v2\/posts\/3332\/revisions"}],"predecessor-version":[{"id":3337,"href":"https:\/\/pjcanindeyu.gov.py\/index.php?rest_route=\/wp\/v2\/posts\/3332\/revisions\/3337"}],"wp:featuredmedia":[{"embeddable":true,"href":"https:\/\/pjcanindeyu.gov.py\/index.php?rest_route=\/wp\/v2\/media\/3335"}],"wp:attachment":[{"href":"https:\/\/pjcanindeyu.gov.py\/index.php?rest_route=%2Fwp%2Fv2%2Fmedia&parent=3332"}],"wp:term":[{"taxonomy":"category","embeddable":true,"href":"https:\/\/pjcanindeyu.gov.py\/index.php?rest_route=%2Fwp%2Fv2%2Fcategories&post=3332"},{"taxonomy":"post_tag","embeddable":true,"href":"https:\/\/pjcanindeyu.gov.py\/index.php?rest_route=%2Fwp%2Fv2%2Ftags&post=3332"}],"curies":[{"name":"wp","href":"https:\/\/api.w.org\/{rel}","templated":true}]}}