
{"id":3351,"date":"2024-04-26T17:35:22","date_gmt":"2024-04-26T21:35:22","guid":{"rendered":"https:\/\/pjcanindeyu.gov.py\/?p=3351"},"modified":"2024-04-26T17:35:22","modified_gmt":"2024-04-26T21:35:22","slug":"culmina-taller-de-capacitacion-modelo-estandar-de-control-interno-para-instituciones-publicas-de-paraguay","status":"publish","type":"post","link":"https:\/\/pjcanindeyu.gov.py\/?p=3351","title":{"rendered":"Culmina Taller de capacitaci\u00f3n &#8211; Modelo Est\u00e1ndar de Control Interno para Instituciones P\u00fablicas de Paraguay."},"content":{"rendered":"\n<p>En el Palacio de Justicia, tuvo lugar la \u00faltima jornada del m\u00f3dulo correspondiente al Taller sobre control interno identificado con las siglas MECIP.<\/p>\n\n\n\n<p>Esta actividad estuvo dirigida a los Administradores y Funcionarios del \u00c1rea Administrativa y se ha cumplido en 5 jornadas, durante las cuales se han presentado temas referentes como: Introducci\u00f3n y conceptualizaci\u00f3n del Control Interno, sus normas, principios, acciones, procesos y responsabilidades de las autoridades.<\/p>\n\n\n\n<figure class=\"wp-block-gallery has-nested-images columns-default is-cropped galeria wp-block-gallery-1 is-layout-flex wp-block-gallery-is-layout-flex\">\n<figure class=\"wp-block-image size-large\"><a href=\"https:\/\/pjcanindeyu.gov.py\/wp-content\/uploads\/2024\/04\/Capacitaciones2-scaled.jpeg\"><img loading=\"lazy\" decoding=\"async\" width=\"1024\" height=\"576\" data-id=\"3368\" src=\"https:\/\/pjcanindeyu.gov.py\/wp-content\/uploads\/2024\/04\/Capacitaciones2-1024x576.jpeg\" alt=\"\" class=\"wp-image-3368\" srcset=\"https:\/\/pjcanindeyu.gov.py\/wp-content\/uploads\/2024\/04\/Capacitaciones2-1024x576.jpeg 1024w, https:\/\/pjcanindeyu.gov.py\/wp-content\/uploads\/2024\/04\/Capacitaciones2-300x169.jpeg 300w, https:\/\/pjcanindeyu.gov.py\/wp-content\/uploads\/2024\/04\/Capacitaciones2-768x432.jpeg 768w, https:\/\/pjcanindeyu.gov.py\/wp-content\/uploads\/2024\/04\/Capacitaciones2-1536x864.jpeg 1536w, https:\/\/pjcanindeyu.gov.py\/wp-content\/uploads\/2024\/04\/Capacitaciones2-2048x1152.jpeg 2048w, https:\/\/pjcanindeyu.gov.py\/wp-content\/uploads\/2024\/04\/Capacitaciones2-1280x720.jpeg 1280w\" sizes=\"auto, (max-width: 1024px) 100vw, 1024px\" \/><\/a><\/figure>\n\n\n\n<figure class=\"wp-block-image size-large\"><a href=\"https:\/\/pjcanindeyu.gov.py\/wp-content\/uploads\/2024\/04\/Capacitaciones3.jpeg\"><img loading=\"lazy\" decoding=\"async\" width=\"1024\" height=\"576\" data-id=\"3371\" src=\"https:\/\/pjcanindeyu.gov.py\/wp-content\/uploads\/2024\/04\/Capacitaciones3-1024x576.jpeg\" alt=\"\" class=\"wp-image-3371\" srcset=\"https:\/\/pjcanindeyu.gov.py\/wp-content\/uploads\/2024\/04\/Capacitaciones3-1024x576.jpeg 1024w, https:\/\/pjcanindeyu.gov.py\/wp-content\/uploads\/2024\/04\/Capacitaciones3-300x169.jpeg 300w, https:\/\/pjcanindeyu.gov.py\/wp-content\/uploads\/2024\/04\/Capacitaciones3-768x432.jpeg 768w, https:\/\/pjcanindeyu.gov.py\/wp-content\/uploads\/2024\/04\/Capacitaciones3-1536x864.jpeg 1536w, https:\/\/pjcanindeyu.gov.py\/wp-content\/uploads\/2024\/04\/Capacitaciones3-1280x720.jpeg 1280w, https:\/\/pjcanindeyu.gov.py\/wp-content\/uploads\/2024\/04\/Capacitaciones3.jpeg 1600w\" sizes=\"auto, (max-width: 1024px) 100vw, 1024px\" \/><\/a><\/figure>\n\n\n\n<figure class=\"wp-block-image size-large\"><a href=\"https:\/\/pjcanindeyu.gov.py\/wp-content\/uploads\/2024\/04\/Capacitaciones-scaled.jpeg\"><img loading=\"lazy\" decoding=\"async\" width=\"1024\" height=\"576\" data-id=\"3370\" src=\"https:\/\/pjcanindeyu.gov.py\/wp-content\/uploads\/2024\/04\/Capacitaciones-1024x576.jpeg\" alt=\"\" class=\"wp-image-3370\" srcset=\"https:\/\/pjcanindeyu.gov.py\/wp-content\/uploads\/2024\/04\/Capacitaciones-1024x576.jpeg 1024w, https:\/\/pjcanindeyu.gov.py\/wp-content\/uploads\/2024\/04\/Capacitaciones-300x169.jpeg 300w, https:\/\/pjcanindeyu.gov.py\/wp-content\/uploads\/2024\/04\/Capacitaciones-768x432.jpeg 768w, https:\/\/pjcanindeyu.gov.py\/wp-content\/uploads\/2024\/04\/Capacitaciones-1536x864.jpeg 1536w, https:\/\/pjcanindeyu.gov.py\/wp-content\/uploads\/2024\/04\/Capacitaciones-2048x1152.jpeg 2048w, https:\/\/pjcanindeyu.gov.py\/wp-content\/uploads\/2024\/04\/Capacitaciones-1280x720.jpeg 1280w\" sizes=\"auto, (max-width: 1024px) 100vw, 1024px\" \/><\/a><\/figure>\n\n\n\n<figure class=\"wp-block-image size-large\"><a href=\"https:\/\/pjcanindeyu.gov.py\/wp-content\/uploads\/2024\/04\/Capacitaciones1-scaled.jpeg\"><img loading=\"lazy\" decoding=\"async\" width=\"1024\" height=\"576\" data-id=\"3369\" src=\"https:\/\/pjcanindeyu.gov.py\/wp-content\/uploads\/2024\/04\/Capacitaciones1-1024x576.jpeg\" alt=\"\" class=\"wp-image-3369\" srcset=\"https:\/\/pjcanindeyu.gov.py\/wp-content\/uploads\/2024\/04\/Capacitaciones1-1024x576.jpeg 1024w, https:\/\/pjcanindeyu.gov.py\/wp-content\/uploads\/2024\/04\/Capacitaciones1-300x169.jpeg 300w, https:\/\/pjcanindeyu.gov.py\/wp-content\/uploads\/2024\/04\/Capacitaciones1-768x432.jpeg 768w, https:\/\/pjcanindeyu.gov.py\/wp-content\/uploads\/2024\/04\/Capacitaciones1-1536x864.jpeg 1536w, https:\/\/pjcanindeyu.gov.py\/wp-content\/uploads\/2024\/04\/Capacitaciones1-2048x1152.jpeg 2048w, https:\/\/pjcanindeyu.gov.py\/wp-content\/uploads\/2024\/04\/Capacitaciones1-1280x720.jpeg 1280w\" sizes=\"auto, (max-width: 1024px) 100vw, 1024px\" \/><\/a><\/figure>\n<\/figure>\n\n\n\n<p>El temario y el desarrollo de todo su contenido, tuvo como protagonista al Lic. Miguel Basualdo Fornells, Director General de la Auditoria Interna de la Corte Suprema de Justicia, quien supo captar el inter\u00e9s de todo el auditorio, con materiales de apoyo en audio y v\u00eddeo, y como complemento a esta t\u00e9cnica, su s\u00f3lida experiencia adquirida en la eficiente pr\u00e1ctica de estas funciones.<\/p>\n","protected":false},"excerpt":{"rendered":"<p>En el Palacio de Justicia, tuvo lugar la \u00faltima jornada del m\u00f3dulo correspondiente al Taller sobre control interno identificado con las siglas MECIP. Esta actividad estuvo dirigida a los Administradores y Funcionarios del \u00c1rea Administrativa y se ha cumplido en 5 jornadas, durante las cuales se han presentado temas referentes [&hellip;]<\/p>\n","protected":false},"author":1,"featured_media":3369,"comment_status":"open","ping_status":"closed","sticky":false,"template":"","format":"standard","meta":{"footnotes":""},"categories":[2],"tags":[],"class_list":["post-3351","post","type-post","status-publish","format-standard","has-post-thumbnail","hentry","category-notas"],"_links":{"self":[{"href":"https:\/\/pjcanindeyu.gov.py\/index.php?rest_route=\/wp\/v2\/posts\/3351","targetHints":{"allow":["GET"]}}],"collection":[{"href":"https:\/\/pjcanindeyu.gov.py\/index.php?rest_route=\/wp\/v2\/posts"}],"about":[{"href":"https:\/\/pjcanindeyu.gov.py\/index.php?rest_route=\/wp\/v2\/types\/post"}],"author":[{"embeddable":true,"href":"https:\/\/pjcanindeyu.gov.py\/index.php?rest_route=\/wp\/v2\/users\/1"}],"replies":[{"embeddable":true,"href":"https:\/\/pjcanindeyu.gov.py\/index.php?rest_route=%2Fwp%2Fv2%2Fcomments&post=3351"}],"version-history":[{"count":1,"href":"https:\/\/pjcanindeyu.gov.py\/index.php?rest_route=\/wp\/v2\/posts\/3351\/revisions"}],"predecessor-version":[{"id":3372,"href":"https:\/\/pjcanindeyu.gov.py\/index.php?rest_route=\/wp\/v2\/posts\/3351\/revisions\/3372"}],"wp:featuredmedia":[{"embeddable":true,"href":"https:\/\/pjcanindeyu.gov.py\/index.php?rest_route=\/wp\/v2\/media\/3369"}],"wp:attachment":[{"href":"https:\/\/pjcanindeyu.gov.py\/index.php?rest_route=%2Fwp%2Fv2%2Fmedia&parent=3351"}],"wp:term":[{"taxonomy":"category","embeddable":true,"href":"https:\/\/pjcanindeyu.gov.py\/index.php?rest_route=%2Fwp%2Fv2%2Fcategories&post=3351"},{"taxonomy":"post_tag","embeddable":true,"href":"https:\/\/pjcanindeyu.gov.py\/index.php?rest_route=%2Fwp%2Fv2%2Ftags&post=3351"}],"curies":[{"name":"wp","href":"https:\/\/api.w.org\/{rel}","templated":true}]}}