
{"id":3389,"date":"2024-04-30T12:02:11","date_gmt":"2024-04-30T16:02:11","guid":{"rendered":"https:\/\/pjcanindeyu.gov.py\/?p=3389"},"modified":"2024-04-30T12:02:11","modified_gmt":"2024-04-30T16:02:11","slug":"fortalecimiento-de-la-oficina-forense-de-la-circunscripcion-psiquiatria-forense","status":"publish","type":"post","link":"https:\/\/pjcanindeyu.gov.py\/?p=3389","title":{"rendered":"Fortalecimiento de la Oficina Forense de la Circunscripci\u00f3n &#8211; Psiquiatr\u00eda Forense"},"content":{"rendered":"\n<p>Por Decreto N\u00b0 2941 fecha 24 de abril del cte., la Corte Suprema de Justicia ha aprobado, el nombramiento del Dr. Julio Cesar Ferreira Almada, en el marco del Concurso P\u00fablico de M\u00e9ritos y Oposici\u00f3n, en el car\u00e1cter de Psiquiatra Forense de la Circunscripci\u00f3n Judicial de Canindey\u00fa.<\/p>\n\n\n\n<p>En la jornada, asumi\u00f3 el profesional de referencia las funciones en la Unidad T\u00e9cnica Forense, y su incorporaci\u00f3n constituye un logro institucional de suma importancia, a los efectos de fortalecer e integralizar los servicios que presta esa Unidad de Apoyo a los Juzgados y Tribunales de la Circunscripci\u00f3n.<\/p>\n\n\n\n<figure class=\"wp-block-gallery has-nested-images columns-default is-cropped galeria wp-block-gallery-1 is-layout-flex wp-block-gallery-is-layout-flex\">\n<figure class=\"wp-block-image size-large\"><a href=\"https:\/\/pjcanindeyu.gov.py\/wp-content\/uploads\/2024\/04\/Nombremientos.png\"><img loading=\"lazy\" decoding=\"async\" width=\"768\" height=\"1024\" data-id=\"3390\" src=\"https:\/\/pjcanindeyu.gov.py\/wp-content\/uploads\/2024\/04\/Nombremientos.png\" alt=\"\" class=\"wp-image-3390\" srcset=\"https:\/\/pjcanindeyu.gov.py\/wp-content\/uploads\/2024\/04\/Nombremientos.png 768w, https:\/\/pjcanindeyu.gov.py\/wp-content\/uploads\/2024\/04\/Nombremientos-225x300.png 225w\" sizes=\"auto, (max-width: 768px) 100vw, 768px\" \/><\/a><\/figure>\n<\/figure>\n","protected":false},"excerpt":{"rendered":"<p>Por Decreto N\u00b0 2941 fecha 24 de abril del cte., la Corte Suprema de Justicia ha aprobado, el nombramiento del Dr. Julio Cesar Ferreira Almada, en el marco del Concurso P\u00fablico de M\u00e9ritos y Oposici\u00f3n, en el car\u00e1cter de Psiquiatra Forense de la Circunscripci\u00f3n Judicial de Canindey\u00fa. En la jornada, [&hellip;]<\/p>\n","protected":false},"author":1,"featured_media":3391,"comment_status":"open","ping_status":"closed","sticky":false,"template":"","format":"standard","meta":{"footnotes":""},"categories":[2],"tags":[],"class_list":["post-3389","post","type-post","status-publish","format-standard","has-post-thumbnail","hentry","category-notas"],"_links":{"self":[{"href":"https:\/\/pjcanindeyu.gov.py\/index.php?rest_route=\/wp\/v2\/posts\/3389","targetHints":{"allow":["GET"]}}],"collection":[{"href":"https:\/\/pjcanindeyu.gov.py\/index.php?rest_route=\/wp\/v2\/posts"}],"about":[{"href":"https:\/\/pjcanindeyu.gov.py\/index.php?rest_route=\/wp\/v2\/types\/post"}],"author":[{"embeddable":true,"href":"https:\/\/pjcanindeyu.gov.py\/index.php?rest_route=\/wp\/v2\/users\/1"}],"replies":[{"embeddable":true,"href":"https:\/\/pjcanindeyu.gov.py\/index.php?rest_route=%2Fwp%2Fv2%2Fcomments&post=3389"}],"version-history":[{"count":1,"href":"https:\/\/pjcanindeyu.gov.py\/index.php?rest_route=\/wp\/v2\/posts\/3389\/revisions"}],"predecessor-version":[{"id":3392,"href":"https:\/\/pjcanindeyu.gov.py\/index.php?rest_route=\/wp\/v2\/posts\/3389\/revisions\/3392"}],"wp:featuredmedia":[{"embeddable":true,"href":"https:\/\/pjcanindeyu.gov.py\/index.php?rest_route=\/wp\/v2\/media\/3391"}],"wp:attachment":[{"href":"https:\/\/pjcanindeyu.gov.py\/index.php?rest_route=%2Fwp%2Fv2%2Fmedia&parent=3389"}],"wp:term":[{"taxonomy":"category","embeddable":true,"href":"https:\/\/pjcanindeyu.gov.py\/index.php?rest_route=%2Fwp%2Fv2%2Fcategories&post=3389"},{"taxonomy":"post_tag","embeddable":true,"href":"https:\/\/pjcanindeyu.gov.py\/index.php?rest_route=%2Fwp%2Fv2%2Ftags&post=3389"}],"curies":[{"name":"wp","href":"https:\/\/api.w.org\/{rel}","templated":true}]}}