
{"id":3417,"date":"2024-05-06T15:53:35","date_gmt":"2024-05-06T19:53:35","guid":{"rendered":"https:\/\/pjcanindeyu.gov.py\/?p=3417"},"modified":"2024-05-06T15:53:35","modified_gmt":"2024-05-06T19:53:35","slug":"jornadas-educativas-programa-el-juez-que-yo-quiero-en-canindeyu","status":"publish","type":"post","link":"https:\/\/pjcanindeyu.gov.py\/?p=3417","title":{"rendered":"Jornadas educativas &#8211; programa, El juez que yo quiero, en Canindey\u00fa"},"content":{"rendered":"\n<p>La Secretar\u00eda de Educaci\u00f3n en Justicia de la Corte Suprema de Justicia, con respaldo y coordinaci\u00f3n de la Circunscripci\u00f3n Judicial de Canindey\u00fa, inici\u00f3 la serie de jornadas de educaci\u00f3n previstas para esta semana en distintas instituciones y ciudades del Departamento, en este caso desarrollada en el Instituto de Formaci\u00f3n Docente (IFD) y en la Escuela B\u00e1sica N\u00b0 3017 \u00ab34 Curuguate\u00f1os\u00bb de Curuguaty, con la intervenci\u00f3n de varios Magistrados de Primera Instancia y Jueces de Paz, como el Juez Penal de Garant\u00edas, Alberto Florent\u00edn, quien expuso sobre la importancia de las garant\u00edas en el \u00e1mbito jur\u00eddico y la protecci\u00f3n de los derechos de las personas privadas de libertad. La Jueza de la Ni\u00f1ez y Adolescencia, Abg. Mabel Morel, a su turno marco \u00e9nfasis sobre la responsabilidad de los padres y docentes en el cuidado integral de los ni\u00f1os y adolescentes.<\/p>\n\n\n\n<figure class=\"wp-block-gallery has-nested-images columns-4 is-cropped galeria wp-block-gallery-1 is-layout-flex wp-block-gallery-is-layout-flex\">\n<figure class=\"wp-block-image size-large\"><a href=\"https:\/\/pjcanindeyu.gov.py\/wp-content\/uploads\/2024\/05\/Educando-3.jpeg\"><img loading=\"lazy\" decoding=\"async\" width=\"1024\" height=\"577\" data-id=\"3421\" src=\"https:\/\/pjcanindeyu.gov.py\/wp-content\/uploads\/2024\/05\/Educando-3-1024x577.jpeg\" alt=\"\" class=\"wp-image-3421\" srcset=\"https:\/\/pjcanindeyu.gov.py\/wp-content\/uploads\/2024\/05\/Educando-3-1024x577.jpeg 1024w, https:\/\/pjcanindeyu.gov.py\/wp-content\/uploads\/2024\/05\/Educando-3-300x169.jpeg 300w, https:\/\/pjcanindeyu.gov.py\/wp-content\/uploads\/2024\/05\/Educando-3-768x432.jpeg 768w, https:\/\/pjcanindeyu.gov.py\/wp-content\/uploads\/2024\/05\/Educando-3-1536x865.jpeg 1536w, https:\/\/pjcanindeyu.gov.py\/wp-content\/uploads\/2024\/05\/Educando-3-1280x720.jpeg 1280w, https:\/\/pjcanindeyu.gov.py\/wp-content\/uploads\/2024\/05\/Educando-3.jpeg 1600w\" sizes=\"auto, (max-width: 1024px) 100vw, 1024px\" \/><\/a><\/figure>\n\n\n\n<figure class=\"wp-block-image size-large\"><a href=\"https:\/\/pjcanindeyu.gov.py\/wp-content\/uploads\/2024\/05\/Educando-6.jpeg\"><img loading=\"lazy\" decoding=\"async\" width=\"1024\" height=\"577\" data-id=\"3419\" src=\"https:\/\/pjcanindeyu.gov.py\/wp-content\/uploads\/2024\/05\/Educando-6-1024x577.jpeg\" alt=\"\" class=\"wp-image-3419\" srcset=\"https:\/\/pjcanindeyu.gov.py\/wp-content\/uploads\/2024\/05\/Educando-6-1024x577.jpeg 1024w, https:\/\/pjcanindeyu.gov.py\/wp-content\/uploads\/2024\/05\/Educando-6-300x169.jpeg 300w, https:\/\/pjcanindeyu.gov.py\/wp-content\/uploads\/2024\/05\/Educando-6-768x432.jpeg 768w, https:\/\/pjcanindeyu.gov.py\/wp-content\/uploads\/2024\/05\/Educando-6.jpeg 1156w\" sizes=\"auto, (max-width: 1024px) 100vw, 1024px\" \/><\/a><\/figure>\n\n\n\n<figure class=\"wp-block-image size-large\"><a href=\"https:\/\/pjcanindeyu.gov.py\/wp-content\/uploads\/2024\/05\/Educando-12.jpeg\"><img loading=\"lazy\" decoding=\"async\" width=\"1024\" height=\"577\" data-id=\"3418\" src=\"https:\/\/pjcanindeyu.gov.py\/wp-content\/uploads\/2024\/05\/Educando-12-1024x577.jpeg\" alt=\"\" class=\"wp-image-3418\" srcset=\"https:\/\/pjcanindeyu.gov.py\/wp-content\/uploads\/2024\/05\/Educando-12-1024x577.jpeg 1024w, https:\/\/pjcanindeyu.gov.py\/wp-content\/uploads\/2024\/05\/Educando-12-300x169.jpeg 300w, https:\/\/pjcanindeyu.gov.py\/wp-content\/uploads\/2024\/05\/Educando-12-768x432.jpeg 768w, https:\/\/pjcanindeyu.gov.py\/wp-content\/uploads\/2024\/05\/Educando-12.jpeg 1156w\" sizes=\"auto, (max-width: 1024px) 100vw, 1024px\" \/><\/a><\/figure>\n\n\n\n<figure class=\"wp-block-image size-large\"><a href=\"https:\/\/pjcanindeyu.gov.py\/wp-content\/uploads\/2024\/05\/Educando-14.jpeg\"><img loading=\"lazy\" decoding=\"async\" width=\"1024\" height=\"577\" data-id=\"3422\" src=\"https:\/\/pjcanindeyu.gov.py\/wp-content\/uploads\/2024\/05\/Educando-14-1024x577.jpeg\" alt=\"\" class=\"wp-image-3422\" srcset=\"https:\/\/pjcanindeyu.gov.py\/wp-content\/uploads\/2024\/05\/Educando-14-1024x577.jpeg 1024w, https:\/\/pjcanindeyu.gov.py\/wp-content\/uploads\/2024\/05\/Educando-14-300x169.jpeg 300w, https:\/\/pjcanindeyu.gov.py\/wp-content\/uploads\/2024\/05\/Educando-14-768x432.jpeg 768w, https:\/\/pjcanindeyu.gov.py\/wp-content\/uploads\/2024\/05\/Educando-14.jpeg 1156w\" sizes=\"auto, (max-width: 1024px) 100vw, 1024px\" \/><\/a><\/figure>\n\n\n\n<figure class=\"wp-block-image size-large\"><a href=\"https:\/\/pjcanindeyu.gov.py\/wp-content\/uploads\/2024\/05\/Educando-4.jpeg\"><img loading=\"lazy\" decoding=\"async\" width=\"1024\" height=\"577\" data-id=\"3420\" src=\"https:\/\/pjcanindeyu.gov.py\/wp-content\/uploads\/2024\/05\/Educando-4-1024x577.jpeg\" alt=\"\" class=\"wp-image-3420\" srcset=\"https:\/\/pjcanindeyu.gov.py\/wp-content\/uploads\/2024\/05\/Educando-4-1024x577.jpeg 1024w, https:\/\/pjcanindeyu.gov.py\/wp-content\/uploads\/2024\/05\/Educando-4-300x169.jpeg 300w, https:\/\/pjcanindeyu.gov.py\/wp-content\/uploads\/2024\/05\/Educando-4-768x432.jpeg 768w, https:\/\/pjcanindeyu.gov.py\/wp-content\/uploads\/2024\/05\/Educando-4.jpeg 1156w\" sizes=\"auto, (max-width: 1024px) 100vw, 1024px\" \/><\/a><\/figure>\n<\/figure>\n","protected":false},"excerpt":{"rendered":"<p>La Secretar\u00eda de Educaci\u00f3n en Justicia de la Corte Suprema de Justicia, con respaldo y coordinaci\u00f3n de la Circunscripci\u00f3n Judicial de Canindey\u00fa, inici\u00f3 la serie de jornadas de educaci\u00f3n previstas para esta semana en distintas instituciones y ciudades del Departamento, en este caso desarrollada en el Instituto de Formaci\u00f3n Docente [&hellip;]<\/p>\n","protected":false},"author":1,"featured_media":3420,"comment_status":"open","ping_status":"closed","sticky":false,"template":"","format":"standard","meta":{"footnotes":""},"categories":[2],"tags":[],"class_list":["post-3417","post","type-post","status-publish","format-standard","has-post-thumbnail","hentry","category-notas"],"_links":{"self":[{"href":"https:\/\/pjcanindeyu.gov.py\/index.php?rest_route=\/wp\/v2\/posts\/3417","targetHints":{"allow":["GET"]}}],"collection":[{"href":"https:\/\/pjcanindeyu.gov.py\/index.php?rest_route=\/wp\/v2\/posts"}],"about":[{"href":"https:\/\/pjcanindeyu.gov.py\/index.php?rest_route=\/wp\/v2\/types\/post"}],"author":[{"embeddable":true,"href":"https:\/\/pjcanindeyu.gov.py\/index.php?rest_route=\/wp\/v2\/users\/1"}],"replies":[{"embeddable":true,"href":"https:\/\/pjcanindeyu.gov.py\/index.php?rest_route=%2Fwp%2Fv2%2Fcomments&post=3417"}],"version-history":[{"count":1,"href":"https:\/\/pjcanindeyu.gov.py\/index.php?rest_route=\/wp\/v2\/posts\/3417\/revisions"}],"predecessor-version":[{"id":3423,"href":"https:\/\/pjcanindeyu.gov.py\/index.php?rest_route=\/wp\/v2\/posts\/3417\/revisions\/3423"}],"wp:featuredmedia":[{"embeddable":true,"href":"https:\/\/pjcanindeyu.gov.py\/index.php?rest_route=\/wp\/v2\/media\/3420"}],"wp:attachment":[{"href":"https:\/\/pjcanindeyu.gov.py\/index.php?rest_route=%2Fwp%2Fv2%2Fmedia&parent=3417"}],"wp:term":[{"taxonomy":"category","embeddable":true,"href":"https:\/\/pjcanindeyu.gov.py\/index.php?rest_route=%2Fwp%2Fv2%2Fcategories&post=3417"},{"taxonomy":"post_tag","embeddable":true,"href":"https:\/\/pjcanindeyu.gov.py\/index.php?rest_route=%2Fwp%2Fv2%2Ftags&post=3417"}],"curies":[{"name":"wp","href":"https:\/\/api.w.org\/{rel}","templated":true}]}}