
{"id":3596,"date":"2024-05-29T19:07:00","date_gmt":"2024-05-29T23:07:00","guid":{"rendered":"https:\/\/pjcanindeyu.gov.py\/?p=3596"},"modified":"2024-05-30T07:10:30","modified_gmt":"2024-05-30T11:10:30","slug":"consejo-de-administracion-fortalece-gestion-administrativa","status":"publish","type":"post","link":"https:\/\/pjcanindeyu.gov.py\/?p=3596","title":{"rendered":"Consejo de Administraci\u00f3n fortalece gesti\u00f3n administrativa"},"content":{"rendered":"\n<p>El Consejo de Administraci\u00f3n de la Circunscripci\u00f3n Judicial de Canindey\u00fa, en la fecha, siendo las 7:30, se reuni\u00f3 con los distintos jefes de las secciones administrativas de la Instituci\u00f3n.<\/p>\n\n\n\n<p>La jornada de trabajo fue encabezada por el presidente del Consejo de Administraci\u00f3n, Abg. Gustavo H. Br\u00edtez, y el Vicepresidente, Abg. Carlos Dom\u00ednguez. Adem\u00e1s, <a><\/a>contando con la participaci\u00f3n del Lic. Valdovino Maidana, (Administrador de la Circunscripci\u00f3n), Arq. Mari\u00e1ngel Lombardo, (Obras Civiles), Lic. Estefan\u00eda Balbuena, (Patrimonio y Suministro), Abg. Alfredo Domecq, (Seguridad y Monitoreo), Abg. Epifania Gonz\u00e1lez, (Recursos Humanos), Lic. C\u00e9sar Godoy, (Inform\u00e1tica), Lic. Juan Ram\u00f3n Esquivel, (Servicios Generales), Subcomisario Jorge Ant\u00fanez, (Seguridad P\u00fablica Institucional), y Ramon Davalos, (Comunicaciones).<\/p>\n\n\n\n<p>Durante la reuni\u00f3n, se abordaron temas importantes para el fortalecimiento de la gesti\u00f3n administrativa y la optimizaci\u00f3n de la utilizaci\u00f3n de los recursos p\u00fablicos, con la revisi\u00f3n de procedimientos actuales y la identificaci\u00f3n de \u00e1reas de mejora, en el marco de la ejecuci\u00f3n del Plan Estrat\u00e9gico Institucional.<\/p>\n\n\n\n<figure class=\"wp-block-gallery has-nested-images columns-default is-cropped galeria wp-block-gallery-1 is-layout-flex wp-block-gallery-is-layout-flex\">\n<figure class=\"wp-block-image size-large\"><a href=\"https:\/\/pjcanindeyu.gov.py\/wp-content\/uploads\/2024\/05\/Reunion-Administrativa.jpg\"><img loading=\"lazy\" decoding=\"async\" width=\"1024\" height=\"461\" data-id=\"3597\" src=\"https:\/\/pjcanindeyu.gov.py\/wp-content\/uploads\/2024\/05\/Reunion-Administrativa-1024x461.jpg\" alt=\"\" class=\"wp-image-3597\" srcset=\"https:\/\/pjcanindeyu.gov.py\/wp-content\/uploads\/2024\/05\/Reunion-Administrativa-1024x461.jpg 1024w, https:\/\/pjcanindeyu.gov.py\/wp-content\/uploads\/2024\/05\/Reunion-Administrativa-300x135.jpg 300w, https:\/\/pjcanindeyu.gov.py\/wp-content\/uploads\/2024\/05\/Reunion-Administrativa-768x346.jpg 768w, https:\/\/pjcanindeyu.gov.py\/wp-content\/uploads\/2024\/05\/Reunion-Administrativa-1536x691.jpg 1536w, https:\/\/pjcanindeyu.gov.py\/wp-content\/uploads\/2024\/05\/Reunion-Administrativa.jpg 1600w\" sizes=\"auto, (max-width: 1024px) 100vw, 1024px\" \/><\/a><\/figure>\n<\/figure>\n","protected":false},"excerpt":{"rendered":"<p>El Consejo de Administraci\u00f3n de la Circunscripci\u00f3n Judicial de Canindey\u00fa, en la fecha, siendo las 7:30, se reuni\u00f3 con los distintos jefes de las secciones administrativas de la Instituci\u00f3n. La jornada de trabajo fue encabezada por el presidente del Consejo de Administraci\u00f3n, Abg. Gustavo H. Br\u00edtez, y el Vicepresidente, Abg. [&hellip;]<\/p>\n","protected":false},"author":1,"featured_media":3597,"comment_status":"open","ping_status":"closed","sticky":false,"template":"","format":"standard","meta":{"footnotes":""},"categories":[2],"tags":[],"class_list":["post-3596","post","type-post","status-publish","format-standard","has-post-thumbnail","hentry","category-notas"],"_links":{"self":[{"href":"https:\/\/pjcanindeyu.gov.py\/index.php?rest_route=\/wp\/v2\/posts\/3596","targetHints":{"allow":["GET"]}}],"collection":[{"href":"https:\/\/pjcanindeyu.gov.py\/index.php?rest_route=\/wp\/v2\/posts"}],"about":[{"href":"https:\/\/pjcanindeyu.gov.py\/index.php?rest_route=\/wp\/v2\/types\/post"}],"author":[{"embeddable":true,"href":"https:\/\/pjcanindeyu.gov.py\/index.php?rest_route=\/wp\/v2\/users\/1"}],"replies":[{"embeddable":true,"href":"https:\/\/pjcanindeyu.gov.py\/index.php?rest_route=%2Fwp%2Fv2%2Fcomments&post=3596"}],"version-history":[{"count":1,"href":"https:\/\/pjcanindeyu.gov.py\/index.php?rest_route=\/wp\/v2\/posts\/3596\/revisions"}],"predecessor-version":[{"id":3598,"href":"https:\/\/pjcanindeyu.gov.py\/index.php?rest_route=\/wp\/v2\/posts\/3596\/revisions\/3598"}],"wp:featuredmedia":[{"embeddable":true,"href":"https:\/\/pjcanindeyu.gov.py\/index.php?rest_route=\/wp\/v2\/media\/3597"}],"wp:attachment":[{"href":"https:\/\/pjcanindeyu.gov.py\/index.php?rest_route=%2Fwp%2Fv2%2Fmedia&parent=3596"}],"wp:term":[{"taxonomy":"category","embeddable":true,"href":"https:\/\/pjcanindeyu.gov.py\/index.php?rest_route=%2Fwp%2Fv2%2Fcategories&post=3596"},{"taxonomy":"post_tag","embeddable":true,"href":"https:\/\/pjcanindeyu.gov.py\/index.php?rest_route=%2Fwp%2Fv2%2Ftags&post=3596"}],"curies":[{"name":"wp","href":"https:\/\/api.w.org\/{rel}","templated":true}]}}