
{"id":3780,"date":"2024-07-05T12:15:44","date_gmt":"2024-07-05T16:15:44","guid":{"rendered":"https:\/\/pjcanindeyu.gov.py\/?p=3780"},"modified":"2024-07-05T12:15:44","modified_gmt":"2024-07-05T16:15:44","slug":"capacitacion-y-verificacion-en-la-oficina-garantias-constitucionales-remates-y-peritos-judiciales","status":"publish","type":"post","link":"https:\/\/pjcanindeyu.gov.py\/?p=3780","title":{"rendered":"Capacitaci\u00f3n y verificaci\u00f3n en la Oficina Garant\u00edas Constitucionales, Remates y Peritos Judiciales"},"content":{"rendered":"\n<p>En el marco de la implementaci\u00f3n del Plan Piloto de Registro, Carga y Transferencia Electr\u00f3nica en el Sistema de Gesti\u00f3n Jurisdiccional de las presentaciones de garant\u00edas constitucionales asignados por el sistema de distribuci\u00f3n de Expedientes de Garant\u00edas Constitucionales a los Juzgados de Primera Instancia en la Circunscripci\u00f3n Judicial de Canindey\u00fa, en la fecha, se realiz\u00f3 la capacitaci\u00f3n institucional dirigidas a las Unidad T\u00e9cnica de la Direcci\u00f3n General de Garant\u00edas Constitucionales, Remates y Peritos Judiciales del Palacio de Justicia de Saltos del Guair\u00e1. El momento fue aprovechado para la supervisi\u00f3n de la dependencia.<\/p>\n\n\n\n<p>La actividad estuvo a cargo del Abg. Pedro Ar\u00e9valos, Coordinador de la Direcci\u00f3n General de Garant\u00edas Constitucionales, Remates y Peritos Judiciales y t\u00e9cnico inform\u00e1tico, Diego Gayoso. La implementaci\u00f3n del sistema est\u00e1 prevista a partir del 1 de agosto del corriente. Y visa a optimizar los procedimientos administrativos en el \u00e1mbito jurisdiccional y con el objetivo de promover la mejora continua para asegurar mayor celeridad y eficiencia en los procesos.<\/p>\n\n\n\n<figure class=\"wp-block-gallery has-nested-images columns-default is-cropped galeria wp-block-gallery-1 is-layout-flex wp-block-gallery-is-layout-flex\">\n<figure class=\"wp-block-image size-large\"><a href=\"https:\/\/pjcanindeyu.gov.py\/wp-content\/uploads\/2024\/07\/Capacitacion-Garantias-Cons-2.jpeg\"><img loading=\"lazy\" decoding=\"async\" width=\"793\" height=\"1024\" data-id=\"3782\" src=\"https:\/\/pjcanindeyu.gov.py\/wp-content\/uploads\/2024\/07\/Capacitacion-Garantias-Cons-2-793x1024.jpeg\" alt=\"\" class=\"wp-image-3782\" srcset=\"https:\/\/pjcanindeyu.gov.py\/wp-content\/uploads\/2024\/07\/Capacitacion-Garantias-Cons-2-793x1024.jpeg 793w, https:\/\/pjcanindeyu.gov.py\/wp-content\/uploads\/2024\/07\/Capacitacion-Garantias-Cons-2-232x300.jpeg 232w, https:\/\/pjcanindeyu.gov.py\/wp-content\/uploads\/2024\/07\/Capacitacion-Garantias-Cons-2-768x992.jpeg 768w, https:\/\/pjcanindeyu.gov.py\/wp-content\/uploads\/2024\/07\/Capacitacion-Garantias-Cons-2-1189x1536.jpeg 1189w, https:\/\/pjcanindeyu.gov.py\/wp-content\/uploads\/2024\/07\/Capacitacion-Garantias-Cons-2.jpeg 1239w\" sizes=\"auto, (max-width: 793px) 100vw, 793px\" \/><\/a><\/figure>\n\n\n\n<figure class=\"wp-block-image size-large\"><a href=\"https:\/\/pjcanindeyu.gov.py\/wp-content\/uploads\/2024\/07\/Capacitacion-Garantias-Cons-1.jpeg\"><img loading=\"lazy\" decoding=\"async\" width=\"1024\" height=\"714\" data-id=\"3781\" src=\"https:\/\/pjcanindeyu.gov.py\/wp-content\/uploads\/2024\/07\/Capacitacion-Garantias-Cons-1-1024x714.jpeg\" alt=\"\" class=\"wp-image-3781\" srcset=\"https:\/\/pjcanindeyu.gov.py\/wp-content\/uploads\/2024\/07\/Capacitacion-Garantias-Cons-1-1024x714.jpeg 1024w, https:\/\/pjcanindeyu.gov.py\/wp-content\/uploads\/2024\/07\/Capacitacion-Garantias-Cons-1-300x209.jpeg 300w, https:\/\/pjcanindeyu.gov.py\/wp-content\/uploads\/2024\/07\/Capacitacion-Garantias-Cons-1-768x535.jpeg 768w, https:\/\/pjcanindeyu.gov.py\/wp-content\/uploads\/2024\/07\/Capacitacion-Garantias-Cons-1-1536x1070.jpeg 1536w, https:\/\/pjcanindeyu.gov.py\/wp-content\/uploads\/2024\/07\/Capacitacion-Garantias-Cons-1.jpeg 1600w\" sizes=\"auto, (max-width: 1024px) 100vw, 1024px\" \/><\/a><\/figure>\n\n\n\n<figure class=\"wp-block-image size-large\"><a href=\"https:\/\/pjcanindeyu.gov.py\/wp-content\/uploads\/2024\/07\/Capacitacion-Garantias-Cons-3.jpeg\"><img loading=\"lazy\" decoding=\"async\" width=\"1024\" height=\"701\" data-id=\"3784\" src=\"https:\/\/pjcanindeyu.gov.py\/wp-content\/uploads\/2024\/07\/Capacitacion-Garantias-Cons-3-1024x701.jpeg\" alt=\"\" class=\"wp-image-3784\" srcset=\"https:\/\/pjcanindeyu.gov.py\/wp-content\/uploads\/2024\/07\/Capacitacion-Garantias-Cons-3-1024x701.jpeg 1024w, https:\/\/pjcanindeyu.gov.py\/wp-content\/uploads\/2024\/07\/Capacitacion-Garantias-Cons-3-300x205.jpeg 300w, https:\/\/pjcanindeyu.gov.py\/wp-content\/uploads\/2024\/07\/Capacitacion-Garantias-Cons-3-768x526.jpeg 768w, https:\/\/pjcanindeyu.gov.py\/wp-content\/uploads\/2024\/07\/Capacitacion-Garantias-Cons-3.jpeg 1327w\" sizes=\"auto, (max-width: 1024px) 100vw, 1024px\" \/><\/a><\/figure>\n\n\n\n<figure class=\"wp-block-image size-large\"><a href=\"https:\/\/pjcanindeyu.gov.py\/wp-content\/uploads\/2024\/07\/Capacitacion-Garantias-Cons.jpeg\"><img loading=\"lazy\" decoding=\"async\" width=\"1024\" height=\"575\" data-id=\"3783\" src=\"https:\/\/pjcanindeyu.gov.py\/wp-content\/uploads\/2024\/07\/Capacitacion-Garantias-Cons-1024x575.jpeg\" alt=\"\" class=\"wp-image-3783\" srcset=\"https:\/\/pjcanindeyu.gov.py\/wp-content\/uploads\/2024\/07\/Capacitacion-Garantias-Cons-1024x575.jpeg 1024w, https:\/\/pjcanindeyu.gov.py\/wp-content\/uploads\/2024\/07\/Capacitacion-Garantias-Cons-300x169.jpeg 300w, https:\/\/pjcanindeyu.gov.py\/wp-content\/uploads\/2024\/07\/Capacitacion-Garantias-Cons-768x432.jpeg 768w, https:\/\/pjcanindeyu.gov.py\/wp-content\/uploads\/2024\/07\/Capacitacion-Garantias-Cons-1536x863.jpeg 1536w, https:\/\/pjcanindeyu.gov.py\/wp-content\/uploads\/2024\/07\/Capacitacion-Garantias-Cons-1280x720.jpeg 1280w, https:\/\/pjcanindeyu.gov.py\/wp-content\/uploads\/2024\/07\/Capacitacion-Garantias-Cons.jpeg 1600w\" sizes=\"auto, (max-width: 1024px) 100vw, 1024px\" \/><\/a><\/figure>\n<\/figure>\n","protected":false},"excerpt":{"rendered":"<p>En el marco de la implementaci\u00f3n del Plan Piloto de Registro, Carga y Transferencia Electr\u00f3nica en el Sistema de Gesti\u00f3n Jurisdiccional de las presentaciones de garant\u00edas constitucionales asignados por el sistema de distribuci\u00f3n de Expedientes de Garant\u00edas Constitucionales a los Juzgados de Primera Instancia en la Circunscripci\u00f3n Judicial de Canindey\u00fa, [&hellip;]<\/p>\n","protected":false},"author":1,"featured_media":3781,"comment_status":"open","ping_status":"closed","sticky":false,"template":"","format":"standard","meta":{"footnotes":""},"categories":[2],"tags":[],"class_list":["post-3780","post","type-post","status-publish","format-standard","has-post-thumbnail","hentry","category-notas"],"_links":{"self":[{"href":"https:\/\/pjcanindeyu.gov.py\/index.php?rest_route=\/wp\/v2\/posts\/3780","targetHints":{"allow":["GET"]}}],"collection":[{"href":"https:\/\/pjcanindeyu.gov.py\/index.php?rest_route=\/wp\/v2\/posts"}],"about":[{"href":"https:\/\/pjcanindeyu.gov.py\/index.php?rest_route=\/wp\/v2\/types\/post"}],"author":[{"embeddable":true,"href":"https:\/\/pjcanindeyu.gov.py\/index.php?rest_route=\/wp\/v2\/users\/1"}],"replies":[{"embeddable":true,"href":"https:\/\/pjcanindeyu.gov.py\/index.php?rest_route=%2Fwp%2Fv2%2Fcomments&post=3780"}],"version-history":[{"count":1,"href":"https:\/\/pjcanindeyu.gov.py\/index.php?rest_route=\/wp\/v2\/posts\/3780\/revisions"}],"predecessor-version":[{"id":3785,"href":"https:\/\/pjcanindeyu.gov.py\/index.php?rest_route=\/wp\/v2\/posts\/3780\/revisions\/3785"}],"wp:featuredmedia":[{"embeddable":true,"href":"https:\/\/pjcanindeyu.gov.py\/index.php?rest_route=\/wp\/v2\/media\/3781"}],"wp:attachment":[{"href":"https:\/\/pjcanindeyu.gov.py\/index.php?rest_route=%2Fwp%2Fv2%2Fmedia&parent=3780"}],"wp:term":[{"taxonomy":"category","embeddable":true,"href":"https:\/\/pjcanindeyu.gov.py\/index.php?rest_route=%2Fwp%2Fv2%2Fcategories&post=3780"},{"taxonomy":"post_tag","embeddable":true,"href":"https:\/\/pjcanindeyu.gov.py\/index.php?rest_route=%2Fwp%2Fv2%2Ftags&post=3780"}],"curies":[{"name":"wp","href":"https:\/\/api.w.org\/{rel}","templated":true}]}}