
{"id":3787,"date":"2024-07-09T19:03:00","date_gmt":"2024-07-09T23:03:00","guid":{"rendered":"https:\/\/pjcanindeyu.gov.py\/?p=3787"},"modified":"2024-07-10T07:06:12","modified_gmt":"2024-07-10T11:06:12","slug":"asume-novel-presidente-del-tribunal-de-apelacion-penal-de-canindeyu","status":"publish","type":"post","link":"https:\/\/pjcanindeyu.gov.py\/?p=3787","title":{"rendered":"Asume novel presidente del Tribunal de Apelaci\u00f3n Penal de Canindey\u00fa"},"content":{"rendered":"\n<p>En la fecha, en cumplimiento de la Acordada N\u00b0 18 de fecha 13 de julio de 1989, dictada por la Excma. Corte Suprema de Justicia, que establece el ejercicio de la Presidencia en los Tribunales de Apelaciones, la Magistrada Miembro, Abg. Luz Mar\u00eda Teresita Torres Esquivel, asumi\u00f3 como Presidente del Tribunal de Apelaci\u00f3n Penal de Canindey\u00fa por el periodo comprendido entre el 1 de julio y el 31 de diciembre de 2024, siendo que como Vice Presidente asumi\u00f3 el Magistrado, Abg. Ramon Trinidad Zelaya.<\/p>\n\n\n\n<figure class=\"wp-block-gallery has-nested-images columns-default is-cropped galeria wp-block-gallery-1 is-layout-flex wp-block-gallery-is-layout-flex\">\n<figure class=\"wp-block-image size-large\"><a href=\"https:\/\/pjcanindeyu.gov.py\/wp-content\/uploads\/2024\/07\/ACUERDO-NRO.-01.2024_0001_001.jpg\"><img loading=\"lazy\" decoding=\"async\" width=\"611\" height=\"936\" data-id=\"3788\" src=\"https:\/\/pjcanindeyu.gov.py\/wp-content\/uploads\/2024\/07\/ACUERDO-NRO.-01.2024_0001_001.jpg\" alt=\"\" class=\"wp-image-3788\" srcset=\"https:\/\/pjcanindeyu.gov.py\/wp-content\/uploads\/2024\/07\/ACUERDO-NRO.-01.2024_0001_001.jpg 611w, https:\/\/pjcanindeyu.gov.py\/wp-content\/uploads\/2024\/07\/ACUERDO-NRO.-01.2024_0001_001-196x300.jpg 196w\" sizes=\"auto, (max-width: 611px) 100vw, 611px\" \/><\/a><\/figure>\n\n\n\n<figure class=\"wp-block-image size-large\"><img loading=\"lazy\" decoding=\"async\" width=\"1024\" height=\"743\" data-id=\"3789\" src=\"https:\/\/pjcanindeyu.gov.py\/wp-content\/uploads\/2024\/07\/PJS_66701-1024x743.jpg\" alt=\"\" class=\"wp-image-3789\" srcset=\"https:\/\/pjcanindeyu.gov.py\/wp-content\/uploads\/2024\/07\/PJS_66701-1024x743.jpg 1024w, https:\/\/pjcanindeyu.gov.py\/wp-content\/uploads\/2024\/07\/PJS_66701-300x218.jpg 300w, https:\/\/pjcanindeyu.gov.py\/wp-content\/uploads\/2024\/07\/PJS_66701-768x557.jpg 768w, https:\/\/pjcanindeyu.gov.py\/wp-content\/uploads\/2024\/07\/PJS_66701-1536x1114.jpg 1536w, https:\/\/pjcanindeyu.gov.py\/wp-content\/uploads\/2024\/07\/PJS_66701-2048x1485.jpg 2048w\" sizes=\"auto, (max-width: 1024px) 100vw, 1024px\" \/><\/figure>\n<\/figure>\n","protected":false},"excerpt":{"rendered":"<p>En la fecha, en cumplimiento de la Acordada N\u00b0 18 de fecha 13 de julio de 1989, dictada por la Excma. Corte Suprema de Justicia, que establece el ejercicio de la Presidencia en los Tribunales de Apelaciones, la Magistrada Miembro, Abg. Luz Mar\u00eda Teresita Torres Esquivel, asumi\u00f3 como Presidente del [&hellip;]<\/p>\n","protected":false},"author":1,"featured_media":3789,"comment_status":"open","ping_status":"closed","sticky":false,"template":"","format":"standard","meta":{"footnotes":""},"categories":[2],"tags":[],"class_list":["post-3787","post","type-post","status-publish","format-standard","has-post-thumbnail","hentry","category-notas"],"_links":{"self":[{"href":"https:\/\/pjcanindeyu.gov.py\/index.php?rest_route=\/wp\/v2\/posts\/3787","targetHints":{"allow":["GET"]}}],"collection":[{"href":"https:\/\/pjcanindeyu.gov.py\/index.php?rest_route=\/wp\/v2\/posts"}],"about":[{"href":"https:\/\/pjcanindeyu.gov.py\/index.php?rest_route=\/wp\/v2\/types\/post"}],"author":[{"embeddable":true,"href":"https:\/\/pjcanindeyu.gov.py\/index.php?rest_route=\/wp\/v2\/users\/1"}],"replies":[{"embeddable":true,"href":"https:\/\/pjcanindeyu.gov.py\/index.php?rest_route=%2Fwp%2Fv2%2Fcomments&post=3787"}],"version-history":[{"count":1,"href":"https:\/\/pjcanindeyu.gov.py\/index.php?rest_route=\/wp\/v2\/posts\/3787\/revisions"}],"predecessor-version":[{"id":3790,"href":"https:\/\/pjcanindeyu.gov.py\/index.php?rest_route=\/wp\/v2\/posts\/3787\/revisions\/3790"}],"wp:featuredmedia":[{"embeddable":true,"href":"https:\/\/pjcanindeyu.gov.py\/index.php?rest_route=\/wp\/v2\/media\/3789"}],"wp:attachment":[{"href":"https:\/\/pjcanindeyu.gov.py\/index.php?rest_route=%2Fwp%2Fv2%2Fmedia&parent=3787"}],"wp:term":[{"taxonomy":"category","embeddable":true,"href":"https:\/\/pjcanindeyu.gov.py\/index.php?rest_route=%2Fwp%2Fv2%2Fcategories&post=3787"},{"taxonomy":"post_tag","embeddable":true,"href":"https:\/\/pjcanindeyu.gov.py\/index.php?rest_route=%2Fwp%2Fv2%2Ftags&post=3787"}],"curies":[{"name":"wp","href":"https:\/\/api.w.org\/{rel}","templated":true}]}}