
{"id":3798,"date":"2024-07-19T08:45:16","date_gmt":"2024-07-19T12:45:16","guid":{"rendered":"https:\/\/pjcanindeyu.gov.py\/?p=3798"},"modified":"2024-07-19T08:45:16","modified_gmt":"2024-07-19T12:45:16","slug":"corte-suprema-de-justicia-declara-asueto-judicial-y-suspension-de-plazos-procesales-para-saltos-del-guaira-por-el-aniversario-de-la-capital-departamental","status":"publish","type":"post","link":"https:\/\/pjcanindeyu.gov.py\/?p=3798","title":{"rendered":"Corte Suprema de Justicia declara asueto judicial y suspensi\u00f3n de plazos procesales para Saltos del Guair\u00e1 por el aniversario de la capital departamental"},"content":{"rendered":"\n<p>En el marco de la conmemoraci\u00f3n del aniversario de la ciudad de Saltos del Guair\u00e1, Circunscripci\u00f3n Judicial de Canindey\u00fa, la m\u00e1xima instancia judicial, a solicitud de la Ministra Superintendente, Dra. Carolina Llanes Ocampos, declar\u00f3 asueto judicial y la suspensi\u00f3n de los plazos procesales correspondientes al d\u00eda 30 de julio del cte., para los Juzgados y Tribunales de Saltos del Guaira.<\/p>\n\n\n\n<p>La medida se adopta con la finalidad de que la comunidad institucional se pliegue a las actividades conmemorativas organizadas por el municipio por el aniversario de la ciudad.<\/p>\n\n\n\n<figure class=\"wp-block-gallery has-nested-images columns-default is-cropped galeria wp-block-gallery-1 is-layout-flex wp-block-gallery-is-layout-flex\">\n<figure class=\"wp-block-image size-large\"><a href=\"https:\/\/pjcanindeyu.gov.py\/wp-content\/uploads\/2024\/07\/Palacio-Julio-2024.png\"><img loading=\"lazy\" decoding=\"async\" width=\"540\" height=\"384\" data-id=\"3799\" src=\"https:\/\/pjcanindeyu.gov.py\/wp-content\/uploads\/2024\/07\/Palacio-Julio-2024.png\" alt=\"\" class=\"wp-image-3799\" srcset=\"https:\/\/pjcanindeyu.gov.py\/wp-content\/uploads\/2024\/07\/Palacio-Julio-2024.png 540w, https:\/\/pjcanindeyu.gov.py\/wp-content\/uploads\/2024\/07\/Palacio-Julio-2024-300x213.png 300w\" sizes=\"auto, (max-width: 540px) 100vw, 540px\" \/><\/a><\/figure>\n<\/figure>\n","protected":false},"excerpt":{"rendered":"<p>En el marco de la conmemoraci\u00f3n del aniversario de la ciudad de Saltos del Guair\u00e1, Circunscripci\u00f3n Judicial de Canindey\u00fa, la m\u00e1xima instancia judicial, a solicitud de la Ministra Superintendente, Dra. Carolina Llanes Ocampos, declar\u00f3 asueto judicial y la suspensi\u00f3n de los plazos procesales correspondientes al d\u00eda 30 de julio del [&hellip;]<\/p>\n","protected":false},"author":1,"featured_media":3799,"comment_status":"open","ping_status":"closed","sticky":false,"template":"","format":"standard","meta":{"footnotes":""},"categories":[2],"tags":[],"class_list":["post-3798","post","type-post","status-publish","format-standard","has-post-thumbnail","hentry","category-notas"],"_links":{"self":[{"href":"https:\/\/pjcanindeyu.gov.py\/index.php?rest_route=\/wp\/v2\/posts\/3798","targetHints":{"allow":["GET"]}}],"collection":[{"href":"https:\/\/pjcanindeyu.gov.py\/index.php?rest_route=\/wp\/v2\/posts"}],"about":[{"href":"https:\/\/pjcanindeyu.gov.py\/index.php?rest_route=\/wp\/v2\/types\/post"}],"author":[{"embeddable":true,"href":"https:\/\/pjcanindeyu.gov.py\/index.php?rest_route=\/wp\/v2\/users\/1"}],"replies":[{"embeddable":true,"href":"https:\/\/pjcanindeyu.gov.py\/index.php?rest_route=%2Fwp%2Fv2%2Fcomments&post=3798"}],"version-history":[{"count":1,"href":"https:\/\/pjcanindeyu.gov.py\/index.php?rest_route=\/wp\/v2\/posts\/3798\/revisions"}],"predecessor-version":[{"id":3800,"href":"https:\/\/pjcanindeyu.gov.py\/index.php?rest_route=\/wp\/v2\/posts\/3798\/revisions\/3800"}],"wp:featuredmedia":[{"embeddable":true,"href":"https:\/\/pjcanindeyu.gov.py\/index.php?rest_route=\/wp\/v2\/media\/3799"}],"wp:attachment":[{"href":"https:\/\/pjcanindeyu.gov.py\/index.php?rest_route=%2Fwp%2Fv2%2Fmedia&parent=3798"}],"wp:term":[{"taxonomy":"category","embeddable":true,"href":"https:\/\/pjcanindeyu.gov.py\/index.php?rest_route=%2Fwp%2Fv2%2Fcategories&post=3798"},{"taxonomy":"post_tag","embeddable":true,"href":"https:\/\/pjcanindeyu.gov.py\/index.php?rest_route=%2Fwp%2Fv2%2Ftags&post=3798"}],"curies":[{"name":"wp","href":"https:\/\/api.w.org\/{rel}","templated":true}]}}