
{"id":3801,"date":"2024-07-19T08:48:51","date_gmt":"2024-07-19T12:48:51","guid":{"rendered":"https:\/\/pjcanindeyu.gov.py\/?p=3801"},"modified":"2024-07-19T08:48:51","modified_gmt":"2024-07-19T12:48:51","slug":"reunion-de-trabajo-para-coordinar-fortalecimiento-del-servicio-de-justicia-de-la-circunscripcion","status":"publish","type":"post","link":"https:\/\/pjcanindeyu.gov.py\/?p=3801","title":{"rendered":"Reuni\u00f3n de trabajo para coordinar fortalecimiento del servicio de justicia de la Circunscripci\u00f3n."},"content":{"rendered":"\n<p>Los miembros del Consejo de Administraci\u00f3n de la Circunscripci\u00f3n Judicial de Canindey\u00fa, Abg. Gustavo H. Br\u00edtez (Presidente), Abg. Carlos Dom\u00ednguez y Edith Mart\u00ednez, (Miembros) se reunieron con los Magistrados y Actuarios Judiciales de la Circunscripci\u00f3n. La reuni\u00f3n de trabajo tuvo como objetivo analizar las debilidades y fortalezas en la prestaci\u00f3n del servicio de justicia, coordinar esfuerzos y adoptar protocolos y medidas comunes para mitigar la mora judicial y lograr mayor eficiencia en la prestaci\u00f3n del servicio a los usuarios.<\/p>\n\n\n\n<p>En la actividad, asimismo participaron los miembros del Tribunal de Apelaciones en lo Penal, Abg. Luz Torres, (Presidente), y Abg. Ramon Zelaya, as\u00ed como los magistrados de primera instancia y actuarios Judiciales de las distintas sedes judiciales, tanto de manera presencial como virtual.<\/p>\n\n\n\n<figure class=\"wp-block-gallery has-nested-images columns-4 is-cropped galeria wp-block-gallery-1 is-layout-flex wp-block-gallery-is-layout-flex\">\n<figure class=\"wp-block-image size-large\"><a href=\"https:\/\/pjcanindeyu.gov.py\/wp-content\/uploads\/2024\/07\/Reunion-1.jpeg\"><img loading=\"lazy\" decoding=\"async\" width=\"1024\" height=\"768\" data-id=\"3802\" src=\"https:\/\/pjcanindeyu.gov.py\/wp-content\/uploads\/2024\/07\/Reunion-1-1024x768.jpeg\" alt=\"\" class=\"wp-image-3802\" srcset=\"https:\/\/pjcanindeyu.gov.py\/wp-content\/uploads\/2024\/07\/Reunion-1-1024x768.jpeg 1024w, https:\/\/pjcanindeyu.gov.py\/wp-content\/uploads\/2024\/07\/Reunion-1-300x225.jpeg 300w, https:\/\/pjcanindeyu.gov.py\/wp-content\/uploads\/2024\/07\/Reunion-1-768x576.jpeg 768w, https:\/\/pjcanindeyu.gov.py\/wp-content\/uploads\/2024\/07\/Reunion-1-1536x1152.jpeg 1536w, https:\/\/pjcanindeyu.gov.py\/wp-content\/uploads\/2024\/07\/Reunion-1.jpeg 1600w\" sizes=\"auto, (max-width: 1024px) 100vw, 1024px\" \/><\/a><\/figure>\n\n\n\n<figure class=\"wp-block-image size-large\"><a href=\"https:\/\/pjcanindeyu.gov.py\/wp-content\/uploads\/2024\/07\/Reunion-2.jpeg\"><img loading=\"lazy\" decoding=\"async\" width=\"1024\" height=\"768\" data-id=\"3806\" src=\"https:\/\/pjcanindeyu.gov.py\/wp-content\/uploads\/2024\/07\/Reunion-2-1024x768.jpeg\" alt=\"\" class=\"wp-image-3806\" srcset=\"https:\/\/pjcanindeyu.gov.py\/wp-content\/uploads\/2024\/07\/Reunion-2-1024x768.jpeg 1024w, https:\/\/pjcanindeyu.gov.py\/wp-content\/uploads\/2024\/07\/Reunion-2-300x225.jpeg 300w, https:\/\/pjcanindeyu.gov.py\/wp-content\/uploads\/2024\/07\/Reunion-2-768x576.jpeg 768w, https:\/\/pjcanindeyu.gov.py\/wp-content\/uploads\/2024\/07\/Reunion-2-1536x1152.jpeg 1536w, https:\/\/pjcanindeyu.gov.py\/wp-content\/uploads\/2024\/07\/Reunion-2.jpeg 1600w\" sizes=\"auto, (max-width: 1024px) 100vw, 1024px\" \/><\/a><\/figure>\n\n\n\n<figure class=\"wp-block-image size-large\"><a href=\"https:\/\/pjcanindeyu.gov.py\/wp-content\/uploads\/2024\/07\/Reunion-3.jpeg\"><img loading=\"lazy\" decoding=\"async\" width=\"1024\" height=\"461\" data-id=\"3805\" src=\"https:\/\/pjcanindeyu.gov.py\/wp-content\/uploads\/2024\/07\/Reunion-3-1024x461.jpeg\" alt=\"\" class=\"wp-image-3805\" srcset=\"https:\/\/pjcanindeyu.gov.py\/wp-content\/uploads\/2024\/07\/Reunion-3-1024x461.jpeg 1024w, https:\/\/pjcanindeyu.gov.py\/wp-content\/uploads\/2024\/07\/Reunion-3-300x135.jpeg 300w, https:\/\/pjcanindeyu.gov.py\/wp-content\/uploads\/2024\/07\/Reunion-3-768x346.jpeg 768w, https:\/\/pjcanindeyu.gov.py\/wp-content\/uploads\/2024\/07\/Reunion-3-1536x691.jpeg 1536w, https:\/\/pjcanindeyu.gov.py\/wp-content\/uploads\/2024\/07\/Reunion-3.jpeg 1600w\" sizes=\"auto, (max-width: 1024px) 100vw, 1024px\" \/><\/a><\/figure>\n\n\n\n<figure class=\"wp-block-image size-large\"><a href=\"https:\/\/pjcanindeyu.gov.py\/wp-content\/uploads\/2024\/07\/Reunion-5.jpeg\"><img loading=\"lazy\" decoding=\"async\" width=\"1024\" height=\"461\" data-id=\"3803\" src=\"https:\/\/pjcanindeyu.gov.py\/wp-content\/uploads\/2024\/07\/Reunion-5-1024x461.jpeg\" alt=\"\" class=\"wp-image-3803\" srcset=\"https:\/\/pjcanindeyu.gov.py\/wp-content\/uploads\/2024\/07\/Reunion-5-1024x461.jpeg 1024w, https:\/\/pjcanindeyu.gov.py\/wp-content\/uploads\/2024\/07\/Reunion-5-300x135.jpeg 300w, https:\/\/pjcanindeyu.gov.py\/wp-content\/uploads\/2024\/07\/Reunion-5-768x346.jpeg 768w, https:\/\/pjcanindeyu.gov.py\/wp-content\/uploads\/2024\/07\/Reunion-5-1536x691.jpeg 1536w, https:\/\/pjcanindeyu.gov.py\/wp-content\/uploads\/2024\/07\/Reunion-5.jpeg 1600w\" sizes=\"auto, (max-width: 1024px) 100vw, 1024px\" \/><\/a><\/figure>\n\n\n\n<figure class=\"wp-block-image size-large\"><a href=\"https:\/\/pjcanindeyu.gov.py\/wp-content\/uploads\/2024\/07\/Reunion-4.jpeg\"><img loading=\"lazy\" decoding=\"async\" width=\"1024\" height=\"768\" data-id=\"3804\" src=\"https:\/\/pjcanindeyu.gov.py\/wp-content\/uploads\/2024\/07\/Reunion-4-1024x768.jpeg\" alt=\"\" class=\"wp-image-3804\" srcset=\"https:\/\/pjcanindeyu.gov.py\/wp-content\/uploads\/2024\/07\/Reunion-4-1024x768.jpeg 1024w, https:\/\/pjcanindeyu.gov.py\/wp-content\/uploads\/2024\/07\/Reunion-4-300x225.jpeg 300w, https:\/\/pjcanindeyu.gov.py\/wp-content\/uploads\/2024\/07\/Reunion-4-768x576.jpeg 768w, https:\/\/pjcanindeyu.gov.py\/wp-content\/uploads\/2024\/07\/Reunion-4-1536x1152.jpeg 1536w, https:\/\/pjcanindeyu.gov.py\/wp-content\/uploads\/2024\/07\/Reunion-4.jpeg 1600w\" sizes=\"auto, (max-width: 1024px) 100vw, 1024px\" \/><\/a><\/figure>\n<\/figure>\n","protected":false},"excerpt":{"rendered":"<p>Los miembros del Consejo de Administraci\u00f3n de la Circunscripci\u00f3n Judicial de Canindey\u00fa, Abg. Gustavo H. Br\u00edtez (Presidente), Abg. Carlos Dom\u00ednguez y Edith Mart\u00ednez, (Miembros) se reunieron con los Magistrados y Actuarios Judiciales de la Circunscripci\u00f3n. La reuni\u00f3n de trabajo tuvo como objetivo analizar las debilidades y fortalezas en la prestaci\u00f3n [&hellip;]<\/p>\n","protected":false},"author":1,"featured_media":3804,"comment_status":"open","ping_status":"closed","sticky":false,"template":"","format":"standard","meta":{"footnotes":""},"categories":[2],"tags":[],"class_list":["post-3801","post","type-post","status-publish","format-standard","has-post-thumbnail","hentry","category-notas"],"_links":{"self":[{"href":"https:\/\/pjcanindeyu.gov.py\/index.php?rest_route=\/wp\/v2\/posts\/3801","targetHints":{"allow":["GET"]}}],"collection":[{"href":"https:\/\/pjcanindeyu.gov.py\/index.php?rest_route=\/wp\/v2\/posts"}],"about":[{"href":"https:\/\/pjcanindeyu.gov.py\/index.php?rest_route=\/wp\/v2\/types\/post"}],"author":[{"embeddable":true,"href":"https:\/\/pjcanindeyu.gov.py\/index.php?rest_route=\/wp\/v2\/users\/1"}],"replies":[{"embeddable":true,"href":"https:\/\/pjcanindeyu.gov.py\/index.php?rest_route=%2Fwp%2Fv2%2Fcomments&post=3801"}],"version-history":[{"count":1,"href":"https:\/\/pjcanindeyu.gov.py\/index.php?rest_route=\/wp\/v2\/posts\/3801\/revisions"}],"predecessor-version":[{"id":3807,"href":"https:\/\/pjcanindeyu.gov.py\/index.php?rest_route=\/wp\/v2\/posts\/3801\/revisions\/3807"}],"wp:featuredmedia":[{"embeddable":true,"href":"https:\/\/pjcanindeyu.gov.py\/index.php?rest_route=\/wp\/v2\/media\/3804"}],"wp:attachment":[{"href":"https:\/\/pjcanindeyu.gov.py\/index.php?rest_route=%2Fwp%2Fv2%2Fmedia&parent=3801"}],"wp:term":[{"taxonomy":"category","embeddable":true,"href":"https:\/\/pjcanindeyu.gov.py\/index.php?rest_route=%2Fwp%2Fv2%2Fcategories&post=3801"},{"taxonomy":"post_tag","embeddable":true,"href":"https:\/\/pjcanindeyu.gov.py\/index.php?rest_route=%2Fwp%2Fv2%2Ftags&post=3801"}],"curies":[{"name":"wp","href":"https:\/\/api.w.org\/{rel}","templated":true}]}}