
{"id":3810,"date":"2024-07-24T12:10:33","date_gmt":"2024-07-24T16:10:33","guid":{"rendered":"https:\/\/pjcanindeyu.gov.py\/?p=3810"},"modified":"2024-07-25T12:33:22","modified_gmt":"2024-07-25T16:33:22","slug":"taller-sobre-gestion-legal-ambiental-corte-suprema-de-justicia-itaipu-binacional","status":"publish","type":"post","link":"https:\/\/pjcanindeyu.gov.py\/?p=3810","title":{"rendered":"Taller sobre gesti\u00f3n legal ambiental &#8211; Corte Suprema de Justicia &#8211; Itaip\u00fa Binacional"},"content":{"rendered":"\n<p>En la fecha, se dio inicio al curso taller de expertos sobre mecanismos de gesti\u00f3n legal ambiental para la valoraci\u00f3n del da\u00f1o, medidas de compensaci\u00f3n y reparaci\u00f3n ambiental. La apertura de esta actividad estuvo a cargo del presidente del Consejo de Administraci\u00f3n de Canindey\u00fa, Abg. Gustavo Hern\u00e1n Br\u00edtez quien celebr\u00f3 esta iniciativa que promueve la modernizaci\u00f3n conceptual, procesal, operacional de todos los actores que toman parte, en la judicializaci\u00f3n de estos hechos.<\/p>\n\n\n\n<figure class=\"wp-block-gallery has-nested-images columns-default is-cropped galeria wp-block-gallery-1 is-layout-flex wp-block-gallery-is-layout-flex\">\n<figure class=\"wp-block-image size-large\"><a href=\"https:\/\/pjcanindeyu.gov.py\/wp-content\/uploads\/2024\/07\/Taller-1-scaled.jpeg\"><img loading=\"lazy\" decoding=\"async\" width=\"1024\" height=\"588\" data-id=\"3811\" src=\"https:\/\/pjcanindeyu.gov.py\/wp-content\/uploads\/2024\/07\/Taller-1-1024x588.jpeg\" alt=\"\" class=\"wp-image-3811\" srcset=\"https:\/\/pjcanindeyu.gov.py\/wp-content\/uploads\/2024\/07\/Taller-1-1024x588.jpeg 1024w, https:\/\/pjcanindeyu.gov.py\/wp-content\/uploads\/2024\/07\/Taller-1-300x172.jpeg 300w, https:\/\/pjcanindeyu.gov.py\/wp-content\/uploads\/2024\/07\/Taller-1-768x441.jpeg 768w, https:\/\/pjcanindeyu.gov.py\/wp-content\/uploads\/2024\/07\/Taller-1-1536x882.jpeg 1536w, https:\/\/pjcanindeyu.gov.py\/wp-content\/uploads\/2024\/07\/Taller-1-2048x1176.jpeg 2048w\" sizes=\"auto, (max-width: 1024px) 100vw, 1024px\" \/><\/a><\/figure>\n\n\n\n<figure class=\"wp-block-image size-large\"><a href=\"https:\/\/pjcanindeyu.gov.py\/wp-content\/uploads\/2024\/07\/Taller-2.1-scaled.jpeg\"><img loading=\"lazy\" decoding=\"async\" width=\"1024\" height=\"664\" data-id=\"3813\" src=\"https:\/\/pjcanindeyu.gov.py\/wp-content\/uploads\/2024\/07\/Taller-2.1-1024x664.jpeg\" alt=\"\" class=\"wp-image-3813\" srcset=\"https:\/\/pjcanindeyu.gov.py\/wp-content\/uploads\/2024\/07\/Taller-2.1-1024x664.jpeg 1024w, https:\/\/pjcanindeyu.gov.py\/wp-content\/uploads\/2024\/07\/Taller-2.1-300x194.jpeg 300w, https:\/\/pjcanindeyu.gov.py\/wp-content\/uploads\/2024\/07\/Taller-2.1-768x498.jpeg 768w, https:\/\/pjcanindeyu.gov.py\/wp-content\/uploads\/2024\/07\/Taller-2.1-1536x995.jpeg 1536w, https:\/\/pjcanindeyu.gov.py\/wp-content\/uploads\/2024\/07\/Taller-2.1-2048x1327.jpeg 2048w\" sizes=\"auto, (max-width: 1024px) 100vw, 1024px\" \/><\/a><\/figure>\n\n\n\n<figure class=\"wp-block-image size-large\"><a href=\"https:\/\/pjcanindeyu.gov.py\/wp-content\/uploads\/2024\/07\/Taller-2.jpeg\"><img loading=\"lazy\" decoding=\"async\" width=\"1024\" height=\"738\" data-id=\"3812\" src=\"https:\/\/pjcanindeyu.gov.py\/wp-content\/uploads\/2024\/07\/Taller-2-1024x738.jpeg\" alt=\"\" class=\"wp-image-3812\" srcset=\"https:\/\/pjcanindeyu.gov.py\/wp-content\/uploads\/2024\/07\/Taller-2-1024x738.jpeg 1024w, https:\/\/pjcanindeyu.gov.py\/wp-content\/uploads\/2024\/07\/Taller-2-300x216.jpeg 300w, https:\/\/pjcanindeyu.gov.py\/wp-content\/uploads\/2024\/07\/Taller-2-768x553.jpeg 768w, https:\/\/pjcanindeyu.gov.py\/wp-content\/uploads\/2024\/07\/Taller-2-1536x1107.jpeg 1536w, https:\/\/pjcanindeyu.gov.py\/wp-content\/uploads\/2024\/07\/Taller-2.jpeg 1600w\" sizes=\"auto, (max-width: 1024px) 100vw, 1024px\" \/><\/a><\/figure>\n\n\n\n<figure class=\"wp-block-image size-large\"><a href=\"https:\/\/pjcanindeyu.gov.py\/wp-content\/uploads\/2024\/07\/Taller-3-scaled.jpeg\"><img loading=\"lazy\" decoding=\"async\" width=\"1024\" height=\"527\" data-id=\"3818\" src=\"https:\/\/pjcanindeyu.gov.py\/wp-content\/uploads\/2024\/07\/Taller-3-1024x527.jpeg\" alt=\"\" class=\"wp-image-3818\" srcset=\"https:\/\/pjcanindeyu.gov.py\/wp-content\/uploads\/2024\/07\/Taller-3-1024x527.jpeg 1024w, https:\/\/pjcanindeyu.gov.py\/wp-content\/uploads\/2024\/07\/Taller-3-300x154.jpeg 300w, https:\/\/pjcanindeyu.gov.py\/wp-content\/uploads\/2024\/07\/Taller-3-768x395.jpeg 768w, https:\/\/pjcanindeyu.gov.py\/wp-content\/uploads\/2024\/07\/Taller-3-1536x791.jpeg 1536w, https:\/\/pjcanindeyu.gov.py\/wp-content\/uploads\/2024\/07\/Taller-3-2048x1055.jpeg 2048w\" sizes=\"auto, (max-width: 1024px) 100vw, 1024px\" \/><\/a><\/figure>\n\n\n\n<figure class=\"wp-block-image size-large\"><a href=\"https:\/\/pjcanindeyu.gov.py\/wp-content\/uploads\/2024\/07\/Taller-8.jpeg\"><img loading=\"lazy\" decoding=\"async\" width=\"1024\" height=\"666\" data-id=\"3814\" src=\"https:\/\/pjcanindeyu.gov.py\/wp-content\/uploads\/2024\/07\/Taller-8-1024x666.jpeg\" alt=\"\" class=\"wp-image-3814\" srcset=\"https:\/\/pjcanindeyu.gov.py\/wp-content\/uploads\/2024\/07\/Taller-8-1024x666.jpeg 1024w, https:\/\/pjcanindeyu.gov.py\/wp-content\/uploads\/2024\/07\/Taller-8-300x195.jpeg 300w, https:\/\/pjcanindeyu.gov.py\/wp-content\/uploads\/2024\/07\/Taller-8-768x499.jpeg 768w, https:\/\/pjcanindeyu.gov.py\/wp-content\/uploads\/2024\/07\/Taller-8-1536x998.jpeg 1536w, https:\/\/pjcanindeyu.gov.py\/wp-content\/uploads\/2024\/07\/Taller-8.jpeg 1600w\" sizes=\"auto, (max-width: 1024px) 100vw, 1024px\" \/><\/a><\/figure>\n\n\n\n<figure class=\"wp-block-image size-large\"><a href=\"https:\/\/pjcanindeyu.gov.py\/wp-content\/uploads\/2024\/07\/Taller-4-scaled.jpeg\"><img loading=\"lazy\" decoding=\"async\" width=\"1024\" height=\"461\" data-id=\"3815\" src=\"https:\/\/pjcanindeyu.gov.py\/wp-content\/uploads\/2024\/07\/Taller-4-1024x461.jpeg\" alt=\"\" class=\"wp-image-3815\" srcset=\"https:\/\/pjcanindeyu.gov.py\/wp-content\/uploads\/2024\/07\/Taller-4-1024x461.jpeg 1024w, https:\/\/pjcanindeyu.gov.py\/wp-content\/uploads\/2024\/07\/Taller-4-300x135.jpeg 300w, https:\/\/pjcanindeyu.gov.py\/wp-content\/uploads\/2024\/07\/Taller-4-768x346.jpeg 768w, https:\/\/pjcanindeyu.gov.py\/wp-content\/uploads\/2024\/07\/Taller-4-1536x692.jpeg 1536w, https:\/\/pjcanindeyu.gov.py\/wp-content\/uploads\/2024\/07\/Taller-4-2048x922.jpeg 2048w\" sizes=\"auto, (max-width: 1024px) 100vw, 1024px\" \/><\/a><\/figure>\n\n\n\n<figure class=\"wp-block-image size-large\"><a href=\"https:\/\/pjcanindeyu.gov.py\/wp-content\/uploads\/2024\/07\/Taller-5-scaled.jpeg\"><img loading=\"lazy\" decoding=\"async\" width=\"1024\" height=\"480\" data-id=\"3816\" src=\"https:\/\/pjcanindeyu.gov.py\/wp-content\/uploads\/2024\/07\/Taller-5-1024x480.jpeg\" alt=\"\" class=\"wp-image-3816\" srcset=\"https:\/\/pjcanindeyu.gov.py\/wp-content\/uploads\/2024\/07\/Taller-5-1024x480.jpeg 1024w, https:\/\/pjcanindeyu.gov.py\/wp-content\/uploads\/2024\/07\/Taller-5-300x141.jpeg 300w, https:\/\/pjcanindeyu.gov.py\/wp-content\/uploads\/2024\/07\/Taller-5-768x360.jpeg 768w, https:\/\/pjcanindeyu.gov.py\/wp-content\/uploads\/2024\/07\/Taller-5-1536x720.jpeg 1536w, https:\/\/pjcanindeyu.gov.py\/wp-content\/uploads\/2024\/07\/Taller-5-2048x960.jpeg 2048w\" sizes=\"auto, (max-width: 1024px) 100vw, 1024px\" \/><\/a><\/figure>\n\n\n\n<figure class=\"wp-block-image size-large\"><a href=\"https:\/\/pjcanindeyu.gov.py\/wp-content\/uploads\/2024\/07\/Taller-6-scaled.jpeg\"><img loading=\"lazy\" decoding=\"async\" width=\"1024\" height=\"461\" data-id=\"3817\" src=\"https:\/\/pjcanindeyu.gov.py\/wp-content\/uploads\/2024\/07\/Taller-6-1024x461.jpeg\" alt=\"\" class=\"wp-image-3817\" srcset=\"https:\/\/pjcanindeyu.gov.py\/wp-content\/uploads\/2024\/07\/Taller-6-1024x461.jpeg 1024w, https:\/\/pjcanindeyu.gov.py\/wp-content\/uploads\/2024\/07\/Taller-6-300x135.jpeg 300w, https:\/\/pjcanindeyu.gov.py\/wp-content\/uploads\/2024\/07\/Taller-6-768x346.jpeg 768w, https:\/\/pjcanindeyu.gov.py\/wp-content\/uploads\/2024\/07\/Taller-6-1536x692.jpeg 1536w, https:\/\/pjcanindeyu.gov.py\/wp-content\/uploads\/2024\/07\/Taller-6-2048x922.jpeg 2048w\" sizes=\"auto, (max-width: 1024px) 100vw, 1024px\" \/><\/a><\/figure>\n\n\n\n<figure class=\"wp-block-image size-large\"><a href=\"https:\/\/pjcanindeyu.gov.py\/wp-content\/uploads\/2024\/07\/Taller-7-scaled.jpeg\"><img loading=\"lazy\" decoding=\"async\" width=\"1024\" height=\"461\" data-id=\"3819\" src=\"https:\/\/pjcanindeyu.gov.py\/wp-content\/uploads\/2024\/07\/Taller-7-1024x461.jpeg\" alt=\"\" class=\"wp-image-3819\" srcset=\"https:\/\/pjcanindeyu.gov.py\/wp-content\/uploads\/2024\/07\/Taller-7-1024x461.jpeg 1024w, https:\/\/pjcanindeyu.gov.py\/wp-content\/uploads\/2024\/07\/Taller-7-300x135.jpeg 300w, https:\/\/pjcanindeyu.gov.py\/wp-content\/uploads\/2024\/07\/Taller-7-768x346.jpeg 768w, https:\/\/pjcanindeyu.gov.py\/wp-content\/uploads\/2024\/07\/Taller-7-1536x692.jpeg 1536w, https:\/\/pjcanindeyu.gov.py\/wp-content\/uploads\/2024\/07\/Taller-7-2048x922.jpeg 2048w\" sizes=\"auto, (max-width: 1024px) 100vw, 1024px\" \/><\/a><\/figure>\n<\/figure>\n\n\n\n<p>El curso taller est\u00e1 dirigido a magistrados judiciales, agentes fiscales, defensores p\u00fablicos auxiliares de justicia, miembros de las fuerzas p\u00fablicas, funcionarios de instituciones p\u00fablicas vinculadas a la gesti\u00f3n ambiental y la sociedad en general. Tiene como objeto brindar conocimientos orientados a procedimientos sobre denuncias administrativas y penales; as\u00ed como desarrollar m\u00e9todos de valoraci\u00f3n de da\u00f1os ambientales que permitan determinar las medidas de compensaci\u00f3n y recompensaci\u00f3n por el da\u00f1o ambiental ocasionado.<\/p>\n\n\n\n<p>La capacitaci\u00f3n se lleva a cabo en sede del Sal\u00f3n Municipal de Saltos del Guair\u00e1, y prosigue este jueves 25 de julio. Es llevada adelante por la Direcci\u00f3n de Derecho Ambiental de la CSJ, en coordinaci\u00f3n con Itaip\u00fa Binacional. Desde el Poder Judicial, asisten al curso, magistrados miembros de tribunales, de Juzgados de Primera Instancia y de Juzgados de Paz de las distintas localidades.<\/p>\n","protected":false},"excerpt":{"rendered":"<p>En la fecha, se dio inicio al curso taller de expertos sobre mecanismos de gesti\u00f3n legal ambiental para la valoraci\u00f3n del da\u00f1o, medidas de compensaci\u00f3n y reparaci\u00f3n ambiental. La apertura de esta actividad estuvo a cargo del presidente del Consejo de Administraci\u00f3n de Canindey\u00fa, Abg. Gustavo Hern\u00e1n Br\u00edtez quien celebr\u00f3 [&hellip;]<\/p>\n","protected":false},"author":1,"featured_media":3816,"comment_status":"open","ping_status":"closed","sticky":false,"template":"","format":"standard","meta":{"footnotes":""},"categories":[2],"tags":[],"class_list":["post-3810","post","type-post","status-publish","format-standard","has-post-thumbnail","hentry","category-notas"],"_links":{"self":[{"href":"https:\/\/pjcanindeyu.gov.py\/index.php?rest_route=\/wp\/v2\/posts\/3810","targetHints":{"allow":["GET"]}}],"collection":[{"href":"https:\/\/pjcanindeyu.gov.py\/index.php?rest_route=\/wp\/v2\/posts"}],"about":[{"href":"https:\/\/pjcanindeyu.gov.py\/index.php?rest_route=\/wp\/v2\/types\/post"}],"author":[{"embeddable":true,"href":"https:\/\/pjcanindeyu.gov.py\/index.php?rest_route=\/wp\/v2\/users\/1"}],"replies":[{"embeddable":true,"href":"https:\/\/pjcanindeyu.gov.py\/index.php?rest_route=%2Fwp%2Fv2%2Fcomments&post=3810"}],"version-history":[{"count":1,"href":"https:\/\/pjcanindeyu.gov.py\/index.php?rest_route=\/wp\/v2\/posts\/3810\/revisions"}],"predecessor-version":[{"id":3820,"href":"https:\/\/pjcanindeyu.gov.py\/index.php?rest_route=\/wp\/v2\/posts\/3810\/revisions\/3820"}],"wp:featuredmedia":[{"embeddable":true,"href":"https:\/\/pjcanindeyu.gov.py\/index.php?rest_route=\/wp\/v2\/media\/3816"}],"wp:attachment":[{"href":"https:\/\/pjcanindeyu.gov.py\/index.php?rest_route=%2Fwp%2Fv2%2Fmedia&parent=3810"}],"wp:term":[{"taxonomy":"category","embeddable":true,"href":"https:\/\/pjcanindeyu.gov.py\/index.php?rest_route=%2Fwp%2Fv2%2Fcategories&post=3810"},{"taxonomy":"post_tag","embeddable":true,"href":"https:\/\/pjcanindeyu.gov.py\/index.php?rest_route=%2Fwp%2Fv2%2Ftags&post=3810"}],"curies":[{"name":"wp","href":"https:\/\/api.w.org\/{rel}","templated":true}]}}