
{"id":3821,"date":"2024-07-26T11:25:15","date_gmt":"2024-07-26T15:25:15","guid":{"rendered":"https:\/\/pjcanindeyu.gov.py\/?p=3821"},"modified":"2024-07-26T11:25:15","modified_gmt":"2024-07-26T15:25:15","slug":"fortalecimiento-del-fuero-de-la-ninez-y-la-adolescencia","status":"publish","type":"post","link":"https:\/\/pjcanindeyu.gov.py\/?p=3821","title":{"rendered":"Fortalecimiento del fuero de la Ni\u00f1ez y la Adolescencia"},"content":{"rendered":"\n<p>En el marco de un plan de acci\u00f3n institucional delineado y autorizado por la&nbsp; Ministra Superintendente, Dra. Carolina Llanes, tendiente al fortalecimiento del desempe\u00f1o del fuero especializado de la ni\u00f1ez y la adolescencia, y penal adolescente en la Circunscripci\u00f3n, en la jornada se lleva adelante un taller de actualizaci\u00f3n normativa y de buenas pr\u00e1cticas. La jornada tiene como objetivo capacitar a los operadores del sistema, intercambiar experiencias y unificar criterios de actuaci\u00f3n de los Jueces de la Ni\u00f1ez, Actuarios Judiciales y miembros de los equipos multidisciplinarios del fuero de Ni\u00f1ez y la Adolescencia.<\/p>\n\n\n\n<figure class=\"wp-block-gallery has-nested-images columns-4 is-cropped galeria wp-block-gallery-1 is-layout-flex wp-block-gallery-is-layout-flex\">\n<figure class=\"wp-block-image size-large\"><a href=\"https:\/\/pjcanindeyu.gov.py\/wp-content\/uploads\/2024\/07\/Taller-1-1-scaled.jpeg\"><img loading=\"lazy\" decoding=\"async\" width=\"1024\" height=\"549\" data-id=\"3822\" src=\"https:\/\/pjcanindeyu.gov.py\/wp-content\/uploads\/2024\/07\/Taller-1-1-1024x549.jpeg\" alt=\"\" class=\"wp-image-3822\" srcset=\"https:\/\/pjcanindeyu.gov.py\/wp-content\/uploads\/2024\/07\/Taller-1-1-1024x549.jpeg 1024w, https:\/\/pjcanindeyu.gov.py\/wp-content\/uploads\/2024\/07\/Taller-1-1-300x161.jpeg 300w, https:\/\/pjcanindeyu.gov.py\/wp-content\/uploads\/2024\/07\/Taller-1-1-768x412.jpeg 768w, https:\/\/pjcanindeyu.gov.py\/wp-content\/uploads\/2024\/07\/Taller-1-1-1536x824.jpeg 1536w, https:\/\/pjcanindeyu.gov.py\/wp-content\/uploads\/2024\/07\/Taller-1-1-2048x1098.jpeg 2048w\" sizes=\"auto, (max-width: 1024px) 100vw, 1024px\" \/><\/a><\/figure>\n\n\n\n<figure class=\"wp-block-image size-large\"><a href=\"https:\/\/pjcanindeyu.gov.py\/wp-content\/uploads\/2024\/07\/Taller-2-1-scaled.jpeg\"><img loading=\"lazy\" decoding=\"async\" width=\"1024\" height=\"614\" data-id=\"3823\" src=\"https:\/\/pjcanindeyu.gov.py\/wp-content\/uploads\/2024\/07\/Taller-2-1-1024x614.jpeg\" alt=\"\" class=\"wp-image-3823\" srcset=\"https:\/\/pjcanindeyu.gov.py\/wp-content\/uploads\/2024\/07\/Taller-2-1-1024x614.jpeg 1024w, https:\/\/pjcanindeyu.gov.py\/wp-content\/uploads\/2024\/07\/Taller-2-1-300x180.jpeg 300w, https:\/\/pjcanindeyu.gov.py\/wp-content\/uploads\/2024\/07\/Taller-2-1-768x461.jpeg 768w, https:\/\/pjcanindeyu.gov.py\/wp-content\/uploads\/2024\/07\/Taller-2-1-1536x921.jpeg 1536w, https:\/\/pjcanindeyu.gov.py\/wp-content\/uploads\/2024\/07\/Taller-2-1-2048x1228.jpeg 2048w\" sizes=\"auto, (max-width: 1024px) 100vw, 1024px\" \/><\/a><\/figure>\n\n\n\n<figure class=\"wp-block-image size-large\"><a href=\"https:\/\/pjcanindeyu.gov.py\/wp-content\/uploads\/2024\/07\/Taller-3-1-scaled.jpeg\"><img loading=\"lazy\" decoding=\"async\" width=\"1024\" height=\"573\" data-id=\"3824\" src=\"https:\/\/pjcanindeyu.gov.py\/wp-content\/uploads\/2024\/07\/Taller-3-1-1024x573.jpeg\" alt=\"\" class=\"wp-image-3824\" srcset=\"https:\/\/pjcanindeyu.gov.py\/wp-content\/uploads\/2024\/07\/Taller-3-1-1024x573.jpeg 1024w, https:\/\/pjcanindeyu.gov.py\/wp-content\/uploads\/2024\/07\/Taller-3-1-300x168.jpeg 300w, https:\/\/pjcanindeyu.gov.py\/wp-content\/uploads\/2024\/07\/Taller-3-1-768x430.jpeg 768w, https:\/\/pjcanindeyu.gov.py\/wp-content\/uploads\/2024\/07\/Taller-3-1-1536x859.jpeg 1536w, https:\/\/pjcanindeyu.gov.py\/wp-content\/uploads\/2024\/07\/Taller-3-1-2048x1146.jpeg 2048w\" sizes=\"auto, (max-width: 1024px) 100vw, 1024px\" \/><\/a><\/figure>\n\n\n\n<figure class=\"wp-block-image size-large\"><a href=\"https:\/\/pjcanindeyu.gov.py\/wp-content\/uploads\/2024\/07\/Taller-4-1-scaled.jpeg\"><img loading=\"lazy\" decoding=\"async\" width=\"1024\" height=\"620\" data-id=\"3826\" src=\"https:\/\/pjcanindeyu.gov.py\/wp-content\/uploads\/2024\/07\/Taller-4-1-1024x620.jpeg\" alt=\"\" class=\"wp-image-3826\" srcset=\"https:\/\/pjcanindeyu.gov.py\/wp-content\/uploads\/2024\/07\/Taller-4-1-1024x620.jpeg 1024w, https:\/\/pjcanindeyu.gov.py\/wp-content\/uploads\/2024\/07\/Taller-4-1-300x182.jpeg 300w, https:\/\/pjcanindeyu.gov.py\/wp-content\/uploads\/2024\/07\/Taller-4-1-768x465.jpeg 768w, https:\/\/pjcanindeyu.gov.py\/wp-content\/uploads\/2024\/07\/Taller-4-1-1536x930.jpeg 1536w, https:\/\/pjcanindeyu.gov.py\/wp-content\/uploads\/2024\/07\/Taller-4-1-2048x1241.jpeg 2048w\" sizes=\"auto, (max-width: 1024px) 100vw, 1024px\" \/><\/a><\/figure>\n\n\n\n<figure class=\"wp-block-image size-large\"><a href=\"https:\/\/pjcanindeyu.gov.py\/wp-content\/uploads\/2024\/07\/Taller-5-1-scaled.jpeg\"><img loading=\"lazy\" decoding=\"async\" width=\"1024\" height=\"575\" data-id=\"3825\" src=\"https:\/\/pjcanindeyu.gov.py\/wp-content\/uploads\/2024\/07\/Taller-5-1-1024x575.jpeg\" alt=\"\" class=\"wp-image-3825\" srcset=\"https:\/\/pjcanindeyu.gov.py\/wp-content\/uploads\/2024\/07\/Taller-5-1-1024x575.jpeg 1024w, https:\/\/pjcanindeyu.gov.py\/wp-content\/uploads\/2024\/07\/Taller-5-1-300x169.jpeg 300w, https:\/\/pjcanindeyu.gov.py\/wp-content\/uploads\/2024\/07\/Taller-5-1-768x431.jpeg 768w, https:\/\/pjcanindeyu.gov.py\/wp-content\/uploads\/2024\/07\/Taller-5-1-1536x863.jpeg 1536w, https:\/\/pjcanindeyu.gov.py\/wp-content\/uploads\/2024\/07\/Taller-5-1-2048x1151.jpeg 2048w, https:\/\/pjcanindeyu.gov.py\/wp-content\/uploads\/2024\/07\/Taller-5-1-1280x720.jpeg 1280w\" sizes=\"auto, (max-width: 1024px) 100vw, 1024px\" \/><\/a><\/figure>\n<\/figure>\n\n\n\n<p>Las palabras de apertura estuvieron a cargo del presidente del Consejo de Administraci\u00f3n, Abg. Gustavo Hern\u00e1n Br\u00edtez, y de la vicepresidenta y Coordinadora del fuero en la Circunscripci\u00f3n, Magistrada, Edith Mart\u00ednez. El presidente, en su turno, celebr\u00f3 la realizaci\u00f3n de la actividad como parte del plan de fortalecimiento del desempe\u00f1o de los Juzgados de la Ni\u00f1ez en la regi\u00f3n, que realizan una labor esencial y de significativa implicancia en la sociedad, en salvaguarda de los derechos de los ni\u00f1os y adolescentes.<\/p>\n\n\n\n<p>El desarrollo del taller se encuentra a cargo de la Lic. Mirta Ram\u00edrez, Asistente Social Forense, la Lic. Erika Fortalage, Psic\u00f3loga Forense y el Abg. Gustavo Samaniego, como t\u00e9cnicos comisionados por la Direcci\u00f3n Forense de la Corte Suprema de Justicia. Participan del taller las Juezas de la Ni\u00f1ez y la Adolescencia de Saltos del Guaira, Katuet\u00e9 y Curuguaty, los actuarios respectivos, los profesionales integrantes de los Equipos T\u00e9cnicos Multidisciplinarios y de las oficinas T\u00e9cnicas Forenses de la Circunscripci\u00f3n. La actividad se realiza en el Palacio de Justicia de Saltos del Guair\u00e1.<\/p>\n\n\n\n<p>Cabe resaltar que la ministra responsable de la Oficina T\u00e9cnica de Apoyo al Fuero de la Ni\u00f1ez y Adolescencia de la Corte Suprema de Justicia es la Dra. Mar\u00eda Carolina Llanes Ocampos, Superintendente de la Circunscripci\u00f3n de Canindey\u00fa.<\/p>\n","protected":false},"excerpt":{"rendered":"<p>En el marco de un plan de acci\u00f3n institucional delineado y autorizado por la&nbsp; Ministra Superintendente, Dra. Carolina Llanes, tendiente al fortalecimiento del desempe\u00f1o del fuero especializado de la ni\u00f1ez y la adolescencia, y penal adolescente en la Circunscripci\u00f3n, en la jornada se lleva adelante un taller de actualizaci\u00f3n normativa [&hellip;]<\/p>\n","protected":false},"author":1,"featured_media":3826,"comment_status":"open","ping_status":"closed","sticky":false,"template":"","format":"standard","meta":{"footnotes":""},"categories":[2],"tags":[],"class_list":["post-3821","post","type-post","status-publish","format-standard","has-post-thumbnail","hentry","category-notas"],"_links":{"self":[{"href":"https:\/\/pjcanindeyu.gov.py\/index.php?rest_route=\/wp\/v2\/posts\/3821","targetHints":{"allow":["GET"]}}],"collection":[{"href":"https:\/\/pjcanindeyu.gov.py\/index.php?rest_route=\/wp\/v2\/posts"}],"about":[{"href":"https:\/\/pjcanindeyu.gov.py\/index.php?rest_route=\/wp\/v2\/types\/post"}],"author":[{"embeddable":true,"href":"https:\/\/pjcanindeyu.gov.py\/index.php?rest_route=\/wp\/v2\/users\/1"}],"replies":[{"embeddable":true,"href":"https:\/\/pjcanindeyu.gov.py\/index.php?rest_route=%2Fwp%2Fv2%2Fcomments&post=3821"}],"version-history":[{"count":1,"href":"https:\/\/pjcanindeyu.gov.py\/index.php?rest_route=\/wp\/v2\/posts\/3821\/revisions"}],"predecessor-version":[{"id":3827,"href":"https:\/\/pjcanindeyu.gov.py\/index.php?rest_route=\/wp\/v2\/posts\/3821\/revisions\/3827"}],"wp:featuredmedia":[{"embeddable":true,"href":"https:\/\/pjcanindeyu.gov.py\/index.php?rest_route=\/wp\/v2\/media\/3826"}],"wp:attachment":[{"href":"https:\/\/pjcanindeyu.gov.py\/index.php?rest_route=%2Fwp%2Fv2%2Fmedia&parent=3821"}],"wp:term":[{"taxonomy":"category","embeddable":true,"href":"https:\/\/pjcanindeyu.gov.py\/index.php?rest_route=%2Fwp%2Fv2%2Fcategories&post=3821"},{"taxonomy":"post_tag","embeddable":true,"href":"https:\/\/pjcanindeyu.gov.py\/index.php?rest_route=%2Fwp%2Fv2%2Ftags&post=3821"}],"curies":[{"name":"wp","href":"https:\/\/api.w.org\/{rel}","templated":true}]}}